{"id":114,"date":"2015-12-07T00:00:00","date_gmt":"2015-12-06T23:00:00","guid":{"rendered":"https:\/\/www.walraven.com\/be-nl\/blog\/2016\/09\/29\/nieuwe-verkoopvestiging-i\/"},"modified":"2018-03-30T16:29:22","modified_gmt":"2018-03-30T14:29:22","slug":"nieuwe-verkoopvestiging-i","status":"publish","type":"post","link":"https:\/\/www.walraven.com\/be-nl\/over-walraven\/nieuws\/nieuwe-verkoopvestiging-i\/","title":{"rendered":"Nieuwe verkoopvestiging in Scandinavi\u00eb"},"content":{"rendered":"<p><img decoding=\"async\" class=\"alignleft\" src=\"https:\/\/www.walraven.com\/wp-content\/uploads\/sites\/16\/2015\/12\/hsgp960l8drtiiy1fr50n2fz8vo3r2k-5sQD5O.jpg\" alt=\"Nieuwe verkoopvestiging in Scandinavi\u00eb\" \/><\/p>\n<p>De Walraven Groep opende op maandag 29 september jl. haar eerste kantoor in Scandinavi\u00eb. Deze verkoopvestiging bevind zich in Malm\u00f6, in het zuiden van Zweden, en dichtbij Denemarken. Vanuit het nieuwe kantoor bedient Walraven Nordic AB klanten in alle Scandinavische landen.<\/p>\n<p>In Malm\u00f6 is een innovatief kantoor met showroom gerealiseerd. De showroom toont niet alleen een overzicht van de nieuwste Walraven innovaties, er worden ook product trainingen gegeven ten behoeve van de groothandels, installateurs en adviseurs binnen de installatiemarkt. Het kantoor wordt bemand door Deense en Zweedse medewerkers.<\/p>\n<p>Vanuit de nieuwe vestiging zijn de Scandinavische Walraven medewerkers dichtbij de markt. Zij hoeven hierdoor minder te reizen, waardoor er meer tijd overblijft om te investeren in (nieuwe) klanten.<\/p>\n<p>Ter ere van de 400-jarige handelsbetrekkingen tussen Nederland en Zweden was de Nederlandse ambassadeur P. de Heer aanwezig tijdens de opening. De familie Van Walraven heeft zich altijd nauw betrokken gevoeld bij de Scandinavische landen wat deze vestiging extra bijzonder maakt voor de familie.<br \/>\n\n<table id=\"tablepress-2\" class=\"tablepress tablepress-id-2\">\n<thead>\n<tr class=\"row-1\">\n\t<th class=\"column-1\"><img loading=\"lazy\" decoding=\"async\" src=\"https:\/\/www.walraven.com\/wp-content\/uploads\/sites\/16\/2015\/12\/mptttckxqkajqqgnhz4s6o3u9k8ayk-M7GwQf.jpg\" alt=\"Nieuwe verkoopvestiging in Scandinavi\u00eb\" width=\"200\" height=\"200\" class=\"alignnone size-full wp-image-435\" srcset=\"https:\/\/www.walraven.com\/be-nl\/wp-content\/uploads\/sites\/16\/2015\/12\/mptttckxqkajqqgnhz4s6o3u9k8ayk-M7GwQf.jpg 200w, https:\/\/www.walraven.com\/be-nl\/wp-content\/uploads\/sites\/16\/2015\/12\/mptttckxqkajqqgnhz4s6o3u9k8ayk-M7GwQf-150x150.jpg 150w, https:\/\/www.walraven.com\/be-nl\/wp-content\/uploads\/sites\/16\/2015\/12\/mptttckxqkajqqgnhz4s6o3u9k8ayk-M7GwQf-60x60.jpg 60w\" sizes=\"auto, (max-width: 200px) 100vw, 200px\" \/><\/th><th class=\"column-2\"><img loading=\"lazy\" decoding=\"async\" src=\"https:\/\/www.walraven.com\/wp-content\/uploads\/sites\/16\/2015\/12\/hsgp960l8drtiiy1fr50n2fz8vo3r2k-5sQD5O.jpg\" alt=\"Nieuwe verkoopvestiging in Scandinavi\u00eb\" width=\"200\" height=\"200\" class=\"alignnone size-full wp-image-434\" srcset=\"https:\/\/www.walraven.com\/be-nl\/wp-content\/uploads\/sites\/16\/2015\/12\/hsgp960l8drtiiy1fr50n2fz8vo3r2k-5sQD5O.jpg 200w, https:\/\/www.walraven.com\/be-nl\/wp-content\/uploads\/sites\/16\/2015\/12\/hsgp960l8drtiiy1fr50n2fz8vo3r2k-5sQD5O-150x150.jpg 150w, https:\/\/www.walraven.com\/be-nl\/wp-content\/uploads\/sites\/16\/2015\/12\/hsgp960l8drtiiy1fr50n2fz8vo3r2k-5sQD5O-60x60.jpg 60w\" sizes=\"auto, (max-width: 200px) 100vw, 200px\" \/><\/th><th class=\"column-3\"><img loading=\"lazy\" decoding=\"async\" src=\"https:\/\/www.walraven.com\/wp-content\/uploads\/sites\/16\/2015\/12\/jab53a1gu5yyfo0p4d9klj3lh0nkgz3-HRyOky.jpg\" alt=\"Nieuwe verkoopvestiging in Scandinavi\u00eb\" width=\"200\" height=\"200\" class=\"alignnone size-full wp-image-437\" srcset=\"https:\/\/www.walraven.com\/be-nl\/wp-content\/uploads\/sites\/16\/2015\/12\/jab53a1gu5yyfo0p4d9klj3lh0nkgz3-HRyOky.jpg 200w, https:\/\/www.walraven.com\/be-nl\/wp-content\/uploads\/sites\/16\/2015\/12\/jab53a1gu5yyfo0p4d9klj3lh0nkgz3-HRyOky-150x150.jpg 150w, https:\/\/www.walraven.com\/be-nl\/wp-content\/uploads\/sites\/16\/2015\/12\/jab53a1gu5yyfo0p4d9klj3lh0nkgz3-HRyOky-60x60.jpg 60w\" sizes=\"auto, (max-width: 200px) 100vw, 200px\" \/><\/th>\n<\/tr>\n<\/thead>\n<tbody class=\"row-striping row-hover\">\n<\/tbody>\n<\/table>\n<!-- #tablepress-2 from cache --><\/p>\n<p>&nbsp;<\/p>\n","protected":false},"excerpt":{"rendered":"<p>De Walraven Groep opende op maandag 29 september jl. haar eerste kantoor in Scandinavi\u00eb. Deze verkoopvestiging bevind zich in Malm\u00f6, in het zuiden van Zweden, en dichtbij Denemarken. Vanuit het nieuwe kantoor bedient Walraven Nordic AB klanten in alle Scandinavische landen. In Malm\u00f6 is een innovatief kantoor met showroom gerealiseerd. De showroom toont niet alleen [&hellip;]<\/p>\n","protected":false},"author":24,"featured_media":434,"comment_status":"closed","ping_status":"open","sticky":false,"template":"","format":"standard","meta":{"_acf_changed":false,"footnotes":""},"categories":[1],"tags":[],"class_list":["post-114","post","type-post","status-publish","format-standard","has-post-thumbnail","hentry","category-geen-categorie"],"acf":[],"yoast_head":"<!-- This site is optimized with the Yoast SEO Premium plugin v27.5 (Yoast SEO v27.5) - https:\/\/yoast.com\/product\/yoast-seo-premium-wordpress\/ -->\n<title>Nieuwe verkoopvestiging in Scandinavi\u00eb - Walraven Belgi\u00eb<\/title>\n<meta name=\"description\" content=\"De Walraven Groep opende op maandag 29 september jl. haar eerste kantoor in Scandinavi\u00eb. Deze verkoo...\" \/>\n<meta name=\"robots\" content=\"index, follow, max-snippet:-1, max-image-preview:large, max-video-preview:-1\" \/>\n<link rel=\"canonical\" href=\"https:\/\/www.walraven.com\/be-nl\/over-walraven\/nieuws\/nieuwe-verkoopvestiging-i\/\" \/>\n<meta property=\"og:locale\" content=\"nl_BE\" \/>\n<meta property=\"og:type\" content=\"article\" \/>\n<meta property=\"og:title\" content=\"Nieuwe verkoopvestiging in Scandinavi\u00eb\" \/>\n<meta property=\"og:description\" content=\"De Walraven Groep opende op maandag 29 september jl. haar eerste kantoor in Scandinavi\u00eb. Deze verkoo...\" \/>\n<meta property=\"og:url\" content=\"https:\/\/www.walraven.com\/be-nl\/over-walraven\/nieuws\/nieuwe-verkoopvestiging-i\/\" \/>\n<meta property=\"og:site_name\" content=\"Walraven Belgi\u00eb\" \/>\n<meta property=\"article:publisher\" content=\"https:\/\/www.facebook.com\/walravenbelgie\" \/>\n<meta property=\"article:published_time\" content=\"2015-12-06T23:00:00+00:00\" \/>\n<meta property=\"article:modified_time\" content=\"2018-03-30T14:29:22+00:00\" \/>\n<meta property=\"og:image\" content=\"https:\/\/www.walraven.com\/be-nl\/wp-content\/uploads\/sites\/16\/2015\/12\/hsgp960l8drtiiy1fr50n2fz8vo3r2k-5sQD5O.jpg\" \/>\n\t<meta property=\"og:image:width\" content=\"200\" \/>\n\t<meta property=\"og:image:height\" content=\"200\" \/>\n\t<meta property=\"og:image:type\" content=\"image\/jpeg\" \/>\n<meta name=\"author\" content=\"hannelore.raepsaet\" \/>\n<meta name=\"twitter:card\" content=\"summary_large_image\" \/>\n<meta name=\"twitter:label1\" content=\"Geschreven door\" \/>\n\t<meta name=\"twitter:data1\" content=\"hannelore.raepsaet\" \/>\n\t<meta name=\"twitter:label2\" content=\"Geschatte leestijd\" \/>\n\t<meta name=\"twitter:data2\" content=\"2 minuten\" \/>\n<script type=\"application\/ld+json\" class=\"yoast-schema-graph\">{\"@context\":\"https:\\\/\\\/schema.org\",\"@graph\":[{\"@type\":\"Article\",\"@id\":\"https:\\\/\\\/www.walraven.com\\\/be-nl\\\/over-walraven\\\/nieuws\\\/nieuwe-verkoopvestiging-i\\\/#article\",\"isPartOf\":{\"@id\":\"https:\\\/\\\/www.walraven.com\\\/be-nl\\\/over-walraven\\\/nieuws\\\/nieuwe-verkoopvestiging-i\\\/\"},\"author\":{\"name\":\"hannelore.raepsaet\",\"@id\":\"https:\\\/\\\/www.walraven.com\\\/be-nl\\\/#\\\/schema\\\/person\\\/5d41d28219c2ae10716bcb7d8a841267\"},\"headline\":\"Nieuwe verkoopvestiging in Scandinavi\u00eb\",\"datePublished\":\"2015-12-06T23:00:00+00:00\",\"dateModified\":\"2018-03-30T14:29:22+00:00\",\"mainEntityOfPage\":{\"@id\":\"https:\\\/\\\/www.walraven.com\\\/be-nl\\\/over-walraven\\\/nieuws\\\/nieuwe-verkoopvestiging-i\\\/\"},\"wordCount\":167,\"publisher\":{\"@id\":\"https:\\\/\\\/www.walraven.com\\\/be-nl\\\/#organization\"},\"image\":{\"@id\":\"https:\\\/\\\/www.walraven.com\\\/be-nl\\\/over-walraven\\\/nieuws\\\/nieuwe-verkoopvestiging-i\\\/#primaryimage\"},\"thumbnailUrl\":\"https:\\\/\\\/www.walraven.com\\\/be-nl\\\/wp-content\\\/uploads\\\/sites\\\/16\\\/2015\\\/12\\\/hsgp960l8drtiiy1fr50n2fz8vo3r2k-5sQD5O.jpg\",\"inLanguage\":\"nl-BE\"},{\"@type\":\"WebPage\",\"@id\":\"https:\\\/\\\/www.walraven.com\\\/be-nl\\\/over-walraven\\\/nieuws\\\/nieuwe-verkoopvestiging-i\\\/\",\"url\":\"https:\\\/\\\/www.walraven.com\\\/be-nl\\\/over-walraven\\\/nieuws\\\/nieuwe-verkoopvestiging-i\\\/\",\"name\":\"Nieuwe verkoopvestiging in Scandinavi\u00eb - Walraven Belgi\u00eb\",\"isPartOf\":{\"@id\":\"https:\\\/\\\/www.walraven.com\\\/be-nl\\\/#website\"},\"primaryImageOfPage\":{\"@id\":\"https:\\\/\\\/www.walraven.com\\\/be-nl\\\/over-walraven\\\/nieuws\\\/nieuwe-verkoopvestiging-i\\\/#primaryimage\"},\"image\":{\"@id\":\"https:\\\/\\\/www.walraven.com\\\/be-nl\\\/over-walraven\\\/nieuws\\\/nieuwe-verkoopvestiging-i\\\/#primaryimage\"},\"thumbnailUrl\":\"https:\\\/\\\/www.walraven.com\\\/be-nl\\\/wp-content\\\/uploads\\\/sites\\\/16\\\/2015\\\/12\\\/hsgp960l8drtiiy1fr50n2fz8vo3r2k-5sQD5O.jpg\",\"datePublished\":\"2015-12-06T23:00:00+00:00\",\"dateModified\":\"2018-03-30T14:29:22+00:00\",\"description\":\"De Walraven Groep opende op maandag 29 september jl. haar eerste kantoor in Scandinavi\u00eb. Deze verkoo...\",\"breadcrumb\":{\"@id\":\"https:\\\/\\\/www.walraven.com\\\/be-nl\\\/over-walraven\\\/nieuws\\\/nieuwe-verkoopvestiging-i\\\/#breadcrumb\"},\"inLanguage\":\"nl-BE\",\"potentialAction\":[{\"@type\":\"ReadAction\",\"target\":[\"https:\\\/\\\/www.walraven.com\\\/be-nl\\\/over-walraven\\\/nieuws\\\/nieuwe-verkoopvestiging-i\\\/\"]}]},{\"@type\":\"ImageObject\",\"inLanguage\":\"nl-BE\",\"@id\":\"https:\\\/\\\/www.walraven.com\\\/be-nl\\\/over-walraven\\\/nieuws\\\/nieuwe-verkoopvestiging-i\\\/#primaryimage\",\"url\":\"https:\\\/\\\/www.walraven.com\\\/be-nl\\\/wp-content\\\/uploads\\\/sites\\\/16\\\/2015\\\/12\\\/hsgp960l8drtiiy1fr50n2fz8vo3r2k-5sQD5O.jpg\",\"contentUrl\":\"https:\\\/\\\/www.walraven.com\\\/be-nl\\\/wp-content\\\/uploads\\\/sites\\\/16\\\/2015\\\/12\\\/hsgp960l8drtiiy1fr50n2fz8vo3r2k-5sQD5O.jpg\",\"width\":200,\"height\":200,\"caption\":\"Nieuwe verkoopvestiging in Scandinavi\u00eb\"},{\"@type\":\"BreadcrumbList\",\"@id\":\"https:\\\/\\\/www.walraven.com\\\/be-nl\\\/over-walraven\\\/nieuws\\\/nieuwe-verkoopvestiging-i\\\/#breadcrumb\",\"itemListElement\":[{\"@type\":\"ListItem\",\"position\":1,\"name\":\"Home\",\"item\":\"https:\\\/\\\/www.walraven.com\\\/be-nl\\\/\"},{\"@type\":\"ListItem\",\"position\":2,\"name\":\"Nieuwe verkoopvestiging in Scandinavi\u00eb\"}]},{\"@type\":\"WebSite\",\"@id\":\"https:\\\/\\\/www.walraven.com\\\/be-nl\\\/#website\",\"url\":\"https:\\\/\\\/www.walraven.com\\\/be-nl\\\/\",\"name\":\"Walraven Belgi\u00eb\",\"description\":\"\",\"publisher\":{\"@id\":\"https:\\\/\\\/www.walraven.com\\\/be-nl\\\/#organization\"},\"potentialAction\":[{\"@type\":\"SearchAction\",\"target\":{\"@type\":\"EntryPoint\",\"urlTemplate\":\"https:\\\/\\\/www.walraven.com\\\/be-nl\\\/?s={search_term_string}\"},\"query-input\":{\"@type\":\"PropertyValueSpecification\",\"valueRequired\":true,\"valueName\":\"search_term_string\"}}],\"inLanguage\":\"nl-BE\"},{\"@type\":\"Organization\",\"@id\":\"https:\\\/\\\/www.walraven.com\\\/be-nl\\\/#organization\",\"name\":\"Walraven BV\",\"alternateName\":\"Walraven BV\",\"url\":\"https:\\\/\\\/www.walraven.com\\\/be-nl\\\/\",\"logo\":{\"@type\":\"ImageObject\",\"inLanguage\":\"nl-BE\",\"@id\":\"https:\\\/\\\/www.walraven.com\\\/be-nl\\\/#\\\/schema\\\/logo\\\/image\\\/\",\"url\":\"https:\\\/\\\/www.walraven.com\\\/be-nl\\\/wp-content\\\/uploads\\\/sites\\\/16\\\/2023\\\/12\\\/Walraven_logo300x300.jpg\",\"contentUrl\":\"https:\\\/\\\/www.walraven.com\\\/be-nl\\\/wp-content\\\/uploads\\\/sites\\\/16\\\/2023\\\/12\\\/Walraven_logo300x300.jpg\",\"width\":300,\"height\":300,\"caption\":\"Walraven BV\"},\"image\":{\"@id\":\"https:\\\/\\\/www.walraven.com\\\/be-nl\\\/#\\\/schema\\\/logo\\\/image\\\/\"},\"sameAs\":[\"https:\\\/\\\/www.facebook.com\\\/walravenbelgie\",\"https:\\\/\\\/www.youtube.com\\\/user\\\/WalravenBENL\",\"https:\\\/\\\/www.linkedin.com\\\/company\\\/walraven-belgi\\\/\"]},{\"@type\":\"Person\",\"@id\":\"https:\\\/\\\/www.walraven.com\\\/be-nl\\\/#\\\/schema\\\/person\\\/5d41d28219c2ae10716bcb7d8a841267\",\"name\":\"hannelore.raepsaet\",\"image\":{\"@type\":\"ImageObject\",\"inLanguage\":\"nl-BE\",\"@id\":\"https:\\\/\\\/secure.gravatar.com\\\/avatar\\\/65d08b790e2e63e4908134c1c39021870084780196e2e7eecd5bb57cc1331e04?s=96&d=mm&r=g\",\"url\":\"https:\\\/\\\/secure.gravatar.com\\\/avatar\\\/65d08b790e2e63e4908134c1c39021870084780196e2e7eecd5bb57cc1331e04?s=96&d=mm&r=g\",\"contentUrl\":\"https:\\\/\\\/secure.gravatar.com\\\/avatar\\\/65d08b790e2e63e4908134c1c39021870084780196e2e7eecd5bb57cc1331e04?s=96&d=mm&r=g\",\"caption\":\"hannelore.raepsaet\"}}]}<\/script>\n<!-- \/ Yoast SEO Premium plugin. -->","yoast_head_json":{"title":"Nieuwe verkoopvestiging in Scandinavi\u00eb - Walraven Belgi\u00eb","description":"De Walraven Groep opende op maandag 29 september jl. haar eerste kantoor in Scandinavi\u00eb. Deze verkoo...","robots":{"index":"index","follow":"follow","max-snippet":"max-snippet:-1","max-image-preview":"max-image-preview:large","max-video-preview":"max-video-preview:-1"},"canonical":"https:\/\/www.walraven.com\/be-nl\/over-walraven\/nieuws\/nieuwe-verkoopvestiging-i\/","og_locale":"nl_BE","og_type":"article","og_title":"Nieuwe verkoopvestiging in Scandinavi\u00eb","og_description":"De Walraven Groep opende op maandag 29 september jl. haar eerste kantoor in Scandinavi\u00eb. Deze verkoo...","og_url":"https:\/\/www.walraven.com\/be-nl\/over-walraven\/nieuws\/nieuwe-verkoopvestiging-i\/","og_site_name":"Walraven Belgi\u00eb","article_publisher":"https:\/\/www.facebook.com\/walravenbelgie","article_published_time":"2015-12-06T23:00:00+00:00","article_modified_time":"2018-03-30T14:29:22+00:00","og_image":[{"width":200,"height":200,"url":"https:\/\/www.walraven.com\/be-nl\/wp-content\/uploads\/sites\/16\/2015\/12\/hsgp960l8drtiiy1fr50n2fz8vo3r2k-5sQD5O.jpg","type":"image\/jpeg"}],"author":"hannelore.raepsaet","twitter_card":"summary_large_image","twitter_misc":{"Geschreven door":"hannelore.raepsaet","Geschatte leestijd":"2 minuten"},"schema":{"@context":"https:\/\/schema.org","@graph":[{"@type":"Article","@id":"https:\/\/www.walraven.com\/be-nl\/over-walraven\/nieuws\/nieuwe-verkoopvestiging-i\/#article","isPartOf":{"@id":"https:\/\/www.walraven.com\/be-nl\/over-walraven\/nieuws\/nieuwe-verkoopvestiging-i\/"},"author":{"name":"hannelore.raepsaet","@id":"https:\/\/www.walraven.com\/be-nl\/#\/schema\/person\/5d41d28219c2ae10716bcb7d8a841267"},"headline":"Nieuwe verkoopvestiging in Scandinavi\u00eb","datePublished":"2015-12-06T23:00:00+00:00","dateModified":"2018-03-30T14:29:22+00:00","mainEntityOfPage":{"@id":"https:\/\/www.walraven.com\/be-nl\/over-walraven\/nieuws\/nieuwe-verkoopvestiging-i\/"},"wordCount":167,"publisher":{"@id":"https:\/\/www.walraven.com\/be-nl\/#organization"},"image":{"@id":"https:\/\/www.walraven.com\/be-nl\/over-walraven\/nieuws\/nieuwe-verkoopvestiging-i\/#primaryimage"},"thumbnailUrl":"https:\/\/www.walraven.com\/be-nl\/wp-content\/uploads\/sites\/16\/2015\/12\/hsgp960l8drtiiy1fr50n2fz8vo3r2k-5sQD5O.jpg","inLanguage":"nl-BE"},{"@type":"WebPage","@id":"https:\/\/www.walraven.com\/be-nl\/over-walraven\/nieuws\/nieuwe-verkoopvestiging-i\/","url":"https:\/\/www.walraven.com\/be-nl\/over-walraven\/nieuws\/nieuwe-verkoopvestiging-i\/","name":"Nieuwe verkoopvestiging in Scandinavi\u00eb - Walraven Belgi\u00eb","isPartOf":{"@id":"https:\/\/www.walraven.com\/be-nl\/#website"},"primaryImageOfPage":{"@id":"https:\/\/www.walraven.com\/be-nl\/over-walraven\/nieuws\/nieuwe-verkoopvestiging-i\/#primaryimage"},"image":{"@id":"https:\/\/www.walraven.com\/be-nl\/over-walraven\/nieuws\/nieuwe-verkoopvestiging-i\/#primaryimage"},"thumbnailUrl":"https:\/\/www.walraven.com\/be-nl\/wp-content\/uploads\/sites\/16\/2015\/12\/hsgp960l8drtiiy1fr50n2fz8vo3r2k-5sQD5O.jpg","datePublished":"2015-12-06T23:00:00+00:00","dateModified":"2018-03-30T14:29:22+00:00","description":"De Walraven Groep opende op maandag 29 september jl. haar eerste kantoor in Scandinavi\u00eb. Deze verkoo...","breadcrumb":{"@id":"https:\/\/www.walraven.com\/be-nl\/over-walraven\/nieuws\/nieuwe-verkoopvestiging-i\/#breadcrumb"},"inLanguage":"nl-BE","potentialAction":[{"@type":"ReadAction","target":["https:\/\/www.walraven.com\/be-nl\/over-walraven\/nieuws\/nieuwe-verkoopvestiging-i\/"]}]},{"@type":"ImageObject","inLanguage":"nl-BE","@id":"https:\/\/www.walraven.com\/be-nl\/over-walraven\/nieuws\/nieuwe-verkoopvestiging-i\/#primaryimage","url":"https:\/\/www.walraven.com\/be-nl\/wp-content\/uploads\/sites\/16\/2015\/12\/hsgp960l8drtiiy1fr50n2fz8vo3r2k-5sQD5O.jpg","contentUrl":"https:\/\/www.walraven.com\/be-nl\/wp-content\/uploads\/sites\/16\/2015\/12\/hsgp960l8drtiiy1fr50n2fz8vo3r2k-5sQD5O.jpg","width":200,"height":200,"caption":"Nieuwe verkoopvestiging in Scandinavi\u00eb"},{"@type":"BreadcrumbList","@id":"https:\/\/www.walraven.com\/be-nl\/over-walraven\/nieuws\/nieuwe-verkoopvestiging-i\/#breadcrumb","itemListElement":[{"@type":"ListItem","position":1,"name":"Home","item":"https:\/\/www.walraven.com\/be-nl\/"},{"@type":"ListItem","position":2,"name":"Nieuwe verkoopvestiging in Scandinavi\u00eb"}]},{"@type":"WebSite","@id":"https:\/\/www.walraven.com\/be-nl\/#website","url":"https:\/\/www.walraven.com\/be-nl\/","name":"Walraven Belgi\u00eb","description":"","publisher":{"@id":"https:\/\/www.walraven.com\/be-nl\/#organization"},"potentialAction":[{"@type":"SearchAction","target":{"@type":"EntryPoint","urlTemplate":"https:\/\/www.walraven.com\/be-nl\/?s={search_term_string}"},"query-input":{"@type":"PropertyValueSpecification","valueRequired":true,"valueName":"search_term_string"}}],"inLanguage":"nl-BE"},{"@type":"Organization","@id":"https:\/\/www.walraven.com\/be-nl\/#organization","name":"Walraven BV","alternateName":"Walraven BV","url":"https:\/\/www.walraven.com\/be-nl\/","logo":{"@type":"ImageObject","inLanguage":"nl-BE","@id":"https:\/\/www.walraven.com\/be-nl\/#\/schema\/logo\/image\/","url":"https:\/\/www.walraven.com\/be-nl\/wp-content\/uploads\/sites\/16\/2023\/12\/Walraven_logo300x300.jpg","contentUrl":"https:\/\/www.walraven.com\/be-nl\/wp-content\/uploads\/sites\/16\/2023\/12\/Walraven_logo300x300.jpg","width":300,"height":300,"caption":"Walraven BV"},"image":{"@id":"https:\/\/www.walraven.com\/be-nl\/#\/schema\/logo\/image\/"},"sameAs":["https:\/\/www.facebook.com\/walravenbelgie","https:\/\/www.youtube.com\/user\/WalravenBENL","https:\/\/www.linkedin.com\/company\/walraven-belgi\/"]},{"@type":"Person","@id":"https:\/\/www.walraven.com\/be-nl\/#\/schema\/person\/5d41d28219c2ae10716bcb7d8a841267","name":"hannelore.raepsaet","image":{"@type":"ImageObject","inLanguage":"nl-BE","@id":"https:\/\/secure.gravatar.com\/avatar\/65d08b790e2e63e4908134c1c39021870084780196e2e7eecd5bb57cc1331e04?s=96&d=mm&r=g","url":"https:\/\/secure.gravatar.com\/avatar\/65d08b790e2e63e4908134c1c39021870084780196e2e7eecd5bb57cc1331e04?s=96&d=mm&r=g","contentUrl":"https:\/\/secure.gravatar.com\/avatar\/65d08b790e2e63e4908134c1c39021870084780196e2e7eecd5bb57cc1331e04?s=96&d=mm&r=g","caption":"hannelore.raepsaet"}}]}},"_links":{"self":[{"href":"https:\/\/www.walraven.com\/be-nl\/wp-json\/wp\/v2\/posts\/114","targetHints":{"allow":["GET"]}}],"collection":[{"href":"https:\/\/www.walraven.com\/be-nl\/wp-json\/wp\/v2\/posts"}],"about":[{"href":"https:\/\/www.walraven.com\/be-nl\/wp-json\/wp\/v2\/types\/post"}],"author":[{"embeddable":true,"href":"https:\/\/www.walraven.com\/be-nl\/wp-json\/wp\/v2\/users\/24"}],"replies":[{"embeddable":true,"href":"https:\/\/www.walraven.com\/be-nl\/wp-json\/wp\/v2\/comments?post=114"}],"version-history":[{"count":23,"href":"https:\/\/www.walraven.com\/be-nl\/wp-json\/wp\/v2\/posts\/114\/revisions"}],"predecessor-version":[{"id":63865,"href":"https:\/\/www.walraven.com\/be-nl\/wp-json\/wp\/v2\/posts\/114\/revisions\/63865"}],"wp:featuredmedia":[{"embeddable":true,"href":"https:\/\/www.walraven.com\/be-nl\/wp-json\/wp\/v2\/media\/434"}],"wp:attachment":[{"href":"https:\/\/www.walraven.com\/be-nl\/wp-json\/wp\/v2\/media?parent=114"}],"wp:term":[{"taxonomy":"category","embeddable":true,"href":"https:\/\/www.walraven.com\/be-nl\/wp-json\/wp\/v2\/categories?post=114"},{"taxonomy":"post_tag","embeddable":true,"href":"https:\/\/www.walraven.com\/be-nl\/wp-json\/wp\/v2\/tags?post=114"}],"curies":[{"name":"wp","href":"https:\/\/api.w.org\/{rel}","templated":true}]}}