{"id":109,"date":"2011-03-22T00:00:00","date_gmt":"2011-03-21T23:00:00","guid":{"rendered":"https:\/\/www.walraven.com\/de\/blog\/2016\/09\/29\/feuertrutz-2011\/"},"modified":"2023-03-03T14:04:47","modified_gmt":"2023-03-03T13:04:47","slug":"feuertrutz-2011","status":"publish","type":"post","link":"https:\/\/www.walraven.com\/de\/ueber-walraven\/aktuelles\/feuertrutz-2011\/","title":{"rendered":"Walraven auf der FeuerTRUTZ in N\u00fcrnberg"},"content":{"rendered":"<p><img decoding=\"async\" class=\"alignleft\" src=\"https:\/\/www.walraven.com\/wp-content\/uploads\/sites\/4\/2015\/06\/b5wxhj07yfrw8udst8xapvm33ln7vuv-1iPF8e.jpg\" alt=\"Walraven auf der FeuerTRUTZ in N\u00fcrnberg\" \/><\/p>\n<p>Einteilige Inwandmanschette Walraven Pacifyre\u00ae MK II interessiert besonders<\/p>\n<p>Es war eine spannende Frage, wie sich die zeitgleich mit der Frankfurter Messe ISH stattfindende Messe FeuerTRUTZ am neuen Standort N\u00fcrnberg bew\u00e4hren w\u00fcrde. Ulrich Resch, Walraven-Brandschutzexperte, zieht ein positives Res\u00fcmee. \u201eMit einem Wort: perfekt. Bei unserer dritten Teilnahme &#8211; nach zwei FeuerTRUTZ-Teilnahmen in K\u00f6ln &#8211; etablierte sich in unseren Augen die Messe nun endg\u00fcltig als Brandschutz-Fachforum.\u201c Die Zahlen zur Messe FeuerTRUTZ vom 15. bis 16. M\u00e4rz 2011, 108 Aussteller, 35 Expertenvortr\u00e4ge, 2 300 Messe- und Kongressbesucher, belegen es.<\/p>\n<h4>Beeindruckender Besucherzuspruch<\/h4>\n<p>\u201eDie gleichzeitig stattfindende Messe ISH machte sich am Walraven-Messestand nicht negativ bemerkbar. Der Besucherzuspruch war beeindruckend, bei den Vortr\u00e4gen der anerkannten Brandschutzexperten ebenso wie bei uns auf dem Messestand\u201c, berichtet Resch. Sehr viele Gespr\u00e4che f\u00fchrten der Brandschutz-Experte und seine Kollegen, besonders mit Fachplanern aus Deutschland, \u00d6sterreich und der Schweiz. Im Mittelpunkt standen dabei Rohr- und Kabelabschottungen. Auf besonderes Interesse stie\u00dfen die einteilige Innwandmanschette Walraven Pacifyre\u00ae MK II (viele Besucher erlebten auf der Messe FeuerTRUTZ zum ersten Mal, wie einfach sie zu verarbeiten ist), die brandgepr\u00fcfte Befestigungstechnik sowie die auf der Messe vorgestellte und bald in \u00d6sterreich zugelassene Neuheit, die Walraven Pacifyre\u00ae EFC Endlosmanschette.<\/p>\n<p>So lautet das Walraven-Res\u00fcmee zur FeuerTRUTZ: Die Messe war eindeutig ein Erfolg. Das zeigen auch die gestiegenen Aussteller-, Besucher- und Gespr\u00e4chszahlen im Vergleich zu den Jahren zuvor.<\/p>\n<p><img decoding=\"async\" src=\"https:\/\/www.walraven.com\/wp-content\/uploads\/sites\/4\/2015\/06\/c01rirfwzy0zoz9m5svn58o44l3tpjr-vzFMQR.jpg\" alt=\"Intensive Fachgespr\u00e4che am Walraven-Messestand\" \/><\/p>\n","protected":false},"excerpt":{"rendered":"<p>Einteilige Inwandmanschette Walraven Pacifyre\u00ae MK II interessiert besonders Es war eine spannende Frage, wie sich die zeitgleich mit der Frankfurter Messe ISH stattfindende Messe FeuerTRUTZ am neuen Standort N\u00fcrnberg bew\u00e4hren w\u00fcrde. Ulrich Resch, Walraven-Brandschutzexperte, zieht ein positives Res\u00fcmee. \u201eMit einem Wort: perfekt. Bei unserer dritten Teilnahme &#8211; nach zwei FeuerTRUTZ-Teilnahmen in K\u00f6ln &#8211; etablierte sich [&hellip;]<\/p>\n","protected":false},"author":33,"featured_media":4019,"comment_status":"closed","ping_status":"open","sticky":false,"template":"","format":"standard","meta":{"_acf_changed":false,"footnotes":""},"categories":[432],"tags":[],"class_list":["post-109","post","type-post","status-publish","format-standard","has-post-thumbnail","hentry","category-news"],"acf":[],"yoast_head":"<!-- This site is optimized with the Yoast SEO Premium plugin v27.5 (Yoast SEO v27.5) - https:\/\/yoast.com\/product\/yoast-seo-premium-wordpress\/ -->\n<title>Walraven auf der FeuerTRUTZ in N\u00fcrnberg - Walraven Deutschland<\/title>\n<meta name=\"description\" content=\"Es war eine spannende Frage, wie sich die zeitgleich mit der Frankfurter Messe ISH stattfindende Messe FeuerTRUTZ am neuen Standort N\u00fcrnberg bew\u00e4hren w\u00fcrde.\" \/>\n<meta name=\"robots\" content=\"index, follow, max-snippet:-1, max-image-preview:large, max-video-preview:-1\" \/>\n<link rel=\"canonical\" href=\"https:\/\/www.walraven.com\/de\/ueber-walraven\/aktuelles\/feuertrutz-2011\/\" \/>\n<meta property=\"og:locale\" content=\"de_DE\" \/>\n<meta property=\"og:type\" content=\"article\" \/>\n<meta property=\"og:title\" content=\"Walraven auf der FeuerTRUTZ in N\u00fcrnberg\" \/>\n<meta property=\"og:description\" content=\"Es war eine spannende Frage, wie sich die zeitgleich mit der Frankfurter Messe ISH stattfindende Messe FeuerTRUTZ am neuen Standort N\u00fcrnberg bew\u00e4hren w\u00fcrde.\" \/>\n<meta property=\"og:url\" content=\"https:\/\/www.walraven.com\/de\/ueber-walraven\/aktuelles\/feuertrutz-2011\/\" \/>\n<meta property=\"og:site_name\" content=\"Walraven Deutschland\" \/>\n<meta property=\"article:publisher\" content=\"https:\/\/www.facebook.com\/Walraven.GmbH\" \/>\n<meta property=\"article:published_time\" content=\"2011-03-21T23:00:00+00:00\" \/>\n<meta property=\"article:modified_time\" content=\"2023-03-03T13:04:47+00:00\" \/>\n<meta property=\"og:image\" content=\"https:\/\/www.walraven.com\/de\/wp-content\/uploads\/sites\/4\/2015\/06\/b5wxhj07yfrw8udst8xapvm33ln7vuv-1iPF8e.jpg\" \/>\n\t<meta property=\"og:image:width\" content=\"200\" \/>\n\t<meta property=\"og:image:height\" content=\"133\" \/>\n\t<meta property=\"og:image:type\" content=\"image\/jpeg\" \/>\n<meta name=\"author\" content=\"clemens.dederl\" \/>\n<meta name=\"twitter:card\" content=\"summary_large_image\" \/>\n<meta name=\"twitter:creator\" content=\"@BIS_Tech\" \/>\n<meta name=\"twitter:site\" content=\"@BIS_Tech\" \/>\n<meta name=\"twitter:label1\" content=\"Verfasst von\" \/>\n\t<meta name=\"twitter:data1\" content=\"clemens.dederl\" \/>\n\t<meta name=\"twitter:label2\" content=\"Gesch\u00e4tzte Lesezeit\" \/>\n\t<meta name=\"twitter:data2\" content=\"2\u00a0Minuten\" \/>\n<script type=\"application\/ld+json\" class=\"yoast-schema-graph\">{\"@context\":\"https:\\\/\\\/schema.org\",\"@graph\":[{\"@type\":\"Article\",\"@id\":\"https:\\\/\\\/www.walraven.com\\\/de\\\/ueber-walraven\\\/aktuelles\\\/feuertrutz-2011\\\/#article\",\"isPartOf\":{\"@id\":\"https:\\\/\\\/www.walraven.com\\\/de\\\/ueber-walraven\\\/aktuelles\\\/feuertrutz-2011\\\/\"},\"author\":{\"name\":\"clemens.dederl\",\"@id\":\"https:\\\/\\\/www.walraven.com\\\/de\\\/#\\\/schema\\\/person\\\/5aac3c4f1fbe0595c337615af839d821\"},\"headline\":\"Walraven auf der FeuerTRUTZ in N\u00fcrnberg\",\"datePublished\":\"2011-03-21T23:00:00+00:00\",\"dateModified\":\"2023-03-03T13:04:47+00:00\",\"mainEntityOfPage\":{\"@id\":\"https:\\\/\\\/www.walraven.com\\\/de\\\/ueber-walraven\\\/aktuelles\\\/feuertrutz-2011\\\/\"},\"wordCount\":233,\"publisher\":{\"@id\":\"https:\\\/\\\/www.walraven.com\\\/de\\\/#organization\"},\"image\":{\"@id\":\"https:\\\/\\\/www.walraven.com\\\/de\\\/ueber-walraven\\\/aktuelles\\\/feuertrutz-2011\\\/#primaryimage\"},\"thumbnailUrl\":\"https:\\\/\\\/www.walraven.com\\\/de\\\/wp-content\\\/uploads\\\/sites\\\/4\\\/2015\\\/06\\\/b5wxhj07yfrw8udst8xapvm33ln7vuv-1iPF8e.jpg\",\"articleSection\":[\"News\"],\"inLanguage\":\"de\"},{\"@type\":\"WebPage\",\"@id\":\"https:\\\/\\\/www.walraven.com\\\/de\\\/ueber-walraven\\\/aktuelles\\\/feuertrutz-2011\\\/\",\"url\":\"https:\\\/\\\/www.walraven.com\\\/de\\\/ueber-walraven\\\/aktuelles\\\/feuertrutz-2011\\\/\",\"name\":\"Walraven auf der FeuerTRUTZ in N\u00fcrnberg - Walraven Deutschland\",\"isPartOf\":{\"@id\":\"https:\\\/\\\/www.walraven.com\\\/de\\\/#website\"},\"primaryImageOfPage\":{\"@id\":\"https:\\\/\\\/www.walraven.com\\\/de\\\/ueber-walraven\\\/aktuelles\\\/feuertrutz-2011\\\/#primaryimage\"},\"image\":{\"@id\":\"https:\\\/\\\/www.walraven.com\\\/de\\\/ueber-walraven\\\/aktuelles\\\/feuertrutz-2011\\\/#primaryimage\"},\"thumbnailUrl\":\"https:\\\/\\\/www.walraven.com\\\/de\\\/wp-content\\\/uploads\\\/sites\\\/4\\\/2015\\\/06\\\/b5wxhj07yfrw8udst8xapvm33ln7vuv-1iPF8e.jpg\",\"datePublished\":\"2011-03-21T23:00:00+00:00\",\"dateModified\":\"2023-03-03T13:04:47+00:00\",\"description\":\"Es war eine spannende Frage, wie sich die zeitgleich mit der Frankfurter Messe ISH stattfindende Messe FeuerTRUTZ am neuen Standort N\u00fcrnberg bew\u00e4hren w\u00fcrde.\",\"breadcrumb\":{\"@id\":\"https:\\\/\\\/www.walraven.com\\\/de\\\/ueber-walraven\\\/aktuelles\\\/feuertrutz-2011\\\/#breadcrumb\"},\"inLanguage\":\"de\",\"potentialAction\":[{\"@type\":\"ReadAction\",\"target\":[\"https:\\\/\\\/www.walraven.com\\\/de\\\/ueber-walraven\\\/aktuelles\\\/feuertrutz-2011\\\/\"]}]},{\"@type\":\"ImageObject\",\"inLanguage\":\"de\",\"@id\":\"https:\\\/\\\/www.walraven.com\\\/de\\\/ueber-walraven\\\/aktuelles\\\/feuertrutz-2011\\\/#primaryimage\",\"url\":\"https:\\\/\\\/www.walraven.com\\\/de\\\/wp-content\\\/uploads\\\/sites\\\/4\\\/2015\\\/06\\\/b5wxhj07yfrw8udst8xapvm33ln7vuv-1iPF8e.jpg\",\"contentUrl\":\"https:\\\/\\\/www.walraven.com\\\/de\\\/wp-content\\\/uploads\\\/sites\\\/4\\\/2015\\\/06\\\/b5wxhj07yfrw8udst8xapvm33ln7vuv-1iPF8e.jpg\",\"width\":200,\"height\":133,\"caption\":\"Walraven auf der FeuerTRUTZ in N\u00fcrnberg\"},{\"@type\":\"BreadcrumbList\",\"@id\":\"https:\\\/\\\/www.walraven.com\\\/de\\\/ueber-walraven\\\/aktuelles\\\/feuertrutz-2011\\\/#breadcrumb\",\"itemListElement\":[{\"@type\":\"ListItem\",\"position\":1,\"name\":\"Startseite\",\"item\":\"https:\\\/\\\/www.walraven.com\\\/de\\\/\"},{\"@type\":\"ListItem\",\"position\":2,\"name\":\"Walraven auf der FeuerTRUTZ in N\u00fcrnberg\"}]},{\"@type\":\"WebSite\",\"@id\":\"https:\\\/\\\/www.walraven.com\\\/de\\\/#website\",\"url\":\"https:\\\/\\\/www.walraven.com\\\/de\\\/\",\"name\":\"Walraven Deutschland\",\"description\":\"\",\"publisher\":{\"@id\":\"https:\\\/\\\/www.walraven.com\\\/de\\\/#organization\"},\"potentialAction\":[{\"@type\":\"SearchAction\",\"target\":{\"@type\":\"EntryPoint\",\"urlTemplate\":\"https:\\\/\\\/www.walraven.com\\\/de\\\/?s={search_term_string}\"},\"query-input\":{\"@type\":\"PropertyValueSpecification\",\"valueRequired\":true,\"valueName\":\"search_term_string\"}}],\"inLanguage\":\"de\"},{\"@type\":\"Organization\",\"@id\":\"https:\\\/\\\/www.walraven.com\\\/de\\\/#organization\",\"name\":\"Walraven GmbH\",\"alternateName\":\"Walraven GmbH\",\"url\":\"https:\\\/\\\/www.walraven.com\\\/de\\\/\",\"logo\":{\"@type\":\"ImageObject\",\"inLanguage\":\"de\",\"@id\":\"https:\\\/\\\/www.walraven.com\\\/de\\\/#\\\/schema\\\/logo\\\/image\\\/\",\"url\":\"https:\\\/\\\/www.walraven.com\\\/de\\\/wp-content\\\/uploads\\\/sites\\\/4\\\/2023\\\/12\\\/Walraven_logo300x300.jpg\",\"contentUrl\":\"https:\\\/\\\/www.walraven.com\\\/de\\\/wp-content\\\/uploads\\\/sites\\\/4\\\/2023\\\/12\\\/Walraven_logo300x300.jpg\",\"width\":300,\"height\":300,\"caption\":\"Walraven GmbH\"},\"image\":{\"@id\":\"https:\\\/\\\/www.walraven.com\\\/de\\\/#\\\/schema\\\/logo\\\/image\\\/\"},\"sameAs\":[\"https:\\\/\\\/www.facebook.com\\\/Walraven.GmbH\",\"https:\\\/\\\/x.com\\\/BIS_Tech\",\"https:\\\/\\\/www.youtube.com\\\/WalravenDE\",\"https:\\\/\\\/www.linkedin.com\\\/company\\\/walraven-gmbh\",\"https:\\\/\\\/www.instagram.com\\\/walraven.gmbh\\\/\"]},{\"@type\":\"Person\",\"@id\":\"https:\\\/\\\/www.walraven.com\\\/de\\\/#\\\/schema\\\/person\\\/5aac3c4f1fbe0595c337615af839d821\",\"name\":\"clemens.dederl\",\"image\":{\"@type\":\"ImageObject\",\"inLanguage\":\"de\",\"@id\":\"https:\\\/\\\/secure.gravatar.com\\\/avatar\\\/34ae201fd7991ed73d71ab76117c9370e60d8bb5349d31713df056b5a439d847?s=96&d=mm&r=g\",\"url\":\"https:\\\/\\\/secure.gravatar.com\\\/avatar\\\/34ae201fd7991ed73d71ab76117c9370e60d8bb5349d31713df056b5a439d847?s=96&d=mm&r=g\",\"contentUrl\":\"https:\\\/\\\/secure.gravatar.com\\\/avatar\\\/34ae201fd7991ed73d71ab76117c9370e60d8bb5349d31713df056b5a439d847?s=96&d=mm&r=g\",\"caption\":\"clemens.dederl\"}}]}<\/script>\n<!-- \/ Yoast SEO Premium plugin. -->","yoast_head_json":{"title":"Walraven auf der FeuerTRUTZ in N\u00fcrnberg - Walraven Deutschland","description":"Es war eine spannende Frage, wie sich die zeitgleich mit der Frankfurter Messe ISH stattfindende Messe FeuerTRUTZ am neuen Standort N\u00fcrnberg bew\u00e4hren w\u00fcrde.","robots":{"index":"index","follow":"follow","max-snippet":"max-snippet:-1","max-image-preview":"max-image-preview:large","max-video-preview":"max-video-preview:-1"},"canonical":"https:\/\/www.walraven.com\/de\/ueber-walraven\/aktuelles\/feuertrutz-2011\/","og_locale":"de_DE","og_type":"article","og_title":"Walraven auf der FeuerTRUTZ in N\u00fcrnberg","og_description":"Es war eine spannende Frage, wie sich die zeitgleich mit der Frankfurter Messe ISH stattfindende Messe FeuerTRUTZ am neuen Standort N\u00fcrnberg bew\u00e4hren w\u00fcrde.","og_url":"https:\/\/www.walraven.com\/de\/ueber-walraven\/aktuelles\/feuertrutz-2011\/","og_site_name":"Walraven Deutschland","article_publisher":"https:\/\/www.facebook.com\/Walraven.GmbH","article_published_time":"2011-03-21T23:00:00+00:00","article_modified_time":"2023-03-03T13:04:47+00:00","og_image":[{"width":200,"height":133,"url":"https:\/\/www.walraven.com\/de\/wp-content\/uploads\/sites\/4\/2015\/06\/b5wxhj07yfrw8udst8xapvm33ln7vuv-1iPF8e.jpg","type":"image\/jpeg"}],"author":"clemens.dederl","twitter_card":"summary_large_image","twitter_creator":"@BIS_Tech","twitter_site":"@BIS_Tech","twitter_misc":{"Verfasst von":"clemens.dederl","Gesch\u00e4tzte Lesezeit":"2\u00a0Minuten"},"schema":{"@context":"https:\/\/schema.org","@graph":[{"@type":"Article","@id":"https:\/\/www.walraven.com\/de\/ueber-walraven\/aktuelles\/feuertrutz-2011\/#article","isPartOf":{"@id":"https:\/\/www.walraven.com\/de\/ueber-walraven\/aktuelles\/feuertrutz-2011\/"},"author":{"name":"clemens.dederl","@id":"https:\/\/www.walraven.com\/de\/#\/schema\/person\/5aac3c4f1fbe0595c337615af839d821"},"headline":"Walraven auf der FeuerTRUTZ in N\u00fcrnberg","datePublished":"2011-03-21T23:00:00+00:00","dateModified":"2023-03-03T13:04:47+00:00","mainEntityOfPage":{"@id":"https:\/\/www.walraven.com\/de\/ueber-walraven\/aktuelles\/feuertrutz-2011\/"},"wordCount":233,"publisher":{"@id":"https:\/\/www.walraven.com\/de\/#organization"},"image":{"@id":"https:\/\/www.walraven.com\/de\/ueber-walraven\/aktuelles\/feuertrutz-2011\/#primaryimage"},"thumbnailUrl":"https:\/\/www.walraven.com\/de\/wp-content\/uploads\/sites\/4\/2015\/06\/b5wxhj07yfrw8udst8xapvm33ln7vuv-1iPF8e.jpg","articleSection":["News"],"inLanguage":"de"},{"@type":"WebPage","@id":"https:\/\/www.walraven.com\/de\/ueber-walraven\/aktuelles\/feuertrutz-2011\/","url":"https:\/\/www.walraven.com\/de\/ueber-walraven\/aktuelles\/feuertrutz-2011\/","name":"Walraven auf der FeuerTRUTZ in N\u00fcrnberg - Walraven Deutschland","isPartOf":{"@id":"https:\/\/www.walraven.com\/de\/#website"},"primaryImageOfPage":{"@id":"https:\/\/www.walraven.com\/de\/ueber-walraven\/aktuelles\/feuertrutz-2011\/#primaryimage"},"image":{"@id":"https:\/\/www.walraven.com\/de\/ueber-walraven\/aktuelles\/feuertrutz-2011\/#primaryimage"},"thumbnailUrl":"https:\/\/www.walraven.com\/de\/wp-content\/uploads\/sites\/4\/2015\/06\/b5wxhj07yfrw8udst8xapvm33ln7vuv-1iPF8e.jpg","datePublished":"2011-03-21T23:00:00+00:00","dateModified":"2023-03-03T13:04:47+00:00","description":"Es war eine spannende Frage, wie sich die zeitgleich mit der Frankfurter Messe ISH stattfindende Messe FeuerTRUTZ am neuen Standort N\u00fcrnberg bew\u00e4hren w\u00fcrde.","breadcrumb":{"@id":"https:\/\/www.walraven.com\/de\/ueber-walraven\/aktuelles\/feuertrutz-2011\/#breadcrumb"},"inLanguage":"de","potentialAction":[{"@type":"ReadAction","target":["https:\/\/www.walraven.com\/de\/ueber-walraven\/aktuelles\/feuertrutz-2011\/"]}]},{"@type":"ImageObject","inLanguage":"de","@id":"https:\/\/www.walraven.com\/de\/ueber-walraven\/aktuelles\/feuertrutz-2011\/#primaryimage","url":"https:\/\/www.walraven.com\/de\/wp-content\/uploads\/sites\/4\/2015\/06\/b5wxhj07yfrw8udst8xapvm33ln7vuv-1iPF8e.jpg","contentUrl":"https:\/\/www.walraven.com\/de\/wp-content\/uploads\/sites\/4\/2015\/06\/b5wxhj07yfrw8udst8xapvm33ln7vuv-1iPF8e.jpg","width":200,"height":133,"caption":"Walraven auf der FeuerTRUTZ in N\u00fcrnberg"},{"@type":"BreadcrumbList","@id":"https:\/\/www.walraven.com\/de\/ueber-walraven\/aktuelles\/feuertrutz-2011\/#breadcrumb","itemListElement":[{"@type":"ListItem","position":1,"name":"Startseite","item":"https:\/\/www.walraven.com\/de\/"},{"@type":"ListItem","position":2,"name":"Walraven auf der FeuerTRUTZ in N\u00fcrnberg"}]},{"@type":"WebSite","@id":"https:\/\/www.walraven.com\/de\/#website","url":"https:\/\/www.walraven.com\/de\/","name":"Walraven Deutschland","description":"","publisher":{"@id":"https:\/\/www.walraven.com\/de\/#organization"},"potentialAction":[{"@type":"SearchAction","target":{"@type":"EntryPoint","urlTemplate":"https:\/\/www.walraven.com\/de\/?s={search_term_string}"},"query-input":{"@type":"PropertyValueSpecification","valueRequired":true,"valueName":"search_term_string"}}],"inLanguage":"de"},{"@type":"Organization","@id":"https:\/\/www.walraven.com\/de\/#organization","name":"Walraven GmbH","alternateName":"Walraven GmbH","url":"https:\/\/www.walraven.com\/de\/","logo":{"@type":"ImageObject","inLanguage":"de","@id":"https:\/\/www.walraven.com\/de\/#\/schema\/logo\/image\/","url":"https:\/\/www.walraven.com\/de\/wp-content\/uploads\/sites\/4\/2023\/12\/Walraven_logo300x300.jpg","contentUrl":"https:\/\/www.walraven.com\/de\/wp-content\/uploads\/sites\/4\/2023\/12\/Walraven_logo300x300.jpg","width":300,"height":300,"caption":"Walraven GmbH"},"image":{"@id":"https:\/\/www.walraven.com\/de\/#\/schema\/logo\/image\/"},"sameAs":["https:\/\/www.facebook.com\/Walraven.GmbH","https:\/\/x.com\/BIS_Tech","https:\/\/www.youtube.com\/WalravenDE","https:\/\/www.linkedin.com\/company\/walraven-gmbh","https:\/\/www.instagram.com\/walraven.gmbh\/"]},{"@type":"Person","@id":"https:\/\/www.walraven.com\/de\/#\/schema\/person\/5aac3c4f1fbe0595c337615af839d821","name":"clemens.dederl","image":{"@type":"ImageObject","inLanguage":"de","@id":"https:\/\/secure.gravatar.com\/avatar\/34ae201fd7991ed73d71ab76117c9370e60d8bb5349d31713df056b5a439d847?s=96&d=mm&r=g","url":"https:\/\/secure.gravatar.com\/avatar\/34ae201fd7991ed73d71ab76117c9370e60d8bb5349d31713df056b5a439d847?s=96&d=mm&r=g","contentUrl":"https:\/\/secure.gravatar.com\/avatar\/34ae201fd7991ed73d71ab76117c9370e60d8bb5349d31713df056b5a439d847?s=96&d=mm&r=g","caption":"clemens.dederl"}}]}},"_links":{"self":[{"href":"https:\/\/www.walraven.com\/de\/wp-json\/wp\/v2\/posts\/109","targetHints":{"allow":["GET"]}}],"collection":[{"href":"https:\/\/www.walraven.com\/de\/wp-json\/wp\/v2\/posts"}],"about":[{"href":"https:\/\/www.walraven.com\/de\/wp-json\/wp\/v2\/types\/post"}],"author":[{"embeddable":true,"href":"https:\/\/www.walraven.com\/de\/wp-json\/wp\/v2\/users\/33"}],"replies":[{"embeddable":true,"href":"https:\/\/www.walraven.com\/de\/wp-json\/wp\/v2\/comments?post=109"}],"version-history":[{"count":5,"href":"https:\/\/www.walraven.com\/de\/wp-json\/wp\/v2\/posts\/109\/revisions"}],"predecessor-version":[{"id":82498,"href":"https:\/\/www.walraven.com\/de\/wp-json\/wp\/v2\/posts\/109\/revisions\/82498"}],"wp:featuredmedia":[{"embeddable":true,"href":"https:\/\/www.walraven.com\/de\/wp-json\/wp\/v2\/media\/4019"}],"wp:attachment":[{"href":"https:\/\/www.walraven.com\/de\/wp-json\/wp\/v2\/media?parent=109"}],"wp:term":[{"taxonomy":"category","embeddable":true,"href":"https:\/\/www.walraven.com\/de\/wp-json\/wp\/v2\/categories?post=109"},{"taxonomy":"post_tag","embeddable":true,"href":"https:\/\/www.walraven.com\/de\/wp-json\/wp\/v2\/tags?post=109"}],"curies":[{"name":"wp","href":"https:\/\/api.w.org\/{rel}","templated":true}]}}