{"id":255,"date":"2012-08-24T00:00:00","date_gmt":"2012-08-23T22:00:00","guid":{"rendered":"https:\/\/www.walraven.com\/de\/blog\/2016\/09\/29\/70-jahre-walraven\/"},"modified":"2019-02-22T12:14:09","modified_gmt":"2019-02-22T11:14:09","slug":"70-jahre-walraven","status":"publish","type":"post","link":"https:\/\/www.walraven.com\/de\/ueber-walraven\/aktuelles\/70-jahre-walraven\/","title":{"rendered":"Traditionell innovativ"},"content":{"rendered":"<p><img decoding=\"async\" class=\"alignleft\" src=\"https:\/\/www.walraven.com\/wp-content\/uploads\/sites\/4\/2015\/06\/c7mlxbiap2ti6aho71904t4rhngpmmq-9XWlVa.jpg\" alt=\"walraven\" \/><\/p>\n<p>70 Jahre Walraven Befestigungs-, Brandschutz- und Sanit\u00e4rsysteme<\/p>\n<p>800 Mitarbeiter weltweit in 22 Produktions- und Verkaufsniederlassungen lautet die Bilanz des familiengef\u00fchrten Unternehmens Walraven 70 Jahre nach der Gr\u00fcndung. Traditionell innovativ entwickelt, produziert und vermarktet Walraven Befestigungs-, Brandschutz- und Sanit\u00e4rsysteme mit dem Schwerpunkt Sanit\u00e4r-, Heizungs-, Klima- und Elektrotechnik.<\/p>\n<p>Eigentlich aus der Not geboren, gr\u00fcndete der Gro\u00dfvater des heutigen Generaldirektors Jan van Walraven 1942 die Metallwarenfabrik J. van Walraven B. V. im niederl\u00e4ndischen Mijdrecht. Waren doch in den Jahren nach dem zweiten Weltkrieg dringend ben\u00f6tigte Rohrb\u00fcgel Mangelware. Der findige Installateur machte aus der Not eine Tugend und begann, Rohrb\u00fcgel selbst herzustellen.<\/p>\n<p>Heute geht die Produktpalette der weltweit t\u00e4tigen Walraven Group mit ihrer deutschen Niederlassung in Bayreuth weit \u00fcber Rohrb\u00fcgel hinaus und umfasste Befestigungs-, Brandschutz- und Sanit\u00e4rsysteme. \u00dcber allem steht der Produkt- und Systembegriff BIS \u201eBetter Installation Systems\u201c und beschreibt das Walraven-Werteger\u00fcst: \u201eBetter\u201c steht f\u00fcr \u201e effizient und innovativ\u201c, \u201e Installation\u201c hei\u00dft \u201e Leistungen f\u00fcr \u201cInstallateure\u201d, \u201e Systems\u201c dr\u00fcckt aus, dass Produktsysteme und Serviceleistungen die einzelnen Produkte erg\u00e4nzen.<\/p>\n<p>Als ein Marktf\u00fchrer im europ\u00e4ischen Gro\u00dfhandelsmarkt ist Walraven mit dem Hauptsitz im niederl\u00e4ndischen Mijdrecht auch au\u00dferhalb des europ\u00e4ischen Marktes dabei, sich als feste Gr\u00f6\u00dfe zu etablieren. Ein Familienunternehmen, das entschlossen ist, das auch zu bleiben und auf dem Weg zu einem bedeutenden Platz auf dem Weltmarkt. Als traditionsreiches familiengef\u00fchrtes und international ausgerichtetes Unternehmen mit innovativen Produktsystemen, -marken und Serviceleistungen.<\/p>\n<p><img loading=\"lazy\" decoding=\"async\" class=\"alignleft\" src=\"https:\/\/www.walraven.com\/wp-content\/uploads\/sites\/4\/2015\/06\/qzswfvrwhf0m8eakq43ufylmfca3que-9jsKdO.jpg\" alt=\"Nach den Anf\u00e4ngen entstand das erste neu gebaute Walraven-Anwesen in Mijdrecht.\" width=\"285\" height=\"187\" \/><\/p>\n<div>Nach den Anf\u00e4ngen entstand das erste neu gebaute Walraven-Anwesen in Mijdrecht.<\/div>\n<div><\/div>\n<div><\/div>\n<div><\/div>\n<div><\/div>\n<div><\/div>\n<div><\/div>\n<div><\/div>\n<div>\n<p><img loading=\"lazy\" decoding=\"async\" class=\"alignleft\" src=\"https:\/\/www.walraven.com\/wp-content\/uploads\/sites\/4\/2015\/06\/bublrpaul4uysmq7ccd278ahbi7ewh4-ZN5vxk.jpg\" alt=\"Die Zentrale in Mijdrecht ist Mittelpunkt der weltweit t\u00e4tigen Walraven Group.\" width=\"322\" height=\"218\" \/><\/p>\n<div>Die Zentrale in Mijdrecht ist Mittelpunkt der weltweit t\u00e4tigen Walraven Group.<\/div>\n<\/div>\n","protected":false},"excerpt":{"rendered":"<p>70 Jahre Walraven Befestigungs-, Brandschutz- und Sanit\u00e4rsysteme 800 Mitarbeiter weltweit in 22 Produktions- und Verkaufsniederlassungen lautet die Bilanz des familiengef\u00fchrten Unternehmens Walraven 70 Jahre nach der Gr\u00fcndung. Traditionell innovativ entwickelt, produziert und vermarktet Walraven Befestigungs-, Brandschutz- und Sanit\u00e4rsysteme mit dem Schwerpunkt Sanit\u00e4r-, Heizungs-, Klima- und Elektrotechnik. Eigentlich aus der Not geboren, gr\u00fcndete der Gro\u00dfvater des [&hellip;]<\/p>\n","protected":false},"author":33,"featured_media":4160,"comment_status":"closed","ping_status":"open","sticky":false,"template":"","format":"standard","meta":{"_acf_changed":false,"footnotes":""},"categories":[432],"tags":[],"class_list":["post-255","post","type-post","status-publish","format-standard","has-post-thumbnail","hentry","category-news"],"acf":[],"yoast_head":"<!-- This site is optimized with the Yoast SEO Premium plugin v27.5 (Yoast SEO v27.5) - https:\/\/yoast.com\/product\/yoast-seo-premium-wordpress\/ -->\n<title>Traditionell innovativ - Walraven Deutschland<\/title>\n<meta name=\"description\" content=\"800 Mitarbeiter weltweit in 22 Produktions- und Verkaufsniederlassungen: das familiengef\u00fchrte Unternehmen Walraven 70 Jahre nach der Gr\u00fcndung.\" \/>\n<meta name=\"robots\" content=\"index, follow, max-snippet:-1, max-image-preview:large, max-video-preview:-1\" \/>\n<link rel=\"canonical\" href=\"https:\/\/www.walraven.com\/de\/ueber-walraven\/aktuelles\/70-jahre-walraven\/\" \/>\n<meta property=\"og:locale\" content=\"de_DE\" \/>\n<meta property=\"og:type\" content=\"article\" \/>\n<meta property=\"og:title\" content=\"Traditionell innovativ\" \/>\n<meta property=\"og:description\" content=\"800 Mitarbeiter weltweit in 22 Produktions- und Verkaufsniederlassungen: das familiengef\u00fchrte Unternehmen Walraven 70 Jahre nach der Gr\u00fcndung.\" \/>\n<meta property=\"og:url\" content=\"https:\/\/www.walraven.com\/de\/ueber-walraven\/aktuelles\/70-jahre-walraven\/\" \/>\n<meta property=\"og:site_name\" content=\"Walraven Deutschland\" \/>\n<meta property=\"article:publisher\" content=\"https:\/\/www.facebook.com\/Walraven.GmbH\" \/>\n<meta property=\"article:published_time\" content=\"2012-08-23T22:00:00+00:00\" \/>\n<meta property=\"article:modified_time\" content=\"2019-02-22T11:14:09+00:00\" \/>\n<meta property=\"og:image\" content=\"https:\/\/www.walraven.com\/de\/wp-content\/uploads\/sites\/4\/2015\/06\/c7mlxbiap2ti6aho71904t4rhngpmmq-9XWlVa.jpg\" \/>\n\t<meta property=\"og:image:width\" content=\"200\" \/>\n\t<meta property=\"og:image:height\" content=\"135\" \/>\n\t<meta property=\"og:image:type\" content=\"image\/jpeg\" \/>\n<meta name=\"author\" content=\"clemens.dederl\" \/>\n<meta name=\"twitter:card\" content=\"summary_large_image\" \/>\n<meta name=\"twitter:creator\" content=\"@BIS_Tech\" \/>\n<meta name=\"twitter:site\" content=\"@BIS_Tech\" \/>\n<meta name=\"twitter:label1\" content=\"Verfasst von\" \/>\n\t<meta name=\"twitter:data1\" content=\"clemens.dederl\" \/>\n\t<meta name=\"twitter:label2\" content=\"Gesch\u00e4tzte Lesezeit\" \/>\n\t<meta name=\"twitter:data2\" content=\"1\u00a0Minute\" \/>\n<script type=\"application\/ld+json\" class=\"yoast-schema-graph\">{\"@context\":\"https:\\\/\\\/schema.org\",\"@graph\":[{\"@type\":\"Article\",\"@id\":\"https:\\\/\\\/www.walraven.com\\\/de\\\/ueber-walraven\\\/aktuelles\\\/70-jahre-walraven\\\/#article\",\"isPartOf\":{\"@id\":\"https:\\\/\\\/www.walraven.com\\\/de\\\/ueber-walraven\\\/aktuelles\\\/70-jahre-walraven\\\/\"},\"author\":{\"name\":\"clemens.dederl\",\"@id\":\"https:\\\/\\\/www.walraven.com\\\/de\\\/#\\\/schema\\\/person\\\/5aac3c4f1fbe0595c337615af839d821\"},\"headline\":\"Traditionell innovativ\",\"datePublished\":\"2012-08-23T22:00:00+00:00\",\"dateModified\":\"2019-02-22T11:14:09+00:00\",\"mainEntityOfPage\":{\"@id\":\"https:\\\/\\\/www.walraven.com\\\/de\\\/ueber-walraven\\\/aktuelles\\\/70-jahre-walraven\\\/\"},\"wordCount\":268,\"publisher\":{\"@id\":\"https:\\\/\\\/www.walraven.com\\\/de\\\/#organization\"},\"image\":{\"@id\":\"https:\\\/\\\/www.walraven.com\\\/de\\\/ueber-walraven\\\/aktuelles\\\/70-jahre-walraven\\\/#primaryimage\"},\"thumbnailUrl\":\"https:\\\/\\\/www.walraven.com\\\/de\\\/wp-content\\\/uploads\\\/sites\\\/4\\\/2015\\\/06\\\/c7mlxbiap2ti6aho71904t4rhngpmmq-9XWlVa.jpg\",\"articleSection\":[\"News\"],\"inLanguage\":\"de\"},{\"@type\":\"WebPage\",\"@id\":\"https:\\\/\\\/www.walraven.com\\\/de\\\/ueber-walraven\\\/aktuelles\\\/70-jahre-walraven\\\/\",\"url\":\"https:\\\/\\\/www.walraven.com\\\/de\\\/ueber-walraven\\\/aktuelles\\\/70-jahre-walraven\\\/\",\"name\":\"Traditionell innovativ - Walraven Deutschland\",\"isPartOf\":{\"@id\":\"https:\\\/\\\/www.walraven.com\\\/de\\\/#website\"},\"primaryImageOfPage\":{\"@id\":\"https:\\\/\\\/www.walraven.com\\\/de\\\/ueber-walraven\\\/aktuelles\\\/70-jahre-walraven\\\/#primaryimage\"},\"image\":{\"@id\":\"https:\\\/\\\/www.walraven.com\\\/de\\\/ueber-walraven\\\/aktuelles\\\/70-jahre-walraven\\\/#primaryimage\"},\"thumbnailUrl\":\"https:\\\/\\\/www.walraven.com\\\/de\\\/wp-content\\\/uploads\\\/sites\\\/4\\\/2015\\\/06\\\/c7mlxbiap2ti6aho71904t4rhngpmmq-9XWlVa.jpg\",\"datePublished\":\"2012-08-23T22:00:00+00:00\",\"dateModified\":\"2019-02-22T11:14:09+00:00\",\"description\":\"800 Mitarbeiter weltweit in 22 Produktions- und Verkaufsniederlassungen: das familiengef\u00fchrte Unternehmen Walraven 70 Jahre nach der Gr\u00fcndung.\",\"breadcrumb\":{\"@id\":\"https:\\\/\\\/www.walraven.com\\\/de\\\/ueber-walraven\\\/aktuelles\\\/70-jahre-walraven\\\/#breadcrumb\"},\"inLanguage\":\"de\",\"potentialAction\":[{\"@type\":\"ReadAction\",\"target\":[\"https:\\\/\\\/www.walraven.com\\\/de\\\/ueber-walraven\\\/aktuelles\\\/70-jahre-walraven\\\/\"]}]},{\"@type\":\"ImageObject\",\"inLanguage\":\"de\",\"@id\":\"https:\\\/\\\/www.walraven.com\\\/de\\\/ueber-walraven\\\/aktuelles\\\/70-jahre-walraven\\\/#primaryimage\",\"url\":\"https:\\\/\\\/www.walraven.com\\\/de\\\/wp-content\\\/uploads\\\/sites\\\/4\\\/2015\\\/06\\\/c7mlxbiap2ti6aho71904t4rhngpmmq-9XWlVa.jpg\",\"contentUrl\":\"https:\\\/\\\/www.walraven.com\\\/de\\\/wp-content\\\/uploads\\\/sites\\\/4\\\/2015\\\/06\\\/c7mlxbiap2ti6aho71904t4rhngpmmq-9XWlVa.jpg\",\"width\":200,\"height\":135,\"caption\":\"Traditionell innovativ\"},{\"@type\":\"BreadcrumbList\",\"@id\":\"https:\\\/\\\/www.walraven.com\\\/de\\\/ueber-walraven\\\/aktuelles\\\/70-jahre-walraven\\\/#breadcrumb\",\"itemListElement\":[{\"@type\":\"ListItem\",\"position\":1,\"name\":\"Startseite\",\"item\":\"https:\\\/\\\/www.walraven.com\\\/de\\\/\"},{\"@type\":\"ListItem\",\"position\":2,\"name\":\"Traditionell innovativ\"}]},{\"@type\":\"WebSite\",\"@id\":\"https:\\\/\\\/www.walraven.com\\\/de\\\/#website\",\"url\":\"https:\\\/\\\/www.walraven.com\\\/de\\\/\",\"name\":\"Walraven Deutschland\",\"description\":\"\",\"publisher\":{\"@id\":\"https:\\\/\\\/www.walraven.com\\\/de\\\/#organization\"},\"potentialAction\":[{\"@type\":\"SearchAction\",\"target\":{\"@type\":\"EntryPoint\",\"urlTemplate\":\"https:\\\/\\\/www.walraven.com\\\/de\\\/?s={search_term_string}\"},\"query-input\":{\"@type\":\"PropertyValueSpecification\",\"valueRequired\":true,\"valueName\":\"search_term_string\"}}],\"inLanguage\":\"de\"},{\"@type\":\"Organization\",\"@id\":\"https:\\\/\\\/www.walraven.com\\\/de\\\/#organization\",\"name\":\"Walraven GmbH\",\"alternateName\":\"Walraven GmbH\",\"url\":\"https:\\\/\\\/www.walraven.com\\\/de\\\/\",\"logo\":{\"@type\":\"ImageObject\",\"inLanguage\":\"de\",\"@id\":\"https:\\\/\\\/www.walraven.com\\\/de\\\/#\\\/schema\\\/logo\\\/image\\\/\",\"url\":\"https:\\\/\\\/www.walraven.com\\\/de\\\/wp-content\\\/uploads\\\/sites\\\/4\\\/2023\\\/12\\\/Walraven_logo300x300.jpg\",\"contentUrl\":\"https:\\\/\\\/www.walraven.com\\\/de\\\/wp-content\\\/uploads\\\/sites\\\/4\\\/2023\\\/12\\\/Walraven_logo300x300.jpg\",\"width\":300,\"height\":300,\"caption\":\"Walraven GmbH\"},\"image\":{\"@id\":\"https:\\\/\\\/www.walraven.com\\\/de\\\/#\\\/schema\\\/logo\\\/image\\\/\"},\"sameAs\":[\"https:\\\/\\\/www.facebook.com\\\/Walraven.GmbH\",\"https:\\\/\\\/x.com\\\/BIS_Tech\",\"https:\\\/\\\/www.youtube.com\\\/WalravenDE\",\"https:\\\/\\\/www.linkedin.com\\\/company\\\/walraven-gmbh\",\"https:\\\/\\\/www.instagram.com\\\/walraven.gmbh\\\/\"]},{\"@type\":\"Person\",\"@id\":\"https:\\\/\\\/www.walraven.com\\\/de\\\/#\\\/schema\\\/person\\\/5aac3c4f1fbe0595c337615af839d821\",\"name\":\"clemens.dederl\",\"image\":{\"@type\":\"ImageObject\",\"inLanguage\":\"de\",\"@id\":\"https:\\\/\\\/secure.gravatar.com\\\/avatar\\\/34ae201fd7991ed73d71ab76117c9370e60d8bb5349d31713df056b5a439d847?s=96&d=mm&r=g\",\"url\":\"https:\\\/\\\/secure.gravatar.com\\\/avatar\\\/34ae201fd7991ed73d71ab76117c9370e60d8bb5349d31713df056b5a439d847?s=96&d=mm&r=g\",\"contentUrl\":\"https:\\\/\\\/secure.gravatar.com\\\/avatar\\\/34ae201fd7991ed73d71ab76117c9370e60d8bb5349d31713df056b5a439d847?s=96&d=mm&r=g\",\"caption\":\"clemens.dederl\"}}]}<\/script>\n<!-- \/ Yoast SEO Premium plugin. -->","yoast_head_json":{"title":"Traditionell innovativ - Walraven Deutschland","description":"800 Mitarbeiter weltweit in 22 Produktions- und Verkaufsniederlassungen: das familiengef\u00fchrte Unternehmen Walraven 70 Jahre nach der Gr\u00fcndung.","robots":{"index":"index","follow":"follow","max-snippet":"max-snippet:-1","max-image-preview":"max-image-preview:large","max-video-preview":"max-video-preview:-1"},"canonical":"https:\/\/www.walraven.com\/de\/ueber-walraven\/aktuelles\/70-jahre-walraven\/","og_locale":"de_DE","og_type":"article","og_title":"Traditionell innovativ","og_description":"800 Mitarbeiter weltweit in 22 Produktions- und Verkaufsniederlassungen: das familiengef\u00fchrte Unternehmen Walraven 70 Jahre nach der Gr\u00fcndung.","og_url":"https:\/\/www.walraven.com\/de\/ueber-walraven\/aktuelles\/70-jahre-walraven\/","og_site_name":"Walraven Deutschland","article_publisher":"https:\/\/www.facebook.com\/Walraven.GmbH","article_published_time":"2012-08-23T22:00:00+00:00","article_modified_time":"2019-02-22T11:14:09+00:00","og_image":[{"width":200,"height":135,"url":"https:\/\/www.walraven.com\/de\/wp-content\/uploads\/sites\/4\/2015\/06\/c7mlxbiap2ti6aho71904t4rhngpmmq-9XWlVa.jpg","type":"image\/jpeg"}],"author":"clemens.dederl","twitter_card":"summary_large_image","twitter_creator":"@BIS_Tech","twitter_site":"@BIS_Tech","twitter_misc":{"Verfasst von":"clemens.dederl","Gesch\u00e4tzte Lesezeit":"1\u00a0Minute"},"schema":{"@context":"https:\/\/schema.org","@graph":[{"@type":"Article","@id":"https:\/\/www.walraven.com\/de\/ueber-walraven\/aktuelles\/70-jahre-walraven\/#article","isPartOf":{"@id":"https:\/\/www.walraven.com\/de\/ueber-walraven\/aktuelles\/70-jahre-walraven\/"},"author":{"name":"clemens.dederl","@id":"https:\/\/www.walraven.com\/de\/#\/schema\/person\/5aac3c4f1fbe0595c337615af839d821"},"headline":"Traditionell innovativ","datePublished":"2012-08-23T22:00:00+00:00","dateModified":"2019-02-22T11:14:09+00:00","mainEntityOfPage":{"@id":"https:\/\/www.walraven.com\/de\/ueber-walraven\/aktuelles\/70-jahre-walraven\/"},"wordCount":268,"publisher":{"@id":"https:\/\/www.walraven.com\/de\/#organization"},"image":{"@id":"https:\/\/www.walraven.com\/de\/ueber-walraven\/aktuelles\/70-jahre-walraven\/#primaryimage"},"thumbnailUrl":"https:\/\/www.walraven.com\/de\/wp-content\/uploads\/sites\/4\/2015\/06\/c7mlxbiap2ti6aho71904t4rhngpmmq-9XWlVa.jpg","articleSection":["News"],"inLanguage":"de"},{"@type":"WebPage","@id":"https:\/\/www.walraven.com\/de\/ueber-walraven\/aktuelles\/70-jahre-walraven\/","url":"https:\/\/www.walraven.com\/de\/ueber-walraven\/aktuelles\/70-jahre-walraven\/","name":"Traditionell innovativ - Walraven Deutschland","isPartOf":{"@id":"https:\/\/www.walraven.com\/de\/#website"},"primaryImageOfPage":{"@id":"https:\/\/www.walraven.com\/de\/ueber-walraven\/aktuelles\/70-jahre-walraven\/#primaryimage"},"image":{"@id":"https:\/\/www.walraven.com\/de\/ueber-walraven\/aktuelles\/70-jahre-walraven\/#primaryimage"},"thumbnailUrl":"https:\/\/www.walraven.com\/de\/wp-content\/uploads\/sites\/4\/2015\/06\/c7mlxbiap2ti6aho71904t4rhngpmmq-9XWlVa.jpg","datePublished":"2012-08-23T22:00:00+00:00","dateModified":"2019-02-22T11:14:09+00:00","description":"800 Mitarbeiter weltweit in 22 Produktions- und Verkaufsniederlassungen: das familiengef\u00fchrte Unternehmen Walraven 70 Jahre nach der Gr\u00fcndung.","breadcrumb":{"@id":"https:\/\/www.walraven.com\/de\/ueber-walraven\/aktuelles\/70-jahre-walraven\/#breadcrumb"},"inLanguage":"de","potentialAction":[{"@type":"ReadAction","target":["https:\/\/www.walraven.com\/de\/ueber-walraven\/aktuelles\/70-jahre-walraven\/"]}]},{"@type":"ImageObject","inLanguage":"de","@id":"https:\/\/www.walraven.com\/de\/ueber-walraven\/aktuelles\/70-jahre-walraven\/#primaryimage","url":"https:\/\/www.walraven.com\/de\/wp-content\/uploads\/sites\/4\/2015\/06\/c7mlxbiap2ti6aho71904t4rhngpmmq-9XWlVa.jpg","contentUrl":"https:\/\/www.walraven.com\/de\/wp-content\/uploads\/sites\/4\/2015\/06\/c7mlxbiap2ti6aho71904t4rhngpmmq-9XWlVa.jpg","width":200,"height":135,"caption":"Traditionell innovativ"},{"@type":"BreadcrumbList","@id":"https:\/\/www.walraven.com\/de\/ueber-walraven\/aktuelles\/70-jahre-walraven\/#breadcrumb","itemListElement":[{"@type":"ListItem","position":1,"name":"Startseite","item":"https:\/\/www.walraven.com\/de\/"},{"@type":"ListItem","position":2,"name":"Traditionell innovativ"}]},{"@type":"WebSite","@id":"https:\/\/www.walraven.com\/de\/#website","url":"https:\/\/www.walraven.com\/de\/","name":"Walraven Deutschland","description":"","publisher":{"@id":"https:\/\/www.walraven.com\/de\/#organization"},"potentialAction":[{"@type":"SearchAction","target":{"@type":"EntryPoint","urlTemplate":"https:\/\/www.walraven.com\/de\/?s={search_term_string}"},"query-input":{"@type":"PropertyValueSpecification","valueRequired":true,"valueName":"search_term_string"}}],"inLanguage":"de"},{"@type":"Organization","@id":"https:\/\/www.walraven.com\/de\/#organization","name":"Walraven GmbH","alternateName":"Walraven GmbH","url":"https:\/\/www.walraven.com\/de\/","logo":{"@type":"ImageObject","inLanguage":"de","@id":"https:\/\/www.walraven.com\/de\/#\/schema\/logo\/image\/","url":"https:\/\/www.walraven.com\/de\/wp-content\/uploads\/sites\/4\/2023\/12\/Walraven_logo300x300.jpg","contentUrl":"https:\/\/www.walraven.com\/de\/wp-content\/uploads\/sites\/4\/2023\/12\/Walraven_logo300x300.jpg","width":300,"height":300,"caption":"Walraven GmbH"},"image":{"@id":"https:\/\/www.walraven.com\/de\/#\/schema\/logo\/image\/"},"sameAs":["https:\/\/www.facebook.com\/Walraven.GmbH","https:\/\/x.com\/BIS_Tech","https:\/\/www.youtube.com\/WalravenDE","https:\/\/www.linkedin.com\/company\/walraven-gmbh","https:\/\/www.instagram.com\/walraven.gmbh\/"]},{"@type":"Person","@id":"https:\/\/www.walraven.com\/de\/#\/schema\/person\/5aac3c4f1fbe0595c337615af839d821","name":"clemens.dederl","image":{"@type":"ImageObject","inLanguage":"de","@id":"https:\/\/secure.gravatar.com\/avatar\/34ae201fd7991ed73d71ab76117c9370e60d8bb5349d31713df056b5a439d847?s=96&d=mm&r=g","url":"https:\/\/secure.gravatar.com\/avatar\/34ae201fd7991ed73d71ab76117c9370e60d8bb5349d31713df056b5a439d847?s=96&d=mm&r=g","contentUrl":"https:\/\/secure.gravatar.com\/avatar\/34ae201fd7991ed73d71ab76117c9370e60d8bb5349d31713df056b5a439d847?s=96&d=mm&r=g","caption":"clemens.dederl"}}]}},"_links":{"self":[{"href":"https:\/\/www.walraven.com\/de\/wp-json\/wp\/v2\/posts\/255","targetHints":{"allow":["GET"]}}],"collection":[{"href":"https:\/\/www.walraven.com\/de\/wp-json\/wp\/v2\/posts"}],"about":[{"href":"https:\/\/www.walraven.com\/de\/wp-json\/wp\/v2\/types\/post"}],"author":[{"embeddable":true,"href":"https:\/\/www.walraven.com\/de\/wp-json\/wp\/v2\/users\/33"}],"replies":[{"embeddable":true,"href":"https:\/\/www.walraven.com\/de\/wp-json\/wp\/v2\/comments?post=255"}],"version-history":[{"count":14,"href":"https:\/\/www.walraven.com\/de\/wp-json\/wp\/v2\/posts\/255\/revisions"}],"predecessor-version":[{"id":72139,"href":"https:\/\/www.walraven.com\/de\/wp-json\/wp\/v2\/posts\/255\/revisions\/72139"}],"wp:featuredmedia":[{"embeddable":true,"href":"https:\/\/www.walraven.com\/de\/wp-json\/wp\/v2\/media\/4160"}],"wp:attachment":[{"href":"https:\/\/www.walraven.com\/de\/wp-json\/wp\/v2\/media?parent=255"}],"wp:term":[{"taxonomy":"category","embeddable":true,"href":"https:\/\/www.walraven.com\/de\/wp-json\/wp\/v2\/categories?post=255"},{"taxonomy":"post_tag","embeddable":true,"href":"https:\/\/www.walraven.com\/de\/wp-json\/wp\/v2\/tags?post=255"}],"curies":[{"name":"wp","href":"https:\/\/api.w.org\/{rel}","templated":true}]}}