{"id":497,"date":"2011-01-05T00:00:00","date_gmt":"2011-01-04T23:00:00","guid":{"rendered":"https:\/\/www.walraven.com\/de\/blog\/2016\/09\/29\/neue-mitarbeiter\/"},"modified":"2019-02-08T11:49:18","modified_gmt":"2019-02-08T10:49:18","slug":"neue-mitarbeiter","status":"publish","type":"post","link":"https:\/\/www.walraven.com\/de\/ueber-walraven\/aktuelles\/neue-mitarbeiter\/","title":{"rendered":"Ab sofort f\u00fcr Sie vor Ort"},"content":{"rendered":"<p><img loading=\"lazy\" decoding=\"async\" class=\"alignnone size-medium wp-image-35917 alignleft\" src=\"https:\/\/www.walraven.com\/wp-content\/uploads\/sites\/4\/2011\/01\/HGB-NM-300x207.png\" alt=\"Hans-Georg Berger und Nils Meyer\" width=\"300\" height=\"207\" srcset=\"https:\/\/www.walraven.com\/de\/wp-content\/uploads\/sites\/4\/2011\/01\/HGB-NM-300x207.png 300w, https:\/\/www.walraven.com\/de\/wp-content\/uploads\/sites\/4\/2011\/01\/HGB-NM-768x531.png 768w, https:\/\/www.walraven.com\/de\/wp-content\/uploads\/sites\/4\/2011\/01\/HGB-NM-1024x708.png 1024w, https:\/\/www.walraven.com\/de\/wp-content\/uploads\/sites\/4\/2011\/01\/HGB-NM-441x305.png 441w, https:\/\/www.walraven.com\/de\/wp-content\/uploads\/sites\/4\/2011\/01\/HGB-NM-551x381.png 551w, https:\/\/www.walraven.com\/de\/wp-content\/uploads\/sites\/4\/2011\/01\/HGB-NM.png 1285w\" sizes=\"auto, (max-width: 300px) 100vw, 300px\" \/><\/p>\n<p>Neue Au\u00dfendienstmitarbeiter f\u00fcr Schleswig-Holstein\/Hamburg und Nordrhein-Westfalen-West<\/p>\n<h2>\u00dcberzeugende Produkte und Unternehmensphilosophie<\/h2>\n<h4>Neuer Walraven-Gebietsverkaufsleiter Nordrhein-Westfalen West<\/h4>\n<p>Hans-Georg Berger ist seit 1. Januar neuer BIS Walraven-Gebietsverkaufsleiter Nordrhein-Westfalen West. Die <img loading=\"lazy\" decoding=\"async\" class=\" wp-image-24927 alignright\" src=\"https:\/\/www.walraven.com\/wp-content\/uploads\/sites\/4\/2016\/11\/Hans_Georg-Berger.jpg\" alt=\"Hans Georg Berger\" width=\"118\" height=\"163\" srcset=\"https:\/\/www.walraven.com\/de\/wp-content\/uploads\/sites\/4\/2016\/11\/Hans_Georg-Berger.jpg 176w, https:\/\/www.walraven.com\/de\/wp-content\/uploads\/sites\/4\/2016\/11\/Hans_Georg-Berger-160x220.jpg 160w\" sizes=\"auto, (max-width: 118px) 100vw, 118px\" \/>Entscheidung des erfahrenen SHK- Au\u00dfendienstmitarbeiters und Verkaufsberaters f\u00fcr eine T\u00e4tigkeit bei Walraven als Gebietsverkaufsleiter fiel vor dem Hintergrund, dass der 48-j\u00e4hrige das Unternehmen bereits seit Jahren kennt und sich mit deren Produkten und Philosophie schon immer identifizierte.<\/p>\n<p>Der SHK-Branche geh\u00f6rt die gro\u00dfe Leidenschaft des gelernten Gro\u00df- und Au\u00dfenhandelskaufmanns. Als Au\u00dfendienstmitarbeiter und selbst\u00e4ndiger Handelsvertreter f\u00fcr Sanit\u00e4r- und Heizungspro- dukte ebenso wie als Key-Account-Manager lebte er sie. Interesse an Vertriebst\u00e4tigkeiten ebenso wie technischen Produkten ver- schmolzen bei Schulungst\u00e4tigkeiten, die Bergers beruflichen Lebensweg begleiteten und begleiten werden. Als BIS Walraven-Gebietsverkaufsleiter setzt er nun seine F\u00e4higkeiten und Interessen f\u00fcr den kontinuierlichen Aufbau der Region Nordrhein-Westfalen West ein.<\/p>\n<h2>Auch im Norden viel Neues<\/h2>\n<p><img loading=\"lazy\" decoding=\"async\" class=\"alignleft\" src=\"https:\/\/www.walraven.com\/wp-content\/uploads\/sites\/4\/2014\/10\/epnvjsliu1x8zou5a1na3d81nzmdv3a-DARyoS.jpg\" alt=\"Nils Meyer\" width=\"132\" height=\"191\" \/><\/p>\n<h4>Nils Meyer vertritt BIS Walraven in Schleswig-Holstein und Hamburg<\/h4>\n<p>Nils Meyer ist seit Beginn des Jahres Gebiets- verkaufsleiter f\u00fcr Hamburg und Schleswig Holstein der BIS Walraven GmbH. Der 28-j\u00e4hrige Meister f\u00fcr Sanit\u00e4r, Heizung- und Klimatechnik und staat- lich anerkannte Fachberater im Vertrieb arbeitete bereits w\u00e4hrend seine Gesellenzeit mit BIS-Pro- dukten. Das war einer der Gr\u00fcnde f\u00fcr ihn, ab sofort das deutsch- landweit t\u00e4tige Bayreuther Unternehmen im Norden Deutschlands zu vertreten. Meyer setzt seine mehrj\u00e4hrige Erfahrung im Au\u00dfendienst ein, um das starke Walraven-Kundennetzwerk im norddeutschen Raum zu pflegen und weiter auszubauen.<\/p>\n","protected":false},"excerpt":{"rendered":"<p>Neue Au\u00dfendienstmitarbeiter f\u00fcr Schleswig-Holstein\/Hamburg und Nordrhein-Westfalen-West \u00dcberzeugende Produkte und Unternehmensphilosophie Neuer Walraven-Gebietsverkaufsleiter Nordrhein-Westfalen West Hans-Georg Berger ist seit 1. Januar neuer BIS Walraven-Gebietsverkaufsleiter Nordrhein-Westfalen West. Die Entscheidung des erfahrenen SHK- Au\u00dfendienstmitarbeiters und Verkaufsberaters f\u00fcr eine T\u00e4tigkeit bei Walraven als Gebietsverkaufsleiter fiel vor dem Hintergrund, dass der 48-j\u00e4hrige das Unternehmen bereits seit Jahren kennt und sich [&hellip;]<\/p>\n","protected":false},"author":33,"featured_media":35917,"comment_status":"closed","ping_status":"open","sticky":false,"template":"","format":"standard","meta":{"_acf_changed":false,"footnotes":""},"categories":[432],"tags":[],"class_list":["post-497","post","type-post","status-publish","format-standard","has-post-thumbnail","hentry","category-news"],"acf":[],"yoast_head":"<!-- This site is optimized with the Yoast SEO Premium plugin v27.5 (Yoast SEO v27.5) - https:\/\/yoast.com\/product\/yoast-seo-premium-wordpress\/ -->\n<title>Ab sofort f\u00fcr Sie vor Ort - Walraven Deutschland<\/title>\n<meta name=\"description\" content=\"Neue Walraven-Kollegen im Au\u00dfendienst in Schleswig-Holstein sowie Hamburg und in Nordrhein-Westfalen-West f\u00fcr Sie vor Ort.\" \/>\n<meta name=\"robots\" content=\"index, follow, max-snippet:-1, max-image-preview:large, max-video-preview:-1\" \/>\n<link rel=\"canonical\" href=\"https:\/\/www.walraven.com\/de\/ueber-walraven\/aktuelles\/neue-mitarbeiter\/\" \/>\n<meta property=\"og:locale\" content=\"de_DE\" \/>\n<meta property=\"og:type\" content=\"article\" \/>\n<meta property=\"og:title\" content=\"Ab sofort f\u00fcr Sie vor Ort\" \/>\n<meta property=\"og:description\" content=\"Neue Walraven-Kollegen im Au\u00dfendienst in Schleswig-Holstein sowie Hamburg und in Nordrhein-Westfalen-West f\u00fcr Sie vor Ort.\" \/>\n<meta property=\"og:url\" content=\"https:\/\/www.walraven.com\/de\/ueber-walraven\/aktuelles\/neue-mitarbeiter\/\" \/>\n<meta property=\"og:site_name\" content=\"Walraven Deutschland\" \/>\n<meta property=\"article:publisher\" content=\"https:\/\/www.facebook.com\/Walraven.GmbH\" \/>\n<meta property=\"article:published_time\" content=\"2011-01-04T23:00:00+00:00\" \/>\n<meta property=\"article:modified_time\" content=\"2019-02-08T10:49:18+00:00\" \/>\n<meta property=\"og:image\" content=\"https:\/\/www.walraven.com\/de\/wp-content\/uploads\/sites\/4\/2011\/01\/HGB-NM.png\" \/>\n\t<meta property=\"og:image:width\" content=\"1285\" \/>\n\t<meta property=\"og:image:height\" content=\"888\" \/>\n\t<meta property=\"og:image:type\" content=\"image\/png\" \/>\n<meta name=\"author\" content=\"clemens.dederl\" \/>\n<meta name=\"twitter:card\" content=\"summary_large_image\" \/>\n<meta name=\"twitter:creator\" content=\"@BIS_Tech\" \/>\n<meta name=\"twitter:site\" content=\"@BIS_Tech\" \/>\n<meta name=\"twitter:label1\" content=\"Verfasst von\" \/>\n\t<meta name=\"twitter:data1\" content=\"clemens.dederl\" \/>\n\t<meta name=\"twitter:label2\" content=\"Gesch\u00e4tzte Lesezeit\" \/>\n\t<meta name=\"twitter:data2\" content=\"1\u00a0Minute\" \/>\n<script type=\"application\/ld+json\" class=\"yoast-schema-graph\">{\"@context\":\"https:\\\/\\\/schema.org\",\"@graph\":[{\"@type\":\"Article\",\"@id\":\"https:\\\/\\\/www.walraven.com\\\/de\\\/ueber-walraven\\\/aktuelles\\\/neue-mitarbeiter\\\/#article\",\"isPartOf\":{\"@id\":\"https:\\\/\\\/www.walraven.com\\\/de\\\/ueber-walraven\\\/aktuelles\\\/neue-mitarbeiter\\\/\"},\"author\":{\"name\":\"clemens.dederl\",\"@id\":\"https:\\\/\\\/www.walraven.com\\\/de\\\/#\\\/schema\\\/person\\\/5aac3c4f1fbe0595c337615af839d821\"},\"headline\":\"Ab sofort f\u00fcr Sie vor Ort\",\"datePublished\":\"2011-01-04T23:00:00+00:00\",\"dateModified\":\"2019-02-08T10:49:18+00:00\",\"mainEntityOfPage\":{\"@id\":\"https:\\\/\\\/www.walraven.com\\\/de\\\/ueber-walraven\\\/aktuelles\\\/neue-mitarbeiter\\\/\"},\"wordCount\":259,\"publisher\":{\"@id\":\"https:\\\/\\\/www.walraven.com\\\/de\\\/#organization\"},\"image\":{\"@id\":\"https:\\\/\\\/www.walraven.com\\\/de\\\/ueber-walraven\\\/aktuelles\\\/neue-mitarbeiter\\\/#primaryimage\"},\"thumbnailUrl\":\"https:\\\/\\\/www.walraven.com\\\/de\\\/wp-content\\\/uploads\\\/sites\\\/4\\\/2011\\\/01\\\/HGB-NM.png\",\"articleSection\":[\"News\"],\"inLanguage\":\"de\"},{\"@type\":\"WebPage\",\"@id\":\"https:\\\/\\\/www.walraven.com\\\/de\\\/ueber-walraven\\\/aktuelles\\\/neue-mitarbeiter\\\/\",\"url\":\"https:\\\/\\\/www.walraven.com\\\/de\\\/ueber-walraven\\\/aktuelles\\\/neue-mitarbeiter\\\/\",\"name\":\"Ab sofort f\u00fcr Sie vor Ort - Walraven Deutschland\",\"isPartOf\":{\"@id\":\"https:\\\/\\\/www.walraven.com\\\/de\\\/#website\"},\"primaryImageOfPage\":{\"@id\":\"https:\\\/\\\/www.walraven.com\\\/de\\\/ueber-walraven\\\/aktuelles\\\/neue-mitarbeiter\\\/#primaryimage\"},\"image\":{\"@id\":\"https:\\\/\\\/www.walraven.com\\\/de\\\/ueber-walraven\\\/aktuelles\\\/neue-mitarbeiter\\\/#primaryimage\"},\"thumbnailUrl\":\"https:\\\/\\\/www.walraven.com\\\/de\\\/wp-content\\\/uploads\\\/sites\\\/4\\\/2011\\\/01\\\/HGB-NM.png\",\"datePublished\":\"2011-01-04T23:00:00+00:00\",\"dateModified\":\"2019-02-08T10:49:18+00:00\",\"description\":\"Neue Walraven-Kollegen im Au\u00dfendienst in Schleswig-Holstein sowie Hamburg und in Nordrhein-Westfalen-West f\u00fcr Sie vor Ort.\",\"breadcrumb\":{\"@id\":\"https:\\\/\\\/www.walraven.com\\\/de\\\/ueber-walraven\\\/aktuelles\\\/neue-mitarbeiter\\\/#breadcrumb\"},\"inLanguage\":\"de\",\"potentialAction\":[{\"@type\":\"ReadAction\",\"target\":[\"https:\\\/\\\/www.walraven.com\\\/de\\\/ueber-walraven\\\/aktuelles\\\/neue-mitarbeiter\\\/\"]}]},{\"@type\":\"ImageObject\",\"inLanguage\":\"de\",\"@id\":\"https:\\\/\\\/www.walraven.com\\\/de\\\/ueber-walraven\\\/aktuelles\\\/neue-mitarbeiter\\\/#primaryimage\",\"url\":\"https:\\\/\\\/www.walraven.com\\\/de\\\/wp-content\\\/uploads\\\/sites\\\/4\\\/2011\\\/01\\\/HGB-NM.png\",\"contentUrl\":\"https:\\\/\\\/www.walraven.com\\\/de\\\/wp-content\\\/uploads\\\/sites\\\/4\\\/2011\\\/01\\\/HGB-NM.png\",\"width\":1285,\"height\":888,\"caption\":\"Hans-Georg Berger und Nils Meyer\"},{\"@type\":\"BreadcrumbList\",\"@id\":\"https:\\\/\\\/www.walraven.com\\\/de\\\/ueber-walraven\\\/aktuelles\\\/neue-mitarbeiter\\\/#breadcrumb\",\"itemListElement\":[{\"@type\":\"ListItem\",\"position\":1,\"name\":\"Startseite\",\"item\":\"https:\\\/\\\/www.walraven.com\\\/de\\\/\"},{\"@type\":\"ListItem\",\"position\":2,\"name\":\"Ab sofort f\u00fcr Sie vor Ort\"}]},{\"@type\":\"WebSite\",\"@id\":\"https:\\\/\\\/www.walraven.com\\\/de\\\/#website\",\"url\":\"https:\\\/\\\/www.walraven.com\\\/de\\\/\",\"name\":\"Walraven Deutschland\",\"description\":\"\",\"publisher\":{\"@id\":\"https:\\\/\\\/www.walraven.com\\\/de\\\/#organization\"},\"potentialAction\":[{\"@type\":\"SearchAction\",\"target\":{\"@type\":\"EntryPoint\",\"urlTemplate\":\"https:\\\/\\\/www.walraven.com\\\/de\\\/?s={search_term_string}\"},\"query-input\":{\"@type\":\"PropertyValueSpecification\",\"valueRequired\":true,\"valueName\":\"search_term_string\"}}],\"inLanguage\":\"de\"},{\"@type\":\"Organization\",\"@id\":\"https:\\\/\\\/www.walraven.com\\\/de\\\/#organization\",\"name\":\"Walraven GmbH\",\"alternateName\":\"Walraven GmbH\",\"url\":\"https:\\\/\\\/www.walraven.com\\\/de\\\/\",\"logo\":{\"@type\":\"ImageObject\",\"inLanguage\":\"de\",\"@id\":\"https:\\\/\\\/www.walraven.com\\\/de\\\/#\\\/schema\\\/logo\\\/image\\\/\",\"url\":\"https:\\\/\\\/www.walraven.com\\\/de\\\/wp-content\\\/uploads\\\/sites\\\/4\\\/2023\\\/12\\\/Walraven_logo300x300.jpg\",\"contentUrl\":\"https:\\\/\\\/www.walraven.com\\\/de\\\/wp-content\\\/uploads\\\/sites\\\/4\\\/2023\\\/12\\\/Walraven_logo300x300.jpg\",\"width\":300,\"height\":300,\"caption\":\"Walraven GmbH\"},\"image\":{\"@id\":\"https:\\\/\\\/www.walraven.com\\\/de\\\/#\\\/schema\\\/logo\\\/image\\\/\"},\"sameAs\":[\"https:\\\/\\\/www.facebook.com\\\/Walraven.GmbH\",\"https:\\\/\\\/x.com\\\/BIS_Tech\",\"https:\\\/\\\/www.youtube.com\\\/WalravenDE\",\"https:\\\/\\\/www.linkedin.com\\\/company\\\/walraven-gmbh\",\"https:\\\/\\\/www.instagram.com\\\/walraven.gmbh\\\/\"]},{\"@type\":\"Person\",\"@id\":\"https:\\\/\\\/www.walraven.com\\\/de\\\/#\\\/schema\\\/person\\\/5aac3c4f1fbe0595c337615af839d821\",\"name\":\"clemens.dederl\",\"image\":{\"@type\":\"ImageObject\",\"inLanguage\":\"de\",\"@id\":\"https:\\\/\\\/secure.gravatar.com\\\/avatar\\\/34ae201fd7991ed73d71ab76117c9370e60d8bb5349d31713df056b5a439d847?s=96&d=mm&r=g\",\"url\":\"https:\\\/\\\/secure.gravatar.com\\\/avatar\\\/34ae201fd7991ed73d71ab76117c9370e60d8bb5349d31713df056b5a439d847?s=96&d=mm&r=g\",\"contentUrl\":\"https:\\\/\\\/secure.gravatar.com\\\/avatar\\\/34ae201fd7991ed73d71ab76117c9370e60d8bb5349d31713df056b5a439d847?s=96&d=mm&r=g\",\"caption\":\"clemens.dederl\"}}]}<\/script>\n<!-- \/ Yoast SEO Premium plugin. -->","yoast_head_json":{"title":"Ab sofort f\u00fcr Sie vor Ort - Walraven Deutschland","description":"Neue Walraven-Kollegen im Au\u00dfendienst in Schleswig-Holstein sowie Hamburg und in Nordrhein-Westfalen-West f\u00fcr Sie vor Ort.","robots":{"index":"index","follow":"follow","max-snippet":"max-snippet:-1","max-image-preview":"max-image-preview:large","max-video-preview":"max-video-preview:-1"},"canonical":"https:\/\/www.walraven.com\/de\/ueber-walraven\/aktuelles\/neue-mitarbeiter\/","og_locale":"de_DE","og_type":"article","og_title":"Ab sofort f\u00fcr Sie vor Ort","og_description":"Neue Walraven-Kollegen im Au\u00dfendienst in Schleswig-Holstein sowie Hamburg und in Nordrhein-Westfalen-West f\u00fcr Sie vor Ort.","og_url":"https:\/\/www.walraven.com\/de\/ueber-walraven\/aktuelles\/neue-mitarbeiter\/","og_site_name":"Walraven Deutschland","article_publisher":"https:\/\/www.facebook.com\/Walraven.GmbH","article_published_time":"2011-01-04T23:00:00+00:00","article_modified_time":"2019-02-08T10:49:18+00:00","og_image":[{"width":1285,"height":888,"url":"https:\/\/www.walraven.com\/de\/wp-content\/uploads\/sites\/4\/2011\/01\/HGB-NM.png","type":"image\/png"}],"author":"clemens.dederl","twitter_card":"summary_large_image","twitter_creator":"@BIS_Tech","twitter_site":"@BIS_Tech","twitter_misc":{"Verfasst von":"clemens.dederl","Gesch\u00e4tzte Lesezeit":"1\u00a0Minute"},"schema":{"@context":"https:\/\/schema.org","@graph":[{"@type":"Article","@id":"https:\/\/www.walraven.com\/de\/ueber-walraven\/aktuelles\/neue-mitarbeiter\/#article","isPartOf":{"@id":"https:\/\/www.walraven.com\/de\/ueber-walraven\/aktuelles\/neue-mitarbeiter\/"},"author":{"name":"clemens.dederl","@id":"https:\/\/www.walraven.com\/de\/#\/schema\/person\/5aac3c4f1fbe0595c337615af839d821"},"headline":"Ab sofort f\u00fcr Sie vor Ort","datePublished":"2011-01-04T23:00:00+00:00","dateModified":"2019-02-08T10:49:18+00:00","mainEntityOfPage":{"@id":"https:\/\/www.walraven.com\/de\/ueber-walraven\/aktuelles\/neue-mitarbeiter\/"},"wordCount":259,"publisher":{"@id":"https:\/\/www.walraven.com\/de\/#organization"},"image":{"@id":"https:\/\/www.walraven.com\/de\/ueber-walraven\/aktuelles\/neue-mitarbeiter\/#primaryimage"},"thumbnailUrl":"https:\/\/www.walraven.com\/de\/wp-content\/uploads\/sites\/4\/2011\/01\/HGB-NM.png","articleSection":["News"],"inLanguage":"de"},{"@type":"WebPage","@id":"https:\/\/www.walraven.com\/de\/ueber-walraven\/aktuelles\/neue-mitarbeiter\/","url":"https:\/\/www.walraven.com\/de\/ueber-walraven\/aktuelles\/neue-mitarbeiter\/","name":"Ab sofort f\u00fcr Sie vor Ort - Walraven Deutschland","isPartOf":{"@id":"https:\/\/www.walraven.com\/de\/#website"},"primaryImageOfPage":{"@id":"https:\/\/www.walraven.com\/de\/ueber-walraven\/aktuelles\/neue-mitarbeiter\/#primaryimage"},"image":{"@id":"https:\/\/www.walraven.com\/de\/ueber-walraven\/aktuelles\/neue-mitarbeiter\/#primaryimage"},"thumbnailUrl":"https:\/\/www.walraven.com\/de\/wp-content\/uploads\/sites\/4\/2011\/01\/HGB-NM.png","datePublished":"2011-01-04T23:00:00+00:00","dateModified":"2019-02-08T10:49:18+00:00","description":"Neue Walraven-Kollegen im Au\u00dfendienst in Schleswig-Holstein sowie Hamburg und in Nordrhein-Westfalen-West f\u00fcr Sie vor Ort.","breadcrumb":{"@id":"https:\/\/www.walraven.com\/de\/ueber-walraven\/aktuelles\/neue-mitarbeiter\/#breadcrumb"},"inLanguage":"de","potentialAction":[{"@type":"ReadAction","target":["https:\/\/www.walraven.com\/de\/ueber-walraven\/aktuelles\/neue-mitarbeiter\/"]}]},{"@type":"ImageObject","inLanguage":"de","@id":"https:\/\/www.walraven.com\/de\/ueber-walraven\/aktuelles\/neue-mitarbeiter\/#primaryimage","url":"https:\/\/www.walraven.com\/de\/wp-content\/uploads\/sites\/4\/2011\/01\/HGB-NM.png","contentUrl":"https:\/\/www.walraven.com\/de\/wp-content\/uploads\/sites\/4\/2011\/01\/HGB-NM.png","width":1285,"height":888,"caption":"Hans-Georg Berger und Nils Meyer"},{"@type":"BreadcrumbList","@id":"https:\/\/www.walraven.com\/de\/ueber-walraven\/aktuelles\/neue-mitarbeiter\/#breadcrumb","itemListElement":[{"@type":"ListItem","position":1,"name":"Startseite","item":"https:\/\/www.walraven.com\/de\/"},{"@type":"ListItem","position":2,"name":"Ab sofort f\u00fcr Sie vor Ort"}]},{"@type":"WebSite","@id":"https:\/\/www.walraven.com\/de\/#website","url":"https:\/\/www.walraven.com\/de\/","name":"Walraven Deutschland","description":"","publisher":{"@id":"https:\/\/www.walraven.com\/de\/#organization"},"potentialAction":[{"@type":"SearchAction","target":{"@type":"EntryPoint","urlTemplate":"https:\/\/www.walraven.com\/de\/?s={search_term_string}"},"query-input":{"@type":"PropertyValueSpecification","valueRequired":true,"valueName":"search_term_string"}}],"inLanguage":"de"},{"@type":"Organization","@id":"https:\/\/www.walraven.com\/de\/#organization","name":"Walraven GmbH","alternateName":"Walraven GmbH","url":"https:\/\/www.walraven.com\/de\/","logo":{"@type":"ImageObject","inLanguage":"de","@id":"https:\/\/www.walraven.com\/de\/#\/schema\/logo\/image\/","url":"https:\/\/www.walraven.com\/de\/wp-content\/uploads\/sites\/4\/2023\/12\/Walraven_logo300x300.jpg","contentUrl":"https:\/\/www.walraven.com\/de\/wp-content\/uploads\/sites\/4\/2023\/12\/Walraven_logo300x300.jpg","width":300,"height":300,"caption":"Walraven GmbH"},"image":{"@id":"https:\/\/www.walraven.com\/de\/#\/schema\/logo\/image\/"},"sameAs":["https:\/\/www.facebook.com\/Walraven.GmbH","https:\/\/x.com\/BIS_Tech","https:\/\/www.youtube.com\/WalravenDE","https:\/\/www.linkedin.com\/company\/walraven-gmbh","https:\/\/www.instagram.com\/walraven.gmbh\/"]},{"@type":"Person","@id":"https:\/\/www.walraven.com\/de\/#\/schema\/person\/5aac3c4f1fbe0595c337615af839d821","name":"clemens.dederl","image":{"@type":"ImageObject","inLanguage":"de","@id":"https:\/\/secure.gravatar.com\/avatar\/34ae201fd7991ed73d71ab76117c9370e60d8bb5349d31713df056b5a439d847?s=96&d=mm&r=g","url":"https:\/\/secure.gravatar.com\/avatar\/34ae201fd7991ed73d71ab76117c9370e60d8bb5349d31713df056b5a439d847?s=96&d=mm&r=g","contentUrl":"https:\/\/secure.gravatar.com\/avatar\/34ae201fd7991ed73d71ab76117c9370e60d8bb5349d31713df056b5a439d847?s=96&d=mm&r=g","caption":"clemens.dederl"}}]}},"_links":{"self":[{"href":"https:\/\/www.walraven.com\/de\/wp-json\/wp\/v2\/posts\/497","targetHints":{"allow":["GET"]}}],"collection":[{"href":"https:\/\/www.walraven.com\/de\/wp-json\/wp\/v2\/posts"}],"about":[{"href":"https:\/\/www.walraven.com\/de\/wp-json\/wp\/v2\/types\/post"}],"author":[{"embeddable":true,"href":"https:\/\/www.walraven.com\/de\/wp-json\/wp\/v2\/users\/33"}],"replies":[{"embeddable":true,"href":"https:\/\/www.walraven.com\/de\/wp-json\/wp\/v2\/comments?post=497"}],"version-history":[{"count":14,"href":"https:\/\/www.walraven.com\/de\/wp-json\/wp\/v2\/posts\/497\/revisions"}],"predecessor-version":[{"id":71739,"href":"https:\/\/www.walraven.com\/de\/wp-json\/wp\/v2\/posts\/497\/revisions\/71739"}],"wp:featuredmedia":[{"embeddable":true,"href":"https:\/\/www.walraven.com\/de\/wp-json\/wp\/v2\/media\/35917"}],"wp:attachment":[{"href":"https:\/\/www.walraven.com\/de\/wp-json\/wp\/v2\/media?parent=497"}],"wp:term":[{"taxonomy":"category","embeddable":true,"href":"https:\/\/www.walraven.com\/de\/wp-json\/wp\/v2\/categories?post=497"},{"taxonomy":"post_tag","embeddable":true,"href":"https:\/\/www.walraven.com\/de\/wp-json\/wp\/v2\/tags?post=497"}],"curies":[{"name":"wp","href":"https:\/\/api.w.org\/{rel}","templated":true}]}}