{"id":573,"date":"2012-05-08T00:00:00","date_gmt":"2012-05-07T22:00:00","guid":{"rendered":"https:\/\/www.walraven.com\/de\/blog\/2016\/09\/29\/isofix-spanien\/"},"modified":"2025-01-27T07:34:52","modified_gmt":"2025-01-27T06:34:52","slug":"isofix-spanien","status":"publish","type":"post","link":"https:\/\/www.walraven.com\/de\/ueber-walraven\/aktuelles\/isofix-spanien\/","title":{"rendered":"Spanischer Marktf\u00fchrer f\u00fcr Rohrbefestigungen erg\u00e4nzt das Walraven-Produktsortiment"},"content":{"rendered":"<p><img decoding=\"async\" class=\"alignleft\" src=\"https:\/\/www.walraven.com\/wp-content\/uploads\/sites\/4\/2014\/11\/cspvihrbcnx6hn1m3jokxz5ta4vf4ks-pbOl1M.jpg\" alt=\"Mehrheitlich beteiligt an Isofix in Spanien\" \/><\/p>\n<h2>Mehrheitlich beteiligt an Isofix in Spanien<\/h2>\n<p>Isofix S.L ist seit April Mitglied der international t\u00e4tigen Walraven Group<\/p>\n<p>Wie Walraven ein inhabergef\u00fchrtes Familienunternehmen, fertigt und vertreibt der Befestigungsspezialist seit 1961 Produkte wie Montageb\u00e4nder, Kunststoffschellen und hochwertige Befestigungstechnik, die das Walraven Sortiment optimal erg\u00e4nzen.<\/p>\n<p>Auf 15 000 Quadratmetern Produktions- und Lagerfl\u00e4chen in Sant Quirze del Vall\u00e9s bei Barcelona fertigen die Mitarbeiter, unter anderem mit einer eigenen Spritzgussmaschine und einer Schienenprofilierungsanlage, Produkte f\u00fcr Kunden in Spanien, Portugal sowie Zentral- und S\u00fcdamerika.<\/p>\n<p>Die Walraven Group hei\u00dft das Unternehmen und seine 60 Mitarbeiter herzlich als neues Mitglied der Gruppe willkommen und freut sich auf die Zusammenarbeit. Mit dem Ziel, Kunden in S\u00fcd-West-Europa bestm\u00f6glich mit einem noch umfangreicheren Sortiment zu versorgen.<\/p>\n<div>\n<p>Isofix-Generaldirektor David Yanguas, Jan van Walraven, gesch\u00e4ftsf\u00fchrender Gesellschafter der Walraven Group, Isofix-Gr\u00fcnder Jose Mar\u00eda Yanguas, Jordi Vidal, Gemeinderatsvorsitzender von Saint Quirze del Vall\u00e8s, Coral Yanguas, Leiter Finanzen und Personal Isofix (von links nach rechts).<\/p>\n<\/div>\n","protected":false},"excerpt":{"rendered":"<p>Mehrheitlich beteiligt an Isofix in Spanien Isofix S.L ist seit April Mitglied der international t\u00e4tigen Walraven Group Wie Walraven ein inhabergef\u00fchrtes Familienunternehmen, fertigt und vertreibt der Befestigungsspezialist seit 1961 Produkte wie Montageb\u00e4nder, Kunststoffschellen und hochwertige Befestigungstechnik, die das Walraven Sortiment optimal erg\u00e4nzen. Auf 15 000 Quadratmetern Produktions- und Lagerfl\u00e4chen in Sant Quirze del Vall\u00e9s bei [&hellip;]<\/p>\n","protected":false},"author":33,"featured_media":4473,"comment_status":"closed","ping_status":"open","sticky":false,"template":"","format":"standard","meta":{"_acf_changed":false,"footnotes":""},"categories":[432],"tags":[],"class_list":["post-573","post","type-post","status-publish","format-standard","has-post-thumbnail","hentry","category-news"],"acf":[],"yoast_head":"<!-- This site is optimized with the Yoast SEO Premium plugin v27.5 (Yoast SEO v27.5) - https:\/\/yoast.com\/product\/yoast-seo-premium-wordpress\/ -->\n<title>Isofix S.L neues Mitglied der Walraven Group<\/title>\n<meta name=\"description\" content=\"Montageb\u00e4nder, Kunststoffschellen und Befestigungstechnik: Isofix S.L. ist seit April 2012 Mitglied der international t\u00e4tigen Walraven Group.\" \/>\n<meta name=\"robots\" content=\"index, follow, max-snippet:-1, max-image-preview:large, max-video-preview:-1\" \/>\n<link rel=\"canonical\" href=\"https:\/\/www.walraven.com\/de\/ueber-walraven\/aktuelles\/isofix-spanien\/\" \/>\n<meta property=\"og:locale\" content=\"de_DE\" \/>\n<meta property=\"og:type\" content=\"article\" \/>\n<meta property=\"og:title\" content=\"Spanischer Marktf\u00fchrer f\u00fcr Rohrbefestigungen erg\u00e4nzt das Walraven-Produktsortiment\" \/>\n<meta property=\"og:description\" content=\"Montageb\u00e4nder, Kunststoffschellen und Befestigungstechnik: Isofix S.L. ist seit April 2012 Mitglied der international t\u00e4tigen Walraven Group.\" \/>\n<meta property=\"og:url\" content=\"https:\/\/www.walraven.com\/de\/ueber-walraven\/aktuelles\/isofix-spanien\/\" \/>\n<meta property=\"og:site_name\" content=\"Walraven Deutschland\" \/>\n<meta property=\"article:publisher\" content=\"https:\/\/www.facebook.com\/Walraven.GmbH\" \/>\n<meta property=\"article:published_time\" content=\"2012-05-07T22:00:00+00:00\" \/>\n<meta property=\"article:modified_time\" content=\"2025-01-27T06:34:52+00:00\" \/>\n<meta property=\"og:image\" content=\"https:\/\/www.walraven.com\/de\/wp-content\/uploads\/sites\/4\/2014\/11\/cspvihrbcnx6hn1m3jokxz5ta4vf4ks-pbOl1M.jpg\" \/>\n\t<meta property=\"og:image:width\" content=\"200\" \/>\n\t<meta property=\"og:image:height\" content=\"97\" \/>\n\t<meta property=\"og:image:type\" content=\"image\/jpeg\" \/>\n<meta name=\"author\" content=\"clemens.dederl\" \/>\n<meta name=\"twitter:card\" content=\"summary_large_image\" \/>\n<meta name=\"twitter:creator\" content=\"@BIS_Tech\" \/>\n<meta name=\"twitter:site\" content=\"@BIS_Tech\" \/>\n<meta name=\"twitter:label1\" content=\"Verfasst von\" \/>\n\t<meta name=\"twitter:data1\" content=\"clemens.dederl\" \/>\n\t<meta name=\"twitter:label2\" content=\"Gesch\u00e4tzte Lesezeit\" \/>\n\t<meta name=\"twitter:data2\" content=\"2\u00a0Minuten\" \/>\n<script type=\"application\/ld+json\" class=\"yoast-schema-graph\">{\"@context\":\"https:\\\/\\\/schema.org\",\"@graph\":[{\"@type\":\"Article\",\"@id\":\"https:\\\/\\\/www.walraven.com\\\/de\\\/ueber-walraven\\\/aktuelles\\\/isofix-spanien\\\/#article\",\"isPartOf\":{\"@id\":\"https:\\\/\\\/www.walraven.com\\\/de\\\/ueber-walraven\\\/aktuelles\\\/isofix-spanien\\\/\"},\"author\":{\"name\":\"clemens.dederl\",\"@id\":\"https:\\\/\\\/www.walraven.com\\\/de\\\/#\\\/schema\\\/person\\\/5aac3c4f1fbe0595c337615af839d821\"},\"headline\":\"Spanischer Marktf\u00fchrer f\u00fcr Rohrbefestigungen erg\u00e4nzt das Walraven-Produktsortiment\",\"datePublished\":\"2012-05-07T22:00:00+00:00\",\"dateModified\":\"2025-01-27T06:34:52+00:00\",\"mainEntityOfPage\":{\"@id\":\"https:\\\/\\\/www.walraven.com\\\/de\\\/ueber-walraven\\\/aktuelles\\\/isofix-spanien\\\/\"},\"wordCount\":172,\"publisher\":{\"@id\":\"https:\\\/\\\/www.walraven.com\\\/de\\\/#organization\"},\"image\":{\"@id\":\"https:\\\/\\\/www.walraven.com\\\/de\\\/ueber-walraven\\\/aktuelles\\\/isofix-spanien\\\/#primaryimage\"},\"thumbnailUrl\":\"https:\\\/\\\/www.walraven.com\\\/de\\\/wp-content\\\/uploads\\\/sites\\\/4\\\/2014\\\/11\\\/cspvihrbcnx6hn1m3jokxz5ta4vf4ks-pbOl1M.jpg\",\"articleSection\":[\"News\"],\"inLanguage\":\"de\"},{\"@type\":\"WebPage\",\"@id\":\"https:\\\/\\\/www.walraven.com\\\/de\\\/ueber-walraven\\\/aktuelles\\\/isofix-spanien\\\/\",\"url\":\"https:\\\/\\\/www.walraven.com\\\/de\\\/ueber-walraven\\\/aktuelles\\\/isofix-spanien\\\/\",\"name\":\"Isofix S.L neues Mitglied der Walraven Group\",\"isPartOf\":{\"@id\":\"https:\\\/\\\/www.walraven.com\\\/de\\\/#website\"},\"primaryImageOfPage\":{\"@id\":\"https:\\\/\\\/www.walraven.com\\\/de\\\/ueber-walraven\\\/aktuelles\\\/isofix-spanien\\\/#primaryimage\"},\"image\":{\"@id\":\"https:\\\/\\\/www.walraven.com\\\/de\\\/ueber-walraven\\\/aktuelles\\\/isofix-spanien\\\/#primaryimage\"},\"thumbnailUrl\":\"https:\\\/\\\/www.walraven.com\\\/de\\\/wp-content\\\/uploads\\\/sites\\\/4\\\/2014\\\/11\\\/cspvihrbcnx6hn1m3jokxz5ta4vf4ks-pbOl1M.jpg\",\"datePublished\":\"2012-05-07T22:00:00+00:00\",\"dateModified\":\"2025-01-27T06:34:52+00:00\",\"description\":\"Montageb\u00e4nder, Kunststoffschellen und Befestigungstechnik: Isofix S.L. ist seit April 2012 Mitglied der international t\u00e4tigen Walraven Group.\",\"breadcrumb\":{\"@id\":\"https:\\\/\\\/www.walraven.com\\\/de\\\/ueber-walraven\\\/aktuelles\\\/isofix-spanien\\\/#breadcrumb\"},\"inLanguage\":\"de\",\"potentialAction\":[{\"@type\":\"ReadAction\",\"target\":[\"https:\\\/\\\/www.walraven.com\\\/de\\\/ueber-walraven\\\/aktuelles\\\/isofix-spanien\\\/\"]}]},{\"@type\":\"ImageObject\",\"inLanguage\":\"de\",\"@id\":\"https:\\\/\\\/www.walraven.com\\\/de\\\/ueber-walraven\\\/aktuelles\\\/isofix-spanien\\\/#primaryimage\",\"url\":\"https:\\\/\\\/www.walraven.com\\\/de\\\/wp-content\\\/uploads\\\/sites\\\/4\\\/2014\\\/11\\\/cspvihrbcnx6hn1m3jokxz5ta4vf4ks-pbOl1M.jpg\",\"contentUrl\":\"https:\\\/\\\/www.walraven.com\\\/de\\\/wp-content\\\/uploads\\\/sites\\\/4\\\/2014\\\/11\\\/cspvihrbcnx6hn1m3jokxz5ta4vf4ks-pbOl1M.jpg\",\"width\":200,\"height\":97,\"caption\":\"Spanischer Marktf\u00fchrer f\u00fcr Rohrbefestigungen erg\u00e4nzt das Walraven-Produktsortiment\"},{\"@type\":\"BreadcrumbList\",\"@id\":\"https:\\\/\\\/www.walraven.com\\\/de\\\/ueber-walraven\\\/aktuelles\\\/isofix-spanien\\\/#breadcrumb\",\"itemListElement\":[{\"@type\":\"ListItem\",\"position\":1,\"name\":\"Startseite\",\"item\":\"https:\\\/\\\/www.walraven.com\\\/de\\\/\"},{\"@type\":\"ListItem\",\"position\":2,\"name\":\"Spanischer Marktf\u00fchrer f\u00fcr Rohrbefestigungen erg\u00e4nzt das Walraven-Produktsortiment\"}]},{\"@type\":\"WebSite\",\"@id\":\"https:\\\/\\\/www.walraven.com\\\/de\\\/#website\",\"url\":\"https:\\\/\\\/www.walraven.com\\\/de\\\/\",\"name\":\"Walraven Deutschland\",\"description\":\"\",\"publisher\":{\"@id\":\"https:\\\/\\\/www.walraven.com\\\/de\\\/#organization\"},\"potentialAction\":[{\"@type\":\"SearchAction\",\"target\":{\"@type\":\"EntryPoint\",\"urlTemplate\":\"https:\\\/\\\/www.walraven.com\\\/de\\\/?s={search_term_string}\"},\"query-input\":{\"@type\":\"PropertyValueSpecification\",\"valueRequired\":true,\"valueName\":\"search_term_string\"}}],\"inLanguage\":\"de\"},{\"@type\":\"Organization\",\"@id\":\"https:\\\/\\\/www.walraven.com\\\/de\\\/#organization\",\"name\":\"Walraven GmbH\",\"alternateName\":\"Walraven GmbH\",\"url\":\"https:\\\/\\\/www.walraven.com\\\/de\\\/\",\"logo\":{\"@type\":\"ImageObject\",\"inLanguage\":\"de\",\"@id\":\"https:\\\/\\\/www.walraven.com\\\/de\\\/#\\\/schema\\\/logo\\\/image\\\/\",\"url\":\"https:\\\/\\\/www.walraven.com\\\/de\\\/wp-content\\\/uploads\\\/sites\\\/4\\\/2023\\\/12\\\/Walraven_logo300x300.jpg\",\"contentUrl\":\"https:\\\/\\\/www.walraven.com\\\/de\\\/wp-content\\\/uploads\\\/sites\\\/4\\\/2023\\\/12\\\/Walraven_logo300x300.jpg\",\"width\":300,\"height\":300,\"caption\":\"Walraven GmbH\"},\"image\":{\"@id\":\"https:\\\/\\\/www.walraven.com\\\/de\\\/#\\\/schema\\\/logo\\\/image\\\/\"},\"sameAs\":[\"https:\\\/\\\/www.facebook.com\\\/Walraven.GmbH\",\"https:\\\/\\\/x.com\\\/BIS_Tech\",\"https:\\\/\\\/www.youtube.com\\\/WalravenDE\",\"https:\\\/\\\/www.linkedin.com\\\/company\\\/walraven-gmbh\",\"https:\\\/\\\/www.instagram.com\\\/walraven.gmbh\\\/\"]},{\"@type\":\"Person\",\"@id\":\"https:\\\/\\\/www.walraven.com\\\/de\\\/#\\\/schema\\\/person\\\/5aac3c4f1fbe0595c337615af839d821\",\"name\":\"clemens.dederl\",\"image\":{\"@type\":\"ImageObject\",\"inLanguage\":\"de\",\"@id\":\"https:\\\/\\\/secure.gravatar.com\\\/avatar\\\/34ae201fd7991ed73d71ab76117c9370e60d8bb5349d31713df056b5a439d847?s=96&d=mm&r=g\",\"url\":\"https:\\\/\\\/secure.gravatar.com\\\/avatar\\\/34ae201fd7991ed73d71ab76117c9370e60d8bb5349d31713df056b5a439d847?s=96&d=mm&r=g\",\"contentUrl\":\"https:\\\/\\\/secure.gravatar.com\\\/avatar\\\/34ae201fd7991ed73d71ab76117c9370e60d8bb5349d31713df056b5a439d847?s=96&d=mm&r=g\",\"caption\":\"clemens.dederl\"}}]}<\/script>\n<!-- \/ Yoast SEO Premium plugin. -->","yoast_head_json":{"title":"Isofix S.L neues Mitglied der Walraven Group","description":"Montageb\u00e4nder, Kunststoffschellen und Befestigungstechnik: Isofix S.L. ist seit April 2012 Mitglied der international t\u00e4tigen Walraven Group.","robots":{"index":"index","follow":"follow","max-snippet":"max-snippet:-1","max-image-preview":"max-image-preview:large","max-video-preview":"max-video-preview:-1"},"canonical":"https:\/\/www.walraven.com\/de\/ueber-walraven\/aktuelles\/isofix-spanien\/","og_locale":"de_DE","og_type":"article","og_title":"Spanischer Marktf\u00fchrer f\u00fcr Rohrbefestigungen erg\u00e4nzt das Walraven-Produktsortiment","og_description":"Montageb\u00e4nder, Kunststoffschellen und Befestigungstechnik: Isofix S.L. ist seit April 2012 Mitglied der international t\u00e4tigen Walraven Group.","og_url":"https:\/\/www.walraven.com\/de\/ueber-walraven\/aktuelles\/isofix-spanien\/","og_site_name":"Walraven Deutschland","article_publisher":"https:\/\/www.facebook.com\/Walraven.GmbH","article_published_time":"2012-05-07T22:00:00+00:00","article_modified_time":"2025-01-27T06:34:52+00:00","og_image":[{"width":200,"height":97,"url":"https:\/\/www.walraven.com\/de\/wp-content\/uploads\/sites\/4\/2014\/11\/cspvihrbcnx6hn1m3jokxz5ta4vf4ks-pbOl1M.jpg","type":"image\/jpeg"}],"author":"clemens.dederl","twitter_card":"summary_large_image","twitter_creator":"@BIS_Tech","twitter_site":"@BIS_Tech","twitter_misc":{"Verfasst von":"clemens.dederl","Gesch\u00e4tzte Lesezeit":"2\u00a0Minuten"},"schema":{"@context":"https:\/\/schema.org","@graph":[{"@type":"Article","@id":"https:\/\/www.walraven.com\/de\/ueber-walraven\/aktuelles\/isofix-spanien\/#article","isPartOf":{"@id":"https:\/\/www.walraven.com\/de\/ueber-walraven\/aktuelles\/isofix-spanien\/"},"author":{"name":"clemens.dederl","@id":"https:\/\/www.walraven.com\/de\/#\/schema\/person\/5aac3c4f1fbe0595c337615af839d821"},"headline":"Spanischer Marktf\u00fchrer f\u00fcr Rohrbefestigungen erg\u00e4nzt das Walraven-Produktsortiment","datePublished":"2012-05-07T22:00:00+00:00","dateModified":"2025-01-27T06:34:52+00:00","mainEntityOfPage":{"@id":"https:\/\/www.walraven.com\/de\/ueber-walraven\/aktuelles\/isofix-spanien\/"},"wordCount":172,"publisher":{"@id":"https:\/\/www.walraven.com\/de\/#organization"},"image":{"@id":"https:\/\/www.walraven.com\/de\/ueber-walraven\/aktuelles\/isofix-spanien\/#primaryimage"},"thumbnailUrl":"https:\/\/www.walraven.com\/de\/wp-content\/uploads\/sites\/4\/2014\/11\/cspvihrbcnx6hn1m3jokxz5ta4vf4ks-pbOl1M.jpg","articleSection":["News"],"inLanguage":"de"},{"@type":"WebPage","@id":"https:\/\/www.walraven.com\/de\/ueber-walraven\/aktuelles\/isofix-spanien\/","url":"https:\/\/www.walraven.com\/de\/ueber-walraven\/aktuelles\/isofix-spanien\/","name":"Isofix S.L neues Mitglied der Walraven Group","isPartOf":{"@id":"https:\/\/www.walraven.com\/de\/#website"},"primaryImageOfPage":{"@id":"https:\/\/www.walraven.com\/de\/ueber-walraven\/aktuelles\/isofix-spanien\/#primaryimage"},"image":{"@id":"https:\/\/www.walraven.com\/de\/ueber-walraven\/aktuelles\/isofix-spanien\/#primaryimage"},"thumbnailUrl":"https:\/\/www.walraven.com\/de\/wp-content\/uploads\/sites\/4\/2014\/11\/cspvihrbcnx6hn1m3jokxz5ta4vf4ks-pbOl1M.jpg","datePublished":"2012-05-07T22:00:00+00:00","dateModified":"2025-01-27T06:34:52+00:00","description":"Montageb\u00e4nder, Kunststoffschellen und Befestigungstechnik: Isofix S.L. ist seit April 2012 Mitglied der international t\u00e4tigen Walraven Group.","breadcrumb":{"@id":"https:\/\/www.walraven.com\/de\/ueber-walraven\/aktuelles\/isofix-spanien\/#breadcrumb"},"inLanguage":"de","potentialAction":[{"@type":"ReadAction","target":["https:\/\/www.walraven.com\/de\/ueber-walraven\/aktuelles\/isofix-spanien\/"]}]},{"@type":"ImageObject","inLanguage":"de","@id":"https:\/\/www.walraven.com\/de\/ueber-walraven\/aktuelles\/isofix-spanien\/#primaryimage","url":"https:\/\/www.walraven.com\/de\/wp-content\/uploads\/sites\/4\/2014\/11\/cspvihrbcnx6hn1m3jokxz5ta4vf4ks-pbOl1M.jpg","contentUrl":"https:\/\/www.walraven.com\/de\/wp-content\/uploads\/sites\/4\/2014\/11\/cspvihrbcnx6hn1m3jokxz5ta4vf4ks-pbOl1M.jpg","width":200,"height":97,"caption":"Spanischer Marktf\u00fchrer f\u00fcr Rohrbefestigungen erg\u00e4nzt das Walraven-Produktsortiment"},{"@type":"BreadcrumbList","@id":"https:\/\/www.walraven.com\/de\/ueber-walraven\/aktuelles\/isofix-spanien\/#breadcrumb","itemListElement":[{"@type":"ListItem","position":1,"name":"Startseite","item":"https:\/\/www.walraven.com\/de\/"},{"@type":"ListItem","position":2,"name":"Spanischer Marktf\u00fchrer f\u00fcr Rohrbefestigungen erg\u00e4nzt das Walraven-Produktsortiment"}]},{"@type":"WebSite","@id":"https:\/\/www.walraven.com\/de\/#website","url":"https:\/\/www.walraven.com\/de\/","name":"Walraven Deutschland","description":"","publisher":{"@id":"https:\/\/www.walraven.com\/de\/#organization"},"potentialAction":[{"@type":"SearchAction","target":{"@type":"EntryPoint","urlTemplate":"https:\/\/www.walraven.com\/de\/?s={search_term_string}"},"query-input":{"@type":"PropertyValueSpecification","valueRequired":true,"valueName":"search_term_string"}}],"inLanguage":"de"},{"@type":"Organization","@id":"https:\/\/www.walraven.com\/de\/#organization","name":"Walraven GmbH","alternateName":"Walraven GmbH","url":"https:\/\/www.walraven.com\/de\/","logo":{"@type":"ImageObject","inLanguage":"de","@id":"https:\/\/www.walraven.com\/de\/#\/schema\/logo\/image\/","url":"https:\/\/www.walraven.com\/de\/wp-content\/uploads\/sites\/4\/2023\/12\/Walraven_logo300x300.jpg","contentUrl":"https:\/\/www.walraven.com\/de\/wp-content\/uploads\/sites\/4\/2023\/12\/Walraven_logo300x300.jpg","width":300,"height":300,"caption":"Walraven GmbH"},"image":{"@id":"https:\/\/www.walraven.com\/de\/#\/schema\/logo\/image\/"},"sameAs":["https:\/\/www.facebook.com\/Walraven.GmbH","https:\/\/x.com\/BIS_Tech","https:\/\/www.youtube.com\/WalravenDE","https:\/\/www.linkedin.com\/company\/walraven-gmbh","https:\/\/www.instagram.com\/walraven.gmbh\/"]},{"@type":"Person","@id":"https:\/\/www.walraven.com\/de\/#\/schema\/person\/5aac3c4f1fbe0595c337615af839d821","name":"clemens.dederl","image":{"@type":"ImageObject","inLanguage":"de","@id":"https:\/\/secure.gravatar.com\/avatar\/34ae201fd7991ed73d71ab76117c9370e60d8bb5349d31713df056b5a439d847?s=96&d=mm&r=g","url":"https:\/\/secure.gravatar.com\/avatar\/34ae201fd7991ed73d71ab76117c9370e60d8bb5349d31713df056b5a439d847?s=96&d=mm&r=g","contentUrl":"https:\/\/secure.gravatar.com\/avatar\/34ae201fd7991ed73d71ab76117c9370e60d8bb5349d31713df056b5a439d847?s=96&d=mm&r=g","caption":"clemens.dederl"}}]}},"_links":{"self":[{"href":"https:\/\/www.walraven.com\/de\/wp-json\/wp\/v2\/posts\/573","targetHints":{"allow":["GET"]}}],"collection":[{"href":"https:\/\/www.walraven.com\/de\/wp-json\/wp\/v2\/posts"}],"about":[{"href":"https:\/\/www.walraven.com\/de\/wp-json\/wp\/v2\/types\/post"}],"author":[{"embeddable":true,"href":"https:\/\/www.walraven.com\/de\/wp-json\/wp\/v2\/users\/33"}],"replies":[{"embeddable":true,"href":"https:\/\/www.walraven.com\/de\/wp-json\/wp\/v2\/comments?post=573"}],"version-history":[{"count":13,"href":"https:\/\/www.walraven.com\/de\/wp-json\/wp\/v2\/posts\/573\/revisions"}],"predecessor-version":[{"id":72034,"href":"https:\/\/www.walraven.com\/de\/wp-json\/wp\/v2\/posts\/573\/revisions\/72034"}],"wp:featuredmedia":[{"embeddable":true,"href":"https:\/\/www.walraven.com\/de\/wp-json\/wp\/v2\/media\/4473"}],"wp:attachment":[{"href":"https:\/\/www.walraven.com\/de\/wp-json\/wp\/v2\/media?parent=573"}],"wp:term":[{"taxonomy":"category","embeddable":true,"href":"https:\/\/www.walraven.com\/de\/wp-json\/wp\/v2\/categories?post=573"},{"taxonomy":"post_tag","embeddable":true,"href":"https:\/\/www.walraven.com\/de\/wp-json\/wp\/v2\/tags?post=573"}],"curies":[{"name":"wp","href":"https:\/\/api.w.org\/{rel}","templated":true}]}}