{"id":751,"date":"2010-07-12T00:00:00","date_gmt":"2010-07-11T22:00:00","guid":{"rendered":"https:\/\/www.walraven.com\/de\/blog\/2016\/09\/29\/neuer-mitarbeiter\/"},"modified":"2025-01-16T09:12:15","modified_gmt":"2025-01-16T08:12:15","slug":"neuer-mitarbeiter","status":"publish","type":"post","link":"https:\/\/www.walraven.com\/de\/ueber-walraven\/aktuelles\/neuer-mitarbeiter\/","title":{"rendered":"Uwe Kirchherr: Vielseitige Branchenerfahrung"},"content":{"rendered":"<p><img decoding=\"async\" class=\"alignleft\" src=\"https:\/\/www.walraven.com\/wp-content\/uploads\/sites\/4\/2014\/10\/18te7csl9hmkmbk51djkycay2hmopao-BMoWb3.jpg\" alt=\"Uwe Kirchherr: Vielseitige Branchenerfahrung\" \/><\/p>\n<p>Wir legen gro\u00dfen Wert auf Service und Kompetenz in Sachen Kundenbetreuung. Mit Uwe Kirchherr verst\u00e4rkt ein weiterer technischer Berater das Team in Baden-W\u00fcrttemberg<\/p>\n<p>Der 54-J\u00e4hrige gelernte Gro\u00dfhandelskaufmann wird wie gewohnt den Gro\u00dfhandelspartnern, insbesondere aber auch dem Installateur und TGA-Fachplaner zur Seite stehen. Die Vermittlung des Systemgedanken, der technischen Alleinstellungsmerkmale sowie der BIS Verkaufsf\u00f6rderung bilden dabei den Kern.<\/p>\n<p>Allen genannten Kundengruppen steht Herr Kirchherr durch seine vielseitige Branchenerfahrung, die er sich im Sanit\u00e4rhandwerk ebenso wie im sanit\u00e4ren Gro\u00dfhandel und letztlich durch seine Au\u00dfendienstt\u00e4tigkeit bei namhaften Befestigungsherstellern angeeignet hat, als Ansprechpartner zur Verf\u00fcgung. Diverse Fortbildungen, mitunter in Sachen Verkaufsf\u00f6rderung, komplettieren sein Profil. Kirchherrs Ziel: \u201e\u2026 dem Kunden die hohe Wertsch\u00f6pfungskraft des umfangreichen BIS Walraven Gesamtsortiments n\u00e4her bringen.\u201c Der zweifache Vater ist leidenschaftlicher Musikliebhaber, f\u00e4hrt Rad und betreibt seit 25 Jahren Ju Jutsu, sowohl aktiv wie auch als Trainer.<\/p>\n","protected":false},"excerpt":{"rendered":"<p>Wir legen gro\u00dfen Wert auf Service und Kompetenz in Sachen Kundenbetreuung. Mit Uwe Kirchherr verst\u00e4rkt ein weiterer technischer Berater das Team in Baden-W\u00fcrttemberg Der 54-J\u00e4hrige gelernte Gro\u00dfhandelskaufmann wird wie gewohnt den Gro\u00dfhandelspartnern, insbesondere aber auch dem Installateur und TGA-Fachplaner zur Seite stehen. Die Vermittlung des Systemgedanken, der technischen Alleinstellungsmerkmale sowie der BIS Verkaufsf\u00f6rderung bilden dabei [&hellip;]<\/p>\n","protected":false},"author":33,"featured_media":4653,"comment_status":"closed","ping_status":"open","sticky":false,"template":"","format":"standard","meta":{"_acf_changed":false,"footnotes":""},"categories":[432],"tags":[],"class_list":["post-751","post","type-post","status-publish","format-standard","has-post-thumbnail","hentry","category-news"],"acf":[],"yoast_head":"<!-- This site is optimized with the Yoast SEO Premium plugin v27.5 (Yoast SEO v27.5) - https:\/\/yoast.com\/product\/yoast-seo-premium-wordpress\/ -->\n<title>Uwe Kirchherr: Vielseitige Branchenerfahrung<\/title>\n<meta name=\"description\" content=\"Wir legen gro\u00dfen Wert auf Service und Kompetenz in Sachen Kundenbetreuung. Uwe Kirchherr verst\u00e4rkt das Team in Baden-W\u00fcrttemberg.\" \/>\n<meta name=\"robots\" content=\"index, follow, max-snippet:-1, max-image-preview:large, max-video-preview:-1\" \/>\n<link rel=\"canonical\" href=\"https:\/\/www.walraven.com\/de\/ueber-walraven\/aktuelles\/neuer-mitarbeiter\/\" \/>\n<meta property=\"og:locale\" content=\"de_DE\" \/>\n<meta property=\"og:type\" content=\"article\" \/>\n<meta property=\"og:title\" content=\"Uwe Kirchherr: Vielseitige Branchenerfahrung\" \/>\n<meta property=\"og:description\" content=\"Wir legen gro\u00dfen Wert auf Service und Kompetenz in Sachen Kundenbetreuung. Uwe Kirchherr verst\u00e4rkt das Team in Baden-W\u00fcrttemberg.\" \/>\n<meta property=\"og:url\" content=\"https:\/\/www.walraven.com\/de\/ueber-walraven\/aktuelles\/neuer-mitarbeiter\/\" \/>\n<meta property=\"og:site_name\" content=\"Walraven Deutschland\" \/>\n<meta property=\"article:publisher\" content=\"https:\/\/www.facebook.com\/Walraven.GmbH\" \/>\n<meta property=\"article:published_time\" content=\"2010-07-11T22:00:00+00:00\" \/>\n<meta property=\"article:modified_time\" content=\"2025-01-16T08:12:15+00:00\" \/>\n<meta property=\"og:image\" content=\"https:\/\/www.walraven.com\/de\/wp-content\/uploads\/sites\/4\/2014\/10\/18te7csl9hmkmbk51djkycay2hmopao-BMoWb3.jpg\" \/>\n\t<meta property=\"og:image:width\" content=\"88\" \/>\n\t<meta property=\"og:image:height\" content=\"122\" \/>\n\t<meta property=\"og:image:type\" content=\"image\/jpeg\" \/>\n<meta name=\"author\" content=\"clemens.dederl\" \/>\n<meta name=\"twitter:card\" content=\"summary_large_image\" \/>\n<meta name=\"twitter:creator\" content=\"@BIS_Tech\" \/>\n<meta name=\"twitter:site\" content=\"@BIS_Tech\" \/>\n<meta name=\"twitter:label1\" content=\"Verfasst von\" \/>\n\t<meta name=\"twitter:data1\" content=\"clemens.dederl\" \/>\n\t<meta name=\"twitter:label2\" content=\"Gesch\u00e4tzte Lesezeit\" \/>\n\t<meta name=\"twitter:data2\" content=\"2\u00a0Minuten\" \/>\n<script type=\"application\/ld+json\" class=\"yoast-schema-graph\">{\"@context\":\"https:\\\/\\\/schema.org\",\"@graph\":[{\"@type\":\"Article\",\"@id\":\"https:\\\/\\\/www.walraven.com\\\/de\\\/ueber-walraven\\\/aktuelles\\\/neuer-mitarbeiter\\\/#article\",\"isPartOf\":{\"@id\":\"https:\\\/\\\/www.walraven.com\\\/de\\\/ueber-walraven\\\/aktuelles\\\/neuer-mitarbeiter\\\/\"},\"author\":{\"name\":\"clemens.dederl\",\"@id\":\"https:\\\/\\\/www.walraven.com\\\/de\\\/#\\\/schema\\\/person\\\/5aac3c4f1fbe0595c337615af839d821\"},\"headline\":\"Uwe Kirchherr: Vielseitige Branchenerfahrung\",\"datePublished\":\"2010-07-11T22:00:00+00:00\",\"dateModified\":\"2025-01-16T08:12:15+00:00\",\"mainEntityOfPage\":{\"@id\":\"https:\\\/\\\/www.walraven.com\\\/de\\\/ueber-walraven\\\/aktuelles\\\/neuer-mitarbeiter\\\/\"},\"wordCount\":155,\"publisher\":{\"@id\":\"https:\\\/\\\/www.walraven.com\\\/de\\\/#organization\"},\"image\":{\"@id\":\"https:\\\/\\\/www.walraven.com\\\/de\\\/ueber-walraven\\\/aktuelles\\\/neuer-mitarbeiter\\\/#primaryimage\"},\"thumbnailUrl\":\"https:\\\/\\\/www.walraven.com\\\/de\\\/wp-content\\\/uploads\\\/sites\\\/4\\\/2014\\\/10\\\/18te7csl9hmkmbk51djkycay2hmopao-BMoWb3.jpg\",\"articleSection\":[\"News\"],\"inLanguage\":\"de\"},{\"@type\":\"WebPage\",\"@id\":\"https:\\\/\\\/www.walraven.com\\\/de\\\/ueber-walraven\\\/aktuelles\\\/neuer-mitarbeiter\\\/\",\"url\":\"https:\\\/\\\/www.walraven.com\\\/de\\\/ueber-walraven\\\/aktuelles\\\/neuer-mitarbeiter\\\/\",\"name\":\"Uwe Kirchherr: Vielseitige Branchenerfahrung\",\"isPartOf\":{\"@id\":\"https:\\\/\\\/www.walraven.com\\\/de\\\/#website\"},\"primaryImageOfPage\":{\"@id\":\"https:\\\/\\\/www.walraven.com\\\/de\\\/ueber-walraven\\\/aktuelles\\\/neuer-mitarbeiter\\\/#primaryimage\"},\"image\":{\"@id\":\"https:\\\/\\\/www.walraven.com\\\/de\\\/ueber-walraven\\\/aktuelles\\\/neuer-mitarbeiter\\\/#primaryimage\"},\"thumbnailUrl\":\"https:\\\/\\\/www.walraven.com\\\/de\\\/wp-content\\\/uploads\\\/sites\\\/4\\\/2014\\\/10\\\/18te7csl9hmkmbk51djkycay2hmopao-BMoWb3.jpg\",\"datePublished\":\"2010-07-11T22:00:00+00:00\",\"dateModified\":\"2025-01-16T08:12:15+00:00\",\"description\":\"Wir legen gro\u00dfen Wert auf Service und Kompetenz in Sachen Kundenbetreuung. Uwe Kirchherr verst\u00e4rkt das Team in Baden-W\u00fcrttemberg.\",\"breadcrumb\":{\"@id\":\"https:\\\/\\\/www.walraven.com\\\/de\\\/ueber-walraven\\\/aktuelles\\\/neuer-mitarbeiter\\\/#breadcrumb\"},\"inLanguage\":\"de\",\"potentialAction\":[{\"@type\":\"ReadAction\",\"target\":[\"https:\\\/\\\/www.walraven.com\\\/de\\\/ueber-walraven\\\/aktuelles\\\/neuer-mitarbeiter\\\/\"]}]},{\"@type\":\"ImageObject\",\"inLanguage\":\"de\",\"@id\":\"https:\\\/\\\/www.walraven.com\\\/de\\\/ueber-walraven\\\/aktuelles\\\/neuer-mitarbeiter\\\/#primaryimage\",\"url\":\"https:\\\/\\\/www.walraven.com\\\/de\\\/wp-content\\\/uploads\\\/sites\\\/4\\\/2014\\\/10\\\/18te7csl9hmkmbk51djkycay2hmopao-BMoWb3.jpg\",\"contentUrl\":\"https:\\\/\\\/www.walraven.com\\\/de\\\/wp-content\\\/uploads\\\/sites\\\/4\\\/2014\\\/10\\\/18te7csl9hmkmbk51djkycay2hmopao-BMoWb3.jpg\",\"width\":88,\"height\":122,\"caption\":\"Uwe Kirchherr: Vielseitige Branchenerfahrung\"},{\"@type\":\"BreadcrumbList\",\"@id\":\"https:\\\/\\\/www.walraven.com\\\/de\\\/ueber-walraven\\\/aktuelles\\\/neuer-mitarbeiter\\\/#breadcrumb\",\"itemListElement\":[{\"@type\":\"ListItem\",\"position\":1,\"name\":\"Startseite\",\"item\":\"https:\\\/\\\/www.walraven.com\\\/de\\\/\"},{\"@type\":\"ListItem\",\"position\":2,\"name\":\"Uwe Kirchherr: Vielseitige Branchenerfahrung\"}]},{\"@type\":\"WebSite\",\"@id\":\"https:\\\/\\\/www.walraven.com\\\/de\\\/#website\",\"url\":\"https:\\\/\\\/www.walraven.com\\\/de\\\/\",\"name\":\"Walraven Deutschland\",\"description\":\"\",\"publisher\":{\"@id\":\"https:\\\/\\\/www.walraven.com\\\/de\\\/#organization\"},\"potentialAction\":[{\"@type\":\"SearchAction\",\"target\":{\"@type\":\"EntryPoint\",\"urlTemplate\":\"https:\\\/\\\/www.walraven.com\\\/de\\\/?s={search_term_string}\"},\"query-input\":{\"@type\":\"PropertyValueSpecification\",\"valueRequired\":true,\"valueName\":\"search_term_string\"}}],\"inLanguage\":\"de\"},{\"@type\":\"Organization\",\"@id\":\"https:\\\/\\\/www.walraven.com\\\/de\\\/#organization\",\"name\":\"Walraven GmbH\",\"alternateName\":\"Walraven GmbH\",\"url\":\"https:\\\/\\\/www.walraven.com\\\/de\\\/\",\"logo\":{\"@type\":\"ImageObject\",\"inLanguage\":\"de\",\"@id\":\"https:\\\/\\\/www.walraven.com\\\/de\\\/#\\\/schema\\\/logo\\\/image\\\/\",\"url\":\"https:\\\/\\\/www.walraven.com\\\/de\\\/wp-content\\\/uploads\\\/sites\\\/4\\\/2023\\\/12\\\/Walraven_logo300x300.jpg\",\"contentUrl\":\"https:\\\/\\\/www.walraven.com\\\/de\\\/wp-content\\\/uploads\\\/sites\\\/4\\\/2023\\\/12\\\/Walraven_logo300x300.jpg\",\"width\":300,\"height\":300,\"caption\":\"Walraven GmbH\"},\"image\":{\"@id\":\"https:\\\/\\\/www.walraven.com\\\/de\\\/#\\\/schema\\\/logo\\\/image\\\/\"},\"sameAs\":[\"https:\\\/\\\/www.facebook.com\\\/Walraven.GmbH\",\"https:\\\/\\\/x.com\\\/BIS_Tech\",\"https:\\\/\\\/www.youtube.com\\\/WalravenDE\",\"https:\\\/\\\/www.linkedin.com\\\/company\\\/walraven-gmbh\",\"https:\\\/\\\/www.instagram.com\\\/walraven.gmbh\\\/\"]},{\"@type\":\"Person\",\"@id\":\"https:\\\/\\\/www.walraven.com\\\/de\\\/#\\\/schema\\\/person\\\/5aac3c4f1fbe0595c337615af839d821\",\"name\":\"clemens.dederl\",\"image\":{\"@type\":\"ImageObject\",\"inLanguage\":\"de\",\"@id\":\"https:\\\/\\\/secure.gravatar.com\\\/avatar\\\/34ae201fd7991ed73d71ab76117c9370e60d8bb5349d31713df056b5a439d847?s=96&d=mm&r=g\",\"url\":\"https:\\\/\\\/secure.gravatar.com\\\/avatar\\\/34ae201fd7991ed73d71ab76117c9370e60d8bb5349d31713df056b5a439d847?s=96&d=mm&r=g\",\"contentUrl\":\"https:\\\/\\\/secure.gravatar.com\\\/avatar\\\/34ae201fd7991ed73d71ab76117c9370e60d8bb5349d31713df056b5a439d847?s=96&d=mm&r=g\",\"caption\":\"clemens.dederl\"}}]}<\/script>\n<!-- \/ Yoast SEO Premium plugin. -->","yoast_head_json":{"title":"Uwe Kirchherr: Vielseitige Branchenerfahrung","description":"Wir legen gro\u00dfen Wert auf Service und Kompetenz in Sachen Kundenbetreuung. Uwe Kirchherr verst\u00e4rkt das Team in Baden-W\u00fcrttemberg.","robots":{"index":"index","follow":"follow","max-snippet":"max-snippet:-1","max-image-preview":"max-image-preview:large","max-video-preview":"max-video-preview:-1"},"canonical":"https:\/\/www.walraven.com\/de\/ueber-walraven\/aktuelles\/neuer-mitarbeiter\/","og_locale":"de_DE","og_type":"article","og_title":"Uwe Kirchherr: Vielseitige Branchenerfahrung","og_description":"Wir legen gro\u00dfen Wert auf Service und Kompetenz in Sachen Kundenbetreuung. Uwe Kirchherr verst\u00e4rkt das Team in Baden-W\u00fcrttemberg.","og_url":"https:\/\/www.walraven.com\/de\/ueber-walraven\/aktuelles\/neuer-mitarbeiter\/","og_site_name":"Walraven Deutschland","article_publisher":"https:\/\/www.facebook.com\/Walraven.GmbH","article_published_time":"2010-07-11T22:00:00+00:00","article_modified_time":"2025-01-16T08:12:15+00:00","og_image":[{"width":88,"height":122,"url":"https:\/\/www.walraven.com\/de\/wp-content\/uploads\/sites\/4\/2014\/10\/18te7csl9hmkmbk51djkycay2hmopao-BMoWb3.jpg","type":"image\/jpeg"}],"author":"clemens.dederl","twitter_card":"summary_large_image","twitter_creator":"@BIS_Tech","twitter_site":"@BIS_Tech","twitter_misc":{"Verfasst von":"clemens.dederl","Gesch\u00e4tzte Lesezeit":"2\u00a0Minuten"},"schema":{"@context":"https:\/\/schema.org","@graph":[{"@type":"Article","@id":"https:\/\/www.walraven.com\/de\/ueber-walraven\/aktuelles\/neuer-mitarbeiter\/#article","isPartOf":{"@id":"https:\/\/www.walraven.com\/de\/ueber-walraven\/aktuelles\/neuer-mitarbeiter\/"},"author":{"name":"clemens.dederl","@id":"https:\/\/www.walraven.com\/de\/#\/schema\/person\/5aac3c4f1fbe0595c337615af839d821"},"headline":"Uwe Kirchherr: Vielseitige Branchenerfahrung","datePublished":"2010-07-11T22:00:00+00:00","dateModified":"2025-01-16T08:12:15+00:00","mainEntityOfPage":{"@id":"https:\/\/www.walraven.com\/de\/ueber-walraven\/aktuelles\/neuer-mitarbeiter\/"},"wordCount":155,"publisher":{"@id":"https:\/\/www.walraven.com\/de\/#organization"},"image":{"@id":"https:\/\/www.walraven.com\/de\/ueber-walraven\/aktuelles\/neuer-mitarbeiter\/#primaryimage"},"thumbnailUrl":"https:\/\/www.walraven.com\/de\/wp-content\/uploads\/sites\/4\/2014\/10\/18te7csl9hmkmbk51djkycay2hmopao-BMoWb3.jpg","articleSection":["News"],"inLanguage":"de"},{"@type":"WebPage","@id":"https:\/\/www.walraven.com\/de\/ueber-walraven\/aktuelles\/neuer-mitarbeiter\/","url":"https:\/\/www.walraven.com\/de\/ueber-walraven\/aktuelles\/neuer-mitarbeiter\/","name":"Uwe Kirchherr: Vielseitige Branchenerfahrung","isPartOf":{"@id":"https:\/\/www.walraven.com\/de\/#website"},"primaryImageOfPage":{"@id":"https:\/\/www.walraven.com\/de\/ueber-walraven\/aktuelles\/neuer-mitarbeiter\/#primaryimage"},"image":{"@id":"https:\/\/www.walraven.com\/de\/ueber-walraven\/aktuelles\/neuer-mitarbeiter\/#primaryimage"},"thumbnailUrl":"https:\/\/www.walraven.com\/de\/wp-content\/uploads\/sites\/4\/2014\/10\/18te7csl9hmkmbk51djkycay2hmopao-BMoWb3.jpg","datePublished":"2010-07-11T22:00:00+00:00","dateModified":"2025-01-16T08:12:15+00:00","description":"Wir legen gro\u00dfen Wert auf Service und Kompetenz in Sachen Kundenbetreuung. Uwe Kirchherr verst\u00e4rkt das Team in Baden-W\u00fcrttemberg.","breadcrumb":{"@id":"https:\/\/www.walraven.com\/de\/ueber-walraven\/aktuelles\/neuer-mitarbeiter\/#breadcrumb"},"inLanguage":"de","potentialAction":[{"@type":"ReadAction","target":["https:\/\/www.walraven.com\/de\/ueber-walraven\/aktuelles\/neuer-mitarbeiter\/"]}]},{"@type":"ImageObject","inLanguage":"de","@id":"https:\/\/www.walraven.com\/de\/ueber-walraven\/aktuelles\/neuer-mitarbeiter\/#primaryimage","url":"https:\/\/www.walraven.com\/de\/wp-content\/uploads\/sites\/4\/2014\/10\/18te7csl9hmkmbk51djkycay2hmopao-BMoWb3.jpg","contentUrl":"https:\/\/www.walraven.com\/de\/wp-content\/uploads\/sites\/4\/2014\/10\/18te7csl9hmkmbk51djkycay2hmopao-BMoWb3.jpg","width":88,"height":122,"caption":"Uwe Kirchherr: Vielseitige Branchenerfahrung"},{"@type":"BreadcrumbList","@id":"https:\/\/www.walraven.com\/de\/ueber-walraven\/aktuelles\/neuer-mitarbeiter\/#breadcrumb","itemListElement":[{"@type":"ListItem","position":1,"name":"Startseite","item":"https:\/\/www.walraven.com\/de\/"},{"@type":"ListItem","position":2,"name":"Uwe Kirchherr: Vielseitige Branchenerfahrung"}]},{"@type":"WebSite","@id":"https:\/\/www.walraven.com\/de\/#website","url":"https:\/\/www.walraven.com\/de\/","name":"Walraven Deutschland","description":"","publisher":{"@id":"https:\/\/www.walraven.com\/de\/#organization"},"potentialAction":[{"@type":"SearchAction","target":{"@type":"EntryPoint","urlTemplate":"https:\/\/www.walraven.com\/de\/?s={search_term_string}"},"query-input":{"@type":"PropertyValueSpecification","valueRequired":true,"valueName":"search_term_string"}}],"inLanguage":"de"},{"@type":"Organization","@id":"https:\/\/www.walraven.com\/de\/#organization","name":"Walraven GmbH","alternateName":"Walraven GmbH","url":"https:\/\/www.walraven.com\/de\/","logo":{"@type":"ImageObject","inLanguage":"de","@id":"https:\/\/www.walraven.com\/de\/#\/schema\/logo\/image\/","url":"https:\/\/www.walraven.com\/de\/wp-content\/uploads\/sites\/4\/2023\/12\/Walraven_logo300x300.jpg","contentUrl":"https:\/\/www.walraven.com\/de\/wp-content\/uploads\/sites\/4\/2023\/12\/Walraven_logo300x300.jpg","width":300,"height":300,"caption":"Walraven GmbH"},"image":{"@id":"https:\/\/www.walraven.com\/de\/#\/schema\/logo\/image\/"},"sameAs":["https:\/\/www.facebook.com\/Walraven.GmbH","https:\/\/x.com\/BIS_Tech","https:\/\/www.youtube.com\/WalravenDE","https:\/\/www.linkedin.com\/company\/walraven-gmbh","https:\/\/www.instagram.com\/walraven.gmbh\/"]},{"@type":"Person","@id":"https:\/\/www.walraven.com\/de\/#\/schema\/person\/5aac3c4f1fbe0595c337615af839d821","name":"clemens.dederl","image":{"@type":"ImageObject","inLanguage":"de","@id":"https:\/\/secure.gravatar.com\/avatar\/34ae201fd7991ed73d71ab76117c9370e60d8bb5349d31713df056b5a439d847?s=96&d=mm&r=g","url":"https:\/\/secure.gravatar.com\/avatar\/34ae201fd7991ed73d71ab76117c9370e60d8bb5349d31713df056b5a439d847?s=96&d=mm&r=g","contentUrl":"https:\/\/secure.gravatar.com\/avatar\/34ae201fd7991ed73d71ab76117c9370e60d8bb5349d31713df056b5a439d847?s=96&d=mm&r=g","caption":"clemens.dederl"}}]}},"_links":{"self":[{"href":"https:\/\/www.walraven.com\/de\/wp-json\/wp\/v2\/posts\/751","targetHints":{"allow":["GET"]}}],"collection":[{"href":"https:\/\/www.walraven.com\/de\/wp-json\/wp\/v2\/posts"}],"about":[{"href":"https:\/\/www.walraven.com\/de\/wp-json\/wp\/v2\/types\/post"}],"author":[{"embeddable":true,"href":"https:\/\/www.walraven.com\/de\/wp-json\/wp\/v2\/users\/33"}],"replies":[{"embeddable":true,"href":"https:\/\/www.walraven.com\/de\/wp-json\/wp\/v2\/comments?post=751"}],"version-history":[{"count":12,"href":"https:\/\/www.walraven.com\/de\/wp-json\/wp\/v2\/posts\/751\/revisions"}],"predecessor-version":[{"id":69379,"href":"https:\/\/www.walraven.com\/de\/wp-json\/wp\/v2\/posts\/751\/revisions\/69379"}],"wp:featuredmedia":[{"embeddable":true,"href":"https:\/\/www.walraven.com\/de\/wp-json\/wp\/v2\/media\/4653"}],"wp:attachment":[{"href":"https:\/\/www.walraven.com\/de\/wp-json\/wp\/v2\/media?parent=751"}],"wp:term":[{"taxonomy":"category","embeddable":true,"href":"https:\/\/www.walraven.com\/de\/wp-json\/wp\/v2\/categories?post=751"},{"taxonomy":"post_tag","embeddable":true,"href":"https:\/\/www.walraven.com\/de\/wp-json\/wp\/v2\/tags?post=751"}],"curies":[{"name":"wp","href":"https:\/\/api.w.org\/{rel}","templated":true}]}}