{"id":75773,"date":"2020-06-22T10:23:59","date_gmt":"2020-06-22T08:23:59","guid":{"rendered":"https:\/\/www.walraven.com\/de\/?p=75773"},"modified":"2025-08-08T08:54:23","modified_gmt":"2025-08-08T06:54:23","slug":"brandschutz-problemloeser-fuer-wolkenkratzer-pacifyre-mk-ii-manschette","status":"publish","type":"post","link":"https:\/\/www.walraven.com\/de\/ueber-walraven\/aktuelles\/brandschutz-problemloeser-fuer-wolkenkratzer-pacifyre-mk-ii-manschette\/","title":{"rendered":"Brandschutz-Probleml\u00f6ser f\u00fcr Wolkenkratzer \u2013 Walraven Pacifyre\u00ae MK II Manschette"},"content":{"rendered":"<p><img loading=\"lazy\" decoding=\"async\" class=\"size-medium wp-image-75709 alignright\" src=\"https:\/\/www.walraven.com\/wp-content\/uploads\/sites\/4\/2020\/06\/The-Shard-1-RGB-300x175.jpg\" alt=\"Komplett verglast streckt sich \u201cThe Shard\u201d 309,6 Meter hoch zum Himmel \u00fcber London.\" width=\"300\" height=\"175\" srcset=\"https:\/\/www.walraven.com\/de\/wp-content\/uploads\/sites\/4\/2020\/06\/The-Shard-1-RGB-300x175.jpg 300w, https:\/\/www.walraven.com\/de\/wp-content\/uploads\/sites\/4\/2020\/06\/The-Shard-1-RGB-1024x599.jpg 1024w, https:\/\/www.walraven.com\/de\/wp-content\/uploads\/sites\/4\/2020\/06\/The-Shard-1-RGB-768x449.jpg 768w, https:\/\/www.walraven.com\/de\/wp-content\/uploads\/sites\/4\/2020\/06\/The-Shard-1-RGB-1536x898.jpg 1536w, https:\/\/www.walraven.com\/de\/wp-content\/uploads\/sites\/4\/2020\/06\/The-Shard-1-RGB-480x281.jpg 480w, https:\/\/www.walraven.com\/de\/wp-content\/uploads\/sites\/4\/2020\/06\/The-Shard-1-RGB-600x351.jpg 600w, https:\/\/www.walraven.com\/de\/wp-content\/uploads\/sites\/4\/2020\/06\/The-Shard-1-RGB-1290x754.jpg 1290w, https:\/\/www.walraven.com\/de\/wp-content\/uploads\/sites\/4\/2020\/06\/The-Shard-1-RGB.jpg 1821w\" sizes=\"auto, (max-width: 300px) 100vw, 300px\" \/><\/p>\n<p style=\"text-align: left;\">Die Auswahl der Brandschutz-Produkte war dabei von entscheidender Bedeutung. Es galt, besonders den Kern des Geb\u00e4udes, der in zahlreiche Brandabschnitte geteilt ist, im Brandfall vor Ausbreitung von Flammen, Rauch und Hitze zu sch\u00fctzen. Abschottungsprodukte sorgen f\u00fcr einen rauchgasdichten, brandsicheren und schallged\u00e4mmten Verschluss von Durchf\u00fchrungen und Bauteilfugen.<\/p>\n<p style=\"text-align: left;\">Geht es um eines der h\u00f6chsten Geb\u00e4ude Europas, werden Planung und Installation der zahlreichen Kleinteile zur Herausforderung. So klein die im Londoner Wolkenkratzer \u201eThe Shard\u201c (deutsch: Scherbe oder Splitter) verbauten Walraven-Produkte auch sein m\u00f6gen, insbesondere im Vergleich zur Gr\u00f6\u00dfe des komplett verglasten Geb\u00e4udes, so wichtig sind sie:<\/p>\n<p style=\"text-align: left;\">Der auch \u201eShard London Bridge\u201c genannte Wolkenkratzer war bis zum Austritt des Vereinigten K\u00f6nigreichs aus der Europ\u00e4ischen Union (EU) zum 31. Januar 2020 der h\u00f6chste Wolkenkratzer der EU. Er ist 309,6 Meter hoch, hat 95, davon 72 nutzbare, Stockwerke und beherbergt B\u00fcros, Gesch\u00e4fte, Restaurants, Wohnungen, ein Hotel und eine \u00f6ffentliche Aussichtsplattform.<\/p>\n<p style=\"text-align: left;\">Ohne Frage mussten alle verbauten Produkte des Wolkenkratzers im Londoner Stadtteil Southwark den Bauvorschriften entsprechen, schlie\u00dflich arbeiten allein 12.500 Menschen darin.<\/p>\n<h3 style=\"text-align: left;\">Die Herausforderung<\/h3>\n<p><img loading=\"lazy\" decoding=\"async\" class=\"alignright wp-image-75706\" src=\"https:\/\/www.walraven.com\/wp-content\/uploads\/sites\/4\/2020\/06\/Pacifyre-MK-II-RGB-300x191.jpg\" alt=\"Die einteilige Pacifyre\u00ae MK II Brandmanschette verschlie\u00dft Rohrdurchf\u00fchrungen feuerbest\u00e4ndig und rauchdicht.\" width=\"248\" height=\"158\" srcset=\"https:\/\/www.walraven.com\/de\/wp-content\/uploads\/sites\/4\/2020\/06\/Pacifyre-MK-II-RGB-300x191.jpg 300w, https:\/\/www.walraven.com\/de\/wp-content\/uploads\/sites\/4\/2020\/06\/Pacifyre-MK-II-RGB-1024x650.jpg 1024w, https:\/\/www.walraven.com\/de\/wp-content\/uploads\/sites\/4\/2020\/06\/Pacifyre-MK-II-RGB-768x488.jpg 768w, https:\/\/www.walraven.com\/de\/wp-content\/uploads\/sites\/4\/2020\/06\/Pacifyre-MK-II-RGB-480x305.jpg 480w, https:\/\/www.walraven.com\/de\/wp-content\/uploads\/sites\/4\/2020\/06\/Pacifyre-MK-II-RGB-600x381.jpg 600w, https:\/\/www.walraven.com\/de\/wp-content\/uploads\/sites\/4\/2020\/06\/Pacifyre-MK-II-RGB-200x127.jpg 200w, https:\/\/www.walraven.com\/de\/wp-content\/uploads\/sites\/4\/2020\/06\/Pacifyre-MK-II-RGB-1290x819.jpg 1290w, https:\/\/www.walraven.com\/de\/wp-content\/uploads\/sites\/4\/2020\/06\/Pacifyre-MK-II-RGB.jpg 1488w\" sizes=\"auto, (max-width: 248px) 100vw, 248px\" \/><\/p>\n<p style=\"text-align: left;\">Die urspr\u00fcnglich geplanten Brandschutzabschottungen f\u00fcr \u201eThe Shard\u201c stammten nicht aus dem Hause Walraven. Aufgrund der zu erwartenden Bewegungen der Geb\u00e4udestruktur und der Steigleitungen meldete der Leiter der Bauaufsicht des Londoner Bezirks Southwark w\u00e4hrend der Planungsphase Bedenken an, ob die angedachten Rohr- und Kabelabschottungen diesen betr\u00e4chtlichen Verformungen standhalten w\u00fcrden.<\/p>\n<p style=\"text-align: left;\">Ein Subunternehmer vor Ort empfahl daraufhin die Walraven\u00a0<a href=\"https:\/\/www.walraven.com\/de\/produkte\/walraven-pacifyre-mk-ii-brandschutzmanschette\/\" target=\"_blank\" rel=\"noopener noreferrer\">Pacifyre<sup>\u00ae<\/sup>\u00a0MK II Brandschutzmanschette<\/a>,\u00a0die er zuvor bei einem anderen Projekt verbaut hatte. Sie sei einfach zu installieren und erf\u00fclle seiner Meinung nach die Anforderungen.<\/p>\n<h3 style=\"text-align: left;\">Die L\u00f6sung<\/h3>\n<p style=\"text-align: left;\">Nachdem er sich bei Walraven r\u00fcckversichert hatte, wurden die Walraven-Mitarbeiter gebeten, die Brandschutzl\u00f6sung den Planern und dem Bauaufsichtsleiter vorzustellen. Als deren Hauptanforderungen sollte sichergestellt sein, dass mehrere Rohre mit geringem Abstand installiert werden k\u00f6nnten und der Brandschutz:<\/p>\n<h3><img loading=\"lazy\" decoding=\"async\" class=\"alignright wp-image-75707\" src=\"https:\/\/www.walraven.com\/wp-content\/uploads\/sites\/4\/2020\/06\/Pacifyre_MKII_Uebersicht-RGB-300x212.jpg\" alt=\"Die Pacifyre\u00ae MK II Brandmanschette kann L\u00e4ngen\u00e4nderungen von Rohren kompensieren und sorgt gleichzeitig f\u00fcr wirksamen Brandschutz.\" width=\"240\" height=\"170\" srcset=\"https:\/\/www.walraven.com\/de\/wp-content\/uploads\/sites\/4\/2020\/06\/Pacifyre_MKII_Uebersicht-RGB-300x212.jpg 300w, https:\/\/www.walraven.com\/de\/wp-content\/uploads\/sites\/4\/2020\/06\/Pacifyre_MKII_Uebersicht-RGB-1024x724.jpg 1024w, https:\/\/www.walraven.com\/de\/wp-content\/uploads\/sites\/4\/2020\/06\/Pacifyre_MKII_Uebersicht-RGB-768x543.jpg 768w, https:\/\/www.walraven.com\/de\/wp-content\/uploads\/sites\/4\/2020\/06\/Pacifyre_MKII_Uebersicht-RGB-1536x1086.jpg 1536w, https:\/\/www.walraven.com\/de\/wp-content\/uploads\/sites\/4\/2020\/06\/Pacifyre_MKII_Uebersicht-RGB-431x305.jpg 431w, https:\/\/www.walraven.com\/de\/wp-content\/uploads\/sites\/4\/2020\/06\/Pacifyre_MKII_Uebersicht-RGB-539x381.jpg 539w, https:\/\/www.walraven.com\/de\/wp-content\/uploads\/sites\/4\/2020\/06\/Pacifyre_MKII_Uebersicht-RGB-1290x912.jpg 1290w, https:\/\/www.walraven.com\/de\/wp-content\/uploads\/sites\/4\/2020\/06\/Pacifyre_MKII_Uebersicht-RGB.jpg 2000w\" sizes=\"auto, (max-width: 240px) 100vw, 240px\" \/><\/h3>\n<ul style=\"text-align: left;\">\n<li>Bewegungen des Geb\u00e4ues selbst als auch der Rohrleitungen kompensiert<\/li>\n<li>gegen kalten sowie hei\u00dfen Rauch abschottet<\/li>\n<li>auch bei Geb\u00e4udevibrationen zuverl\u00e4ssig funktioniert<\/li>\n<li>die Schallschutzanforderungen erf\u00fcllt.<\/li>\n<\/ul>\n<p>&nbsp;<\/p>\n<p style=\"text-align: left;\">Die\u00a0<a href=\"https:\/\/www.walraven.com\/de\/produkte\/walraven-pacifyre-mk-ii-brandschutzmanschette\/\" target=\"_blank\" rel=\"noopener noreferrer\">Walraven Pacifyre<sup>\u00ae<\/sup>\u00a0MK II Brandschutzmanschette<\/a>\u00a0erf\u00fcllte alle Anforderungen und \u00fcberzeugte zudem durch<\/p>\n<ul style=\"text-align: left;\">\n<li>geringen Platzbedarf,<\/li>\n<li>die Installationsm\u00f6glichkeit mit geringen Abst\u00e4nden zwischen baugleichen Manschetten und<\/li>\n<li>leichter Montage auch in schwer zug\u00e4nglichen Bereichen.<\/li>\n<\/ul>\n<p style=\"text-align: left;\">Argumente, die die Planer und den Leiter der Bauaufsicht ebenso \u00fcberzeugten wie die Europ\u00e4ische Technische Bewertung (ETA-17\/0163) und die technische Schallschutzpr\u00fcfung mit Pr\u00fcfzeugnis vom Fraunhofer-Institut f\u00fcr Bauphysik (IBP), nach EN 1366-3.<\/p>\n<h3 style=\"text-align: left;\">Das Ergebnis<\/h3>\n<div id=\"attachment_75710\" style=\"width: 160px\" class=\"wp-caption alignleft\"><img loading=\"lazy\" decoding=\"async\" aria-describedby=\"caption-attachment-75710\" class=\"wp-image-75710\" src=\"https:\/\/www.walraven.com\/wp-content\/uploads\/sites\/4\/2020\/06\/The-Shard-2-RGB-180x300.jpg\" alt=\"Pacifyre\u00ae MK II Brandschutzmanschette an einer 600 mm-Rohrleitung im Heiztechnikraum.\" width=\"150\" height=\"251\" srcset=\"https:\/\/www.walraven.com\/de\/wp-content\/uploads\/sites\/4\/2020\/06\/The-Shard-2-RGB-180x300.jpg 180w, https:\/\/www.walraven.com\/de\/wp-content\/uploads\/sites\/4\/2020\/06\/The-Shard-2-RGB-613x1024.jpg 613w, https:\/\/www.walraven.com\/de\/wp-content\/uploads\/sites\/4\/2020\/06\/The-Shard-2-RGB-768x1283.jpg 768w, https:\/\/www.walraven.com\/de\/wp-content\/uploads\/sites\/4\/2020\/06\/The-Shard-2-RGB-920x1536.jpg 920w, https:\/\/www.walraven.com\/de\/wp-content\/uploads\/sites\/4\/2020\/06\/The-Shard-2-RGB-1226x2048.jpg 1226w, https:\/\/www.walraven.com\/de\/wp-content\/uploads\/sites\/4\/2020\/06\/The-Shard-2-RGB-183x305.jpg 183w, https:\/\/www.walraven.com\/de\/wp-content\/uploads\/sites\/4\/2020\/06\/The-Shard-2-RGB-228x381.jpg 228w, https:\/\/www.walraven.com\/de\/wp-content\/uploads\/sites\/4\/2020\/06\/The-Shard-2-RGB.jpg 1273w\" sizes=\"auto, (max-width: 150px) 100vw, 150px\" \/><p id=\"caption-attachment-75710\" class=\"wp-caption-text\">Walraven Pacifyre\u00ae MK II Brandschutzmanschette an einer 600 mm-Rohrleitung im Heiztechnikraum.<\/p><\/div>\n<p style=\"text-align: left;\">Sie entschieden, dass s\u00e4mtliche Abschottungen von Steigleitungen sowie von Wanddurchf\u00fchrungen innerhalb der Geschosse mit der einteiligen\u00a0<a href=\"https:\/\/www.walraven.com\/de\/produkte\/walraven-pacifyre-mk-ii-brandschutzmanschette\/\" target=\"_blank\" rel=\"noopener noreferrer\">Walraven Pacifyre<sup>\u00ae<\/sup>\u00a0MK II<\/a> durchzuf\u00fchren seien. F\u00fcr sichere und problemlose Montagen schulte das Walraven-Team zus\u00e4tzlich die Installateure vor Ort und pr\u00fcfte gerade zu Beginn die hergestellten Abschottungen.<\/p>\n<p style=\"text-align: left;\">\u201cThe Shard\u201d war bis zum Austritt des Vereinigten K\u00f6nigreichs aus der Europ\u00e4ischen Union (EU) der h\u00f6chste Wolkenkratzer der EU. Foto: Pixabay\/Pexels<\/p>\n<p style=\"text-align: left;\"><img loading=\"lazy\" decoding=\"async\" class=\"alignright wp-image-75708\" src=\"https:\/\/www.walraven.com\/wp-content\/uploads\/sites\/4\/2020\/06\/The-Shard-0-RGB-300x168.jpg\" alt=\"\u201cThe Shard\u201d war bis zum Austritt des Vereinigten K\u00f6nigreichs aus der Europ\u00e4ischen Union (EU) der h\u00f6chste Wolkenkratzer der EU. Foto: Pixabay\/Pexels\" width=\"280\" height=\"157\" srcset=\"https:\/\/www.walraven.com\/de\/wp-content\/uploads\/sites\/4\/2020\/06\/The-Shard-0-RGB-300x168.jpg 300w, https:\/\/www.walraven.com\/de\/wp-content\/uploads\/sites\/4\/2020\/06\/The-Shard-0-RGB-1024x573.jpg 1024w, https:\/\/www.walraven.com\/de\/wp-content\/uploads\/sites\/4\/2020\/06\/The-Shard-0-RGB-768x430.jpg 768w, https:\/\/www.walraven.com\/de\/wp-content\/uploads\/sites\/4\/2020\/06\/The-Shard-0-RGB-1536x859.jpg 1536w, https:\/\/www.walraven.com\/de\/wp-content\/uploads\/sites\/4\/2020\/06\/The-Shard-0-RGB-480x269.jpg 480w, https:\/\/www.walraven.com\/de\/wp-content\/uploads\/sites\/4\/2020\/06\/The-Shard-0-RGB-600x336.jpg 600w, https:\/\/www.walraven.com\/de\/wp-content\/uploads\/sites\/4\/2020\/06\/The-Shard-0-RGB-1290x722.jpg 1290w, https:\/\/www.walraven.com\/de\/wp-content\/uploads\/sites\/4\/2020\/06\/The-Shard-0-RGB.jpg 1920w\" sizes=\"auto, (max-width: 280px) 100vw, 280px\" \/>\u201eThe Shard\u201c ist ein einzigartiges Bauwerk. Pyramidenartig aufgebaut, ist jede Etage kleiner als die darunterliegende. K\u00f6rperlich deutlich kleiner, daf\u00fcr umso gr\u00f6\u00dfer in der Bedeutung ist die Rohrabschottung\u00a0<a href=\"https:\/\/www.walraven.com\/de\/produkte\/walraven-pacifyre-mk-ii-brandschutzmanschette\/\" target=\"_blank\" rel=\"noopener noreferrer\">Walraven Pacifyre<sup>\u00ae<\/sup>\u00a0MK II Brandschutzmanschette<\/a>\u00a0von Walraven, die L\u00e4ngen\u00e4nderungen von Rohren zul\u00e4sst, ohne die Wirksamkeit des Brandschutzes zu beeintr\u00e4chtigen.<\/p>\n<p>&nbsp;<\/p>\n<p><a href=\"https:\/\/www.walraven.com\/de\/kontakt\/kontaktformular\/\">Projekt teilen und Planungsunterst\u00fctzung anfragen<\/a><\/p>\n<p><a href=\"https:\/\/www.walraven.com\/de\/kontakt\/\">Ansprechpartner finden<\/a><\/p>\n<p><a href=\"https:\/\/www.walraven.com\/de\/produkte\/walraven-pacifyre-mk-ii-brandschutzmanschette\/\">Produktinformation Walraven Pacifyre MK II Manschette<\/a><\/p>\n<p style=\"text-align: left;\">\n","protected":false},"excerpt":{"rendered":"<p>Die Auswahl der Brandschutz-Produkte war dabei von entscheidender Bedeutung. Es galt, besonders den Kern des Geb\u00e4udes, der in zahlreiche Brandabschnitte geteilt ist, im Brandfall vor Ausbreitung von Flammen, Rauch und Hitze zu sch\u00fctzen. Abschottungsprodukte sorgen f\u00fcr einen rauchgasdichten, brandsicheren und schallged\u00e4mmten Verschluss von Durchf\u00fchrungen und Bauteilfugen. Geht es um eines der h\u00f6chsten Geb\u00e4ude Europas, werden [&hellip;]<\/p>\n","protected":false},"author":45,"featured_media":75709,"comment_status":"open","ping_status":"open","sticky":false,"template":"","format":"standard","meta":{"_acf_changed":false,"footnotes":""},"categories":[432],"tags":[],"class_list":["post-75773","post","type-post","status-publish","format-standard","has-post-thumbnail","hentry","category-news"],"acf":[],"yoast_head":"<!-- This site is optimized with the Yoast SEO Premium plugin v27.5 (Yoast SEO v27.5) - https:\/\/yoast.com\/product\/yoast-seo-premium-wordpress\/ -->\n<title>Brandschutz-Probleml\u00f6ser f\u00fcr Londoner Wolkenkratzer \u201eThe Shard\u201c<\/title>\n<meta name=\"description\" content=\"F\u00fcr das Londoner Wahrzeichen \u201eThe Shard\u201c wurde die Walraven Pacifyre\u00ae MK II Brandschutzmanschette f\u00fcr zuverl\u00e4ssige Abschottungen gew\u00e4hlt.\" \/>\n<meta name=\"robots\" content=\"index, follow, max-snippet:-1, max-image-preview:large, max-video-preview:-1\" \/>\n<link rel=\"canonical\" href=\"https:\/\/www.walraven.com\/de\/ueber-walraven\/aktuelles\/brandschutz-problemloeser-fuer-wolkenkratzer-pacifyre-mk-ii-manschette\/\" \/>\n<meta property=\"og:locale\" content=\"de_DE\" \/>\n<meta property=\"og:type\" content=\"article\" \/>\n<meta property=\"og:title\" content=\"Brandschutz-Probleml\u00f6ser f\u00fcr Wolkenkratzer \u2013 Walraven Pacifyre\u00ae MK II Manschette\" \/>\n<meta property=\"og:description\" content=\"F\u00fcr das Londoner Wahrzeichen \u201eThe Shard\u201c wurde die Walraven Pacifyre\u00ae MK II Brandschutzmanschette f\u00fcr zuverl\u00e4ssige Abschottungen gew\u00e4hlt.\" \/>\n<meta property=\"og:url\" content=\"https:\/\/www.walraven.com\/de\/ueber-walraven\/aktuelles\/brandschutz-problemloeser-fuer-wolkenkratzer-pacifyre-mk-ii-manschette\/\" \/>\n<meta property=\"og:site_name\" content=\"Walraven Deutschland\" \/>\n<meta property=\"article:publisher\" content=\"https:\/\/www.facebook.com\/Walraven.GmbH\" \/>\n<meta property=\"article:published_time\" content=\"2020-06-22T08:23:59+00:00\" \/>\n<meta property=\"article:modified_time\" content=\"2025-08-08T06:54:23+00:00\" \/>\n<meta property=\"og:image\" content=\"https:\/\/www.walraven.com\/de\/wp-content\/uploads\/sites\/4\/2020\/06\/The-Shard-1-RGB.jpg\" \/>\n\t<meta property=\"og:image:width\" content=\"1821\" \/>\n\t<meta property=\"og:image:height\" content=\"1065\" \/>\n\t<meta property=\"og:image:type\" content=\"image\/jpeg\" \/>\n<meta name=\"author\" content=\"tanjaschindelmann\" \/>\n<meta name=\"twitter:card\" content=\"summary_large_image\" \/>\n<meta name=\"twitter:creator\" content=\"@BIS_Tech\" \/>\n<meta name=\"twitter:site\" content=\"@BIS_Tech\" \/>\n<meta name=\"twitter:label1\" content=\"Verfasst von\" \/>\n\t<meta name=\"twitter:data1\" content=\"tanjaschindelmann\" \/>\n\t<meta name=\"twitter:label2\" content=\"Gesch\u00e4tzte Lesezeit\" \/>\n\t<meta name=\"twitter:data2\" content=\"5\u00a0Minuten\" \/>\n<script type=\"application\/ld+json\" class=\"yoast-schema-graph\">{\"@context\":\"https:\\\/\\\/schema.org\",\"@graph\":[{\"@type\":\"Article\",\"@id\":\"https:\\\/\\\/www.walraven.com\\\/de\\\/ueber-walraven\\\/aktuelles\\\/brandschutz-problemloeser-fuer-wolkenkratzer-pacifyre-mk-ii-manschette\\\/#article\",\"isPartOf\":{\"@id\":\"https:\\\/\\\/www.walraven.com\\\/de\\\/ueber-walraven\\\/aktuelles\\\/brandschutz-problemloeser-fuer-wolkenkratzer-pacifyre-mk-ii-manschette\\\/\"},\"author\":{\"name\":\"tanjaschindelmann\",\"@id\":\"https:\\\/\\\/www.walraven.com\\\/de\\\/#\\\/schema\\\/person\\\/3888c5a0c295ef2c77e10a6cb8ef9428\"},\"headline\":\"Brandschutz-Probleml\u00f6ser f\u00fcr Wolkenkratzer \u2013 Walraven Pacifyre\u00ae MK II Manschette\",\"datePublished\":\"2020-06-22T08:23:59+00:00\",\"dateModified\":\"2025-08-08T06:54:23+00:00\",\"mainEntityOfPage\":{\"@id\":\"https:\\\/\\\/www.walraven.com\\\/de\\\/ueber-walraven\\\/aktuelles\\\/brandschutz-problemloeser-fuer-wolkenkratzer-pacifyre-mk-ii-manschette\\\/\"},\"wordCount\":578,\"commentCount\":0,\"publisher\":{\"@id\":\"https:\\\/\\\/www.walraven.com\\\/de\\\/#organization\"},\"image\":{\"@id\":\"https:\\\/\\\/www.walraven.com\\\/de\\\/ueber-walraven\\\/aktuelles\\\/brandschutz-problemloeser-fuer-wolkenkratzer-pacifyre-mk-ii-manschette\\\/#primaryimage\"},\"thumbnailUrl\":\"https:\\\/\\\/www.walraven.com\\\/de\\\/wp-content\\\/uploads\\\/sites\\\/4\\\/2020\\\/06\\\/The-Shard-1-RGB.jpg\",\"articleSection\":[\"News\"],\"inLanguage\":\"de\",\"potentialAction\":[{\"@type\":\"CommentAction\",\"name\":\"Comment\",\"target\":[\"https:\\\/\\\/www.walraven.com\\\/de\\\/ueber-walraven\\\/aktuelles\\\/brandschutz-problemloeser-fuer-wolkenkratzer-pacifyre-mk-ii-manschette\\\/#respond\"]}]},{\"@type\":\"WebPage\",\"@id\":\"https:\\\/\\\/www.walraven.com\\\/de\\\/ueber-walraven\\\/aktuelles\\\/brandschutz-problemloeser-fuer-wolkenkratzer-pacifyre-mk-ii-manschette\\\/\",\"url\":\"https:\\\/\\\/www.walraven.com\\\/de\\\/ueber-walraven\\\/aktuelles\\\/brandschutz-problemloeser-fuer-wolkenkratzer-pacifyre-mk-ii-manschette\\\/\",\"name\":\"Brandschutz-Probleml\u00f6ser f\u00fcr Londoner Wolkenkratzer \u201eThe Shard\u201c\",\"isPartOf\":{\"@id\":\"https:\\\/\\\/www.walraven.com\\\/de\\\/#website\"},\"primaryImageOfPage\":{\"@id\":\"https:\\\/\\\/www.walraven.com\\\/de\\\/ueber-walraven\\\/aktuelles\\\/brandschutz-problemloeser-fuer-wolkenkratzer-pacifyre-mk-ii-manschette\\\/#primaryimage\"},\"image\":{\"@id\":\"https:\\\/\\\/www.walraven.com\\\/de\\\/ueber-walraven\\\/aktuelles\\\/brandschutz-problemloeser-fuer-wolkenkratzer-pacifyre-mk-ii-manschette\\\/#primaryimage\"},\"thumbnailUrl\":\"https:\\\/\\\/www.walraven.com\\\/de\\\/wp-content\\\/uploads\\\/sites\\\/4\\\/2020\\\/06\\\/The-Shard-1-RGB.jpg\",\"datePublished\":\"2020-06-22T08:23:59+00:00\",\"dateModified\":\"2025-08-08T06:54:23+00:00\",\"description\":\"F\u00fcr das Londoner Wahrzeichen \u201eThe Shard\u201c wurde die Walraven Pacifyre\u00ae MK II Brandschutzmanschette f\u00fcr zuverl\u00e4ssige Abschottungen gew\u00e4hlt.\",\"breadcrumb\":{\"@id\":\"https:\\\/\\\/www.walraven.com\\\/de\\\/ueber-walraven\\\/aktuelles\\\/brandschutz-problemloeser-fuer-wolkenkratzer-pacifyre-mk-ii-manschette\\\/#breadcrumb\"},\"inLanguage\":\"de\",\"potentialAction\":[{\"@type\":\"ReadAction\",\"target\":[\"https:\\\/\\\/www.walraven.com\\\/de\\\/ueber-walraven\\\/aktuelles\\\/brandschutz-problemloeser-fuer-wolkenkratzer-pacifyre-mk-ii-manschette\\\/\"]}]},{\"@type\":\"ImageObject\",\"inLanguage\":\"de\",\"@id\":\"https:\\\/\\\/www.walraven.com\\\/de\\\/ueber-walraven\\\/aktuelles\\\/brandschutz-problemloeser-fuer-wolkenkratzer-pacifyre-mk-ii-manschette\\\/#primaryimage\",\"url\":\"https:\\\/\\\/www.walraven.com\\\/de\\\/wp-content\\\/uploads\\\/sites\\\/4\\\/2020\\\/06\\\/The-Shard-1-RGB.jpg\",\"contentUrl\":\"https:\\\/\\\/www.walraven.com\\\/de\\\/wp-content\\\/uploads\\\/sites\\\/4\\\/2020\\\/06\\\/The-Shard-1-RGB.jpg\",\"width\":1821,\"height\":1065,\"caption\":\"Komplett verglast streckt sich \u201cThe Shard\u201d 309,6 Meter hoch zum Himmel \u00fcber London.\"},{\"@type\":\"BreadcrumbList\",\"@id\":\"https:\\\/\\\/www.walraven.com\\\/de\\\/ueber-walraven\\\/aktuelles\\\/brandschutz-problemloeser-fuer-wolkenkratzer-pacifyre-mk-ii-manschette\\\/#breadcrumb\",\"itemListElement\":[{\"@type\":\"ListItem\",\"position\":1,\"name\":\"Startseite\",\"item\":\"https:\\\/\\\/www.walraven.com\\\/de\\\/\"},{\"@type\":\"ListItem\",\"position\":2,\"name\":\"Brandschutz-Probleml\u00f6ser f\u00fcr Wolkenkratzer \u2013 Walraven Pacifyre\u00ae MK II Manschette\"}]},{\"@type\":\"WebSite\",\"@id\":\"https:\\\/\\\/www.walraven.com\\\/de\\\/#website\",\"url\":\"https:\\\/\\\/www.walraven.com\\\/de\\\/\",\"name\":\"Walraven Deutschland\",\"description\":\"\",\"publisher\":{\"@id\":\"https:\\\/\\\/www.walraven.com\\\/de\\\/#organization\"},\"potentialAction\":[{\"@type\":\"SearchAction\",\"target\":{\"@type\":\"EntryPoint\",\"urlTemplate\":\"https:\\\/\\\/www.walraven.com\\\/de\\\/?s={search_term_string}\"},\"query-input\":{\"@type\":\"PropertyValueSpecification\",\"valueRequired\":true,\"valueName\":\"search_term_string\"}}],\"inLanguage\":\"de\"},{\"@type\":\"Organization\",\"@id\":\"https:\\\/\\\/www.walraven.com\\\/de\\\/#organization\",\"name\":\"Walraven GmbH\",\"alternateName\":\"Walraven GmbH\",\"url\":\"https:\\\/\\\/www.walraven.com\\\/de\\\/\",\"logo\":{\"@type\":\"ImageObject\",\"inLanguage\":\"de\",\"@id\":\"https:\\\/\\\/www.walraven.com\\\/de\\\/#\\\/schema\\\/logo\\\/image\\\/\",\"url\":\"https:\\\/\\\/www.walraven.com\\\/de\\\/wp-content\\\/uploads\\\/sites\\\/4\\\/2023\\\/12\\\/Walraven_logo300x300.jpg\",\"contentUrl\":\"https:\\\/\\\/www.walraven.com\\\/de\\\/wp-content\\\/uploads\\\/sites\\\/4\\\/2023\\\/12\\\/Walraven_logo300x300.jpg\",\"width\":300,\"height\":300,\"caption\":\"Walraven GmbH\"},\"image\":{\"@id\":\"https:\\\/\\\/www.walraven.com\\\/de\\\/#\\\/schema\\\/logo\\\/image\\\/\"},\"sameAs\":[\"https:\\\/\\\/www.facebook.com\\\/Walraven.GmbH\",\"https:\\\/\\\/x.com\\\/BIS_Tech\",\"https:\\\/\\\/www.youtube.com\\\/WalravenDE\",\"https:\\\/\\\/www.linkedin.com\\\/company\\\/walraven-gmbh\",\"https:\\\/\\\/www.instagram.com\\\/walraven.gmbh\\\/\"]},{\"@type\":\"Person\",\"@id\":\"https:\\\/\\\/www.walraven.com\\\/de\\\/#\\\/schema\\\/person\\\/3888c5a0c295ef2c77e10a6cb8ef9428\",\"name\":\"tanjaschindelmann\",\"image\":{\"@type\":\"ImageObject\",\"inLanguage\":\"de\",\"@id\":\"https:\\\/\\\/secure.gravatar.com\\\/avatar\\\/bf3ad49d2858c8a30254b08a0e89d863ca701fcadc63d54dddbba3b636761313?s=96&d=mm&r=g\",\"url\":\"https:\\\/\\\/secure.gravatar.com\\\/avatar\\\/bf3ad49d2858c8a30254b08a0e89d863ca701fcadc63d54dddbba3b636761313?s=96&d=mm&r=g\",\"contentUrl\":\"https:\\\/\\\/secure.gravatar.com\\\/avatar\\\/bf3ad49d2858c8a30254b08a0e89d863ca701fcadc63d54dddbba3b636761313?s=96&d=mm&r=g\",\"caption\":\"tanjaschindelmann\"}}]}<\/script>\n<!-- \/ Yoast SEO Premium plugin. -->","yoast_head_json":{"title":"Brandschutz-Probleml\u00f6ser f\u00fcr Londoner Wolkenkratzer \u201eThe Shard\u201c","description":"F\u00fcr das Londoner Wahrzeichen \u201eThe Shard\u201c wurde die Walraven Pacifyre\u00ae MK II Brandschutzmanschette f\u00fcr zuverl\u00e4ssige Abschottungen gew\u00e4hlt.","robots":{"index":"index","follow":"follow","max-snippet":"max-snippet:-1","max-image-preview":"max-image-preview:large","max-video-preview":"max-video-preview:-1"},"canonical":"https:\/\/www.walraven.com\/de\/ueber-walraven\/aktuelles\/brandschutz-problemloeser-fuer-wolkenkratzer-pacifyre-mk-ii-manschette\/","og_locale":"de_DE","og_type":"article","og_title":"Brandschutz-Probleml\u00f6ser f\u00fcr Wolkenkratzer \u2013 Walraven Pacifyre\u00ae MK II Manschette","og_description":"F\u00fcr das Londoner Wahrzeichen \u201eThe Shard\u201c wurde die Walraven Pacifyre\u00ae MK II Brandschutzmanschette f\u00fcr zuverl\u00e4ssige Abschottungen gew\u00e4hlt.","og_url":"https:\/\/www.walraven.com\/de\/ueber-walraven\/aktuelles\/brandschutz-problemloeser-fuer-wolkenkratzer-pacifyre-mk-ii-manschette\/","og_site_name":"Walraven Deutschland","article_publisher":"https:\/\/www.facebook.com\/Walraven.GmbH","article_published_time":"2020-06-22T08:23:59+00:00","article_modified_time":"2025-08-08T06:54:23+00:00","og_image":[{"width":1821,"height":1065,"url":"https:\/\/www.walraven.com\/de\/wp-content\/uploads\/sites\/4\/2020\/06\/The-Shard-1-RGB.jpg","type":"image\/jpeg"}],"author":"tanjaschindelmann","twitter_card":"summary_large_image","twitter_creator":"@BIS_Tech","twitter_site":"@BIS_Tech","twitter_misc":{"Verfasst von":"tanjaschindelmann","Gesch\u00e4tzte Lesezeit":"5\u00a0Minuten"},"schema":{"@context":"https:\/\/schema.org","@graph":[{"@type":"Article","@id":"https:\/\/www.walraven.com\/de\/ueber-walraven\/aktuelles\/brandschutz-problemloeser-fuer-wolkenkratzer-pacifyre-mk-ii-manschette\/#article","isPartOf":{"@id":"https:\/\/www.walraven.com\/de\/ueber-walraven\/aktuelles\/brandschutz-problemloeser-fuer-wolkenkratzer-pacifyre-mk-ii-manschette\/"},"author":{"name":"tanjaschindelmann","@id":"https:\/\/www.walraven.com\/de\/#\/schema\/person\/3888c5a0c295ef2c77e10a6cb8ef9428"},"headline":"Brandschutz-Probleml\u00f6ser f\u00fcr Wolkenkratzer \u2013 Walraven Pacifyre\u00ae MK II Manschette","datePublished":"2020-06-22T08:23:59+00:00","dateModified":"2025-08-08T06:54:23+00:00","mainEntityOfPage":{"@id":"https:\/\/www.walraven.com\/de\/ueber-walraven\/aktuelles\/brandschutz-problemloeser-fuer-wolkenkratzer-pacifyre-mk-ii-manschette\/"},"wordCount":578,"commentCount":0,"publisher":{"@id":"https:\/\/www.walraven.com\/de\/#organization"},"image":{"@id":"https:\/\/www.walraven.com\/de\/ueber-walraven\/aktuelles\/brandschutz-problemloeser-fuer-wolkenkratzer-pacifyre-mk-ii-manschette\/#primaryimage"},"thumbnailUrl":"https:\/\/www.walraven.com\/de\/wp-content\/uploads\/sites\/4\/2020\/06\/The-Shard-1-RGB.jpg","articleSection":["News"],"inLanguage":"de","potentialAction":[{"@type":"CommentAction","name":"Comment","target":["https:\/\/www.walraven.com\/de\/ueber-walraven\/aktuelles\/brandschutz-problemloeser-fuer-wolkenkratzer-pacifyre-mk-ii-manschette\/#respond"]}]},{"@type":"WebPage","@id":"https:\/\/www.walraven.com\/de\/ueber-walraven\/aktuelles\/brandschutz-problemloeser-fuer-wolkenkratzer-pacifyre-mk-ii-manschette\/","url":"https:\/\/www.walraven.com\/de\/ueber-walraven\/aktuelles\/brandschutz-problemloeser-fuer-wolkenkratzer-pacifyre-mk-ii-manschette\/","name":"Brandschutz-Probleml\u00f6ser f\u00fcr Londoner Wolkenkratzer \u201eThe Shard\u201c","isPartOf":{"@id":"https:\/\/www.walraven.com\/de\/#website"},"primaryImageOfPage":{"@id":"https:\/\/www.walraven.com\/de\/ueber-walraven\/aktuelles\/brandschutz-problemloeser-fuer-wolkenkratzer-pacifyre-mk-ii-manschette\/#primaryimage"},"image":{"@id":"https:\/\/www.walraven.com\/de\/ueber-walraven\/aktuelles\/brandschutz-problemloeser-fuer-wolkenkratzer-pacifyre-mk-ii-manschette\/#primaryimage"},"thumbnailUrl":"https:\/\/www.walraven.com\/de\/wp-content\/uploads\/sites\/4\/2020\/06\/The-Shard-1-RGB.jpg","datePublished":"2020-06-22T08:23:59+00:00","dateModified":"2025-08-08T06:54:23+00:00","description":"F\u00fcr das Londoner Wahrzeichen \u201eThe Shard\u201c wurde die Walraven Pacifyre\u00ae MK II Brandschutzmanschette f\u00fcr zuverl\u00e4ssige Abschottungen gew\u00e4hlt.","breadcrumb":{"@id":"https:\/\/www.walraven.com\/de\/ueber-walraven\/aktuelles\/brandschutz-problemloeser-fuer-wolkenkratzer-pacifyre-mk-ii-manschette\/#breadcrumb"},"inLanguage":"de","potentialAction":[{"@type":"ReadAction","target":["https:\/\/www.walraven.com\/de\/ueber-walraven\/aktuelles\/brandschutz-problemloeser-fuer-wolkenkratzer-pacifyre-mk-ii-manschette\/"]}]},{"@type":"ImageObject","inLanguage":"de","@id":"https:\/\/www.walraven.com\/de\/ueber-walraven\/aktuelles\/brandschutz-problemloeser-fuer-wolkenkratzer-pacifyre-mk-ii-manschette\/#primaryimage","url":"https:\/\/www.walraven.com\/de\/wp-content\/uploads\/sites\/4\/2020\/06\/The-Shard-1-RGB.jpg","contentUrl":"https:\/\/www.walraven.com\/de\/wp-content\/uploads\/sites\/4\/2020\/06\/The-Shard-1-RGB.jpg","width":1821,"height":1065,"caption":"Komplett verglast streckt sich \u201cThe Shard\u201d 309,6 Meter hoch zum Himmel \u00fcber London."},{"@type":"BreadcrumbList","@id":"https:\/\/www.walraven.com\/de\/ueber-walraven\/aktuelles\/brandschutz-problemloeser-fuer-wolkenkratzer-pacifyre-mk-ii-manschette\/#breadcrumb","itemListElement":[{"@type":"ListItem","position":1,"name":"Startseite","item":"https:\/\/www.walraven.com\/de\/"},{"@type":"ListItem","position":2,"name":"Brandschutz-Probleml\u00f6ser f\u00fcr Wolkenkratzer \u2013 Walraven Pacifyre\u00ae MK II Manschette"}]},{"@type":"WebSite","@id":"https:\/\/www.walraven.com\/de\/#website","url":"https:\/\/www.walraven.com\/de\/","name":"Walraven Deutschland","description":"","publisher":{"@id":"https:\/\/www.walraven.com\/de\/#organization"},"potentialAction":[{"@type":"SearchAction","target":{"@type":"EntryPoint","urlTemplate":"https:\/\/www.walraven.com\/de\/?s={search_term_string}"},"query-input":{"@type":"PropertyValueSpecification","valueRequired":true,"valueName":"search_term_string"}}],"inLanguage":"de"},{"@type":"Organization","@id":"https:\/\/www.walraven.com\/de\/#organization","name":"Walraven GmbH","alternateName":"Walraven GmbH","url":"https:\/\/www.walraven.com\/de\/","logo":{"@type":"ImageObject","inLanguage":"de","@id":"https:\/\/www.walraven.com\/de\/#\/schema\/logo\/image\/","url":"https:\/\/www.walraven.com\/de\/wp-content\/uploads\/sites\/4\/2023\/12\/Walraven_logo300x300.jpg","contentUrl":"https:\/\/www.walraven.com\/de\/wp-content\/uploads\/sites\/4\/2023\/12\/Walraven_logo300x300.jpg","width":300,"height":300,"caption":"Walraven GmbH"},"image":{"@id":"https:\/\/www.walraven.com\/de\/#\/schema\/logo\/image\/"},"sameAs":["https:\/\/www.facebook.com\/Walraven.GmbH","https:\/\/x.com\/BIS_Tech","https:\/\/www.youtube.com\/WalravenDE","https:\/\/www.linkedin.com\/company\/walraven-gmbh","https:\/\/www.instagram.com\/walraven.gmbh\/"]},{"@type":"Person","@id":"https:\/\/www.walraven.com\/de\/#\/schema\/person\/3888c5a0c295ef2c77e10a6cb8ef9428","name":"tanjaschindelmann","image":{"@type":"ImageObject","inLanguage":"de","@id":"https:\/\/secure.gravatar.com\/avatar\/bf3ad49d2858c8a30254b08a0e89d863ca701fcadc63d54dddbba3b636761313?s=96&d=mm&r=g","url":"https:\/\/secure.gravatar.com\/avatar\/bf3ad49d2858c8a30254b08a0e89d863ca701fcadc63d54dddbba3b636761313?s=96&d=mm&r=g","contentUrl":"https:\/\/secure.gravatar.com\/avatar\/bf3ad49d2858c8a30254b08a0e89d863ca701fcadc63d54dddbba3b636761313?s=96&d=mm&r=g","caption":"tanjaschindelmann"}}]}},"_links":{"self":[{"href":"https:\/\/www.walraven.com\/de\/wp-json\/wp\/v2\/posts\/75773","targetHints":{"allow":["GET"]}}],"collection":[{"href":"https:\/\/www.walraven.com\/de\/wp-json\/wp\/v2\/posts"}],"about":[{"href":"https:\/\/www.walraven.com\/de\/wp-json\/wp\/v2\/types\/post"}],"author":[{"embeddable":true,"href":"https:\/\/www.walraven.com\/de\/wp-json\/wp\/v2\/users\/45"}],"replies":[{"embeddable":true,"href":"https:\/\/www.walraven.com\/de\/wp-json\/wp\/v2\/comments?post=75773"}],"version-history":[{"count":6,"href":"https:\/\/www.walraven.com\/de\/wp-json\/wp\/v2\/posts\/75773\/revisions"}],"predecessor-version":[{"id":145071,"href":"https:\/\/www.walraven.com\/de\/wp-json\/wp\/v2\/posts\/75773\/revisions\/145071"}],"wp:featuredmedia":[{"embeddable":true,"href":"https:\/\/www.walraven.com\/de\/wp-json\/wp\/v2\/media\/75709"}],"wp:attachment":[{"href":"https:\/\/www.walraven.com\/de\/wp-json\/wp\/v2\/media?parent=75773"}],"wp:term":[{"taxonomy":"category","embeddable":true,"href":"https:\/\/www.walraven.com\/de\/wp-json\/wp\/v2\/categories?post=75773"},{"taxonomy":"post_tag","embeddable":true,"href":"https:\/\/www.walraven.com\/de\/wp-json\/wp\/v2\/tags?post=75773"}],"curies":[{"name":"wp","href":"https:\/\/api.w.org\/{rel}","templated":true}]}}