{"id":789,"date":"2012-11-20T00:00:00","date_gmt":"2012-11-19T23:00:00","guid":{"rendered":"https:\/\/www.walraven.com\/de\/blog\/2016\/09\/29\/get-nord-2012\/"},"modified":"2019-02-08T11:36:19","modified_gmt":"2019-02-08T10:36:19","slug":"get-nord-2012","status":"publish","type":"post","link":"https:\/\/www.walraven.com\/de\/ueber-walraven\/aktuelles\/get-nord-2012\/","title":{"rendered":"Brandschutz interessierte besonders"},"content":{"rendered":"<p><img decoding=\"async\" class=\"alignleft\" src=\"https:\/\/www.walraven.com\/wp-content\/uploads\/sites\/4\/2014\/11\/4atconwwk5nrslc1fp7wzj3wicltipe-HHarnK.jpg\" alt=\"Brandschutz interessierte besonders\" \/><\/p>\n<p>Bei Besuchen von Handwerkern am Walraven-Messestand w\u00e4hrend der GET Nord stand das Thema Brandschutz im Mittelpunkt<\/p>\n<p><img loading=\"lazy\" decoding=\"async\" class=\"alignright\" src=\"https:\/\/www.walraven.com\/wp-content\/uploads\/sites\/4\/2014\/11\/gpiuwd44w72oc0ypn4ew4z5fzvzgchn-Rf8lWG.jpg\" alt=\"Praxisnah informierte das Walraven-Mitarbeiterteam sie umfassend und besprach mit ihnen Fragen rund um Brandschutz, Befestigung und Sanit\u00e4r.\" width=\"190\" height=\"150\" \/><\/p>\n<p>\u201eSp\u00fcrbar mehr Besucher als in der Vergangenheit fanden dieses Jahr den Weg zur GET Nord\u201c, ist sich Stefan Hamm, Walraven-Verkaufsleiter Region Nord und Verkaufsleiter Elektro, mit allen Ausstellern der diesj\u00e4hrigen Fachmesse f\u00fcr Elektro, Sanit\u00e4r, Heizung, Klima einig. 500 Aussteller informierten an drei Messetagen 40 000 Besucher auf dem Hamburger Messegel\u00e4nde \u00fcber den neuesten Stand der Geb\u00e4udetechnik.<\/p>\n<p>Das Thema Brandschutz stand besonders bei Besuchen von Handwerkern auf dem Walraven-Messestand im Blickpunkt des Interesses. Praxisnah informierte das Walraven-Mitarbeiterteam sie umfassend und besprach mit ihnen Fragen rund um Brandschutz, Befestigung und Sanit\u00e4r.<\/p>\n<p><img loading=\"lazy\" decoding=\"async\" class=\"alignleft\" src=\"https:\/\/www.walraven.com\/wp-content\/uploads\/sites\/4\/2014\/11\/fnghdchbvw29bum8w08hzr59h499n7m-a8b8bl.jpg\" alt=\"Informationen rund um Brandschutz, Befestigung und Sanit\u00e4r\" width=\"204\" height=\"187\" \/><\/p>\n<p>\u201eWir hatten sehr viele und gute Kontakte. Fast alle Gro\u00dfhandelspartner der Region begr\u00fc\u00dften wir am Stand und viele Au\u00dfen- und Innendienstmitarbeiter nutzten die Messe zur Kontaktpflege und Information. Gemeinsam mit der Vielzahl von Handwerker- und Planerbesuchen war es f\u00fcr uns eine gelungene Messe\u201c, berichtet Hamm. Ein rundherum positives Res\u00fcmee, dank dem der Verkaufsleiter optimistisch in die Zukunft blickt: \u201eWir hoffen auf eine Fortsetzung der GET Nord.<\/p>\n<p>&nbsp;<\/p>\n","protected":false},"excerpt":{"rendered":"<p>Bei Besuchen von Handwerkern am Walraven-Messestand w\u00e4hrend der GET Nord stand das Thema Brandschutz im Mittelpunkt \u201eSp\u00fcrbar mehr Besucher als in der Vergangenheit fanden dieses Jahr den Weg zur GET Nord\u201c, ist sich Stefan Hamm, Walraven-Verkaufsleiter Region Nord und Verkaufsleiter Elektro, mit allen Ausstellern der diesj\u00e4hrigen Fachmesse f\u00fcr Elektro, Sanit\u00e4r, Heizung, Klima einig. 500 Aussteller [&hellip;]<\/p>\n","protected":false},"author":33,"featured_media":4691,"comment_status":"closed","ping_status":"open","sticky":false,"template":"","format":"standard","meta":{"_acf_changed":false,"footnotes":""},"categories":[432],"tags":[],"class_list":["post-789","post","type-post","status-publish","format-standard","has-post-thumbnail","hentry","category-news"],"acf":[],"yoast_head":"<!-- This site is optimized with the Yoast SEO Premium plugin v27.5 (Yoast SEO v27.5) - https:\/\/yoast.com\/product\/yoast-seo-premium-wordpress\/ -->\n<title>Brandschutz interessierte besonders - Walraven Deutschland<\/title>\n<meta name=\"description\" content=\"Bei Besuchen von Handwerkern am Walraven-Messestand w\u00e4hrend der Messe GET Nord 2012 stand das Thema Brandschutz im Mittelpunkt.\" \/>\n<meta name=\"robots\" content=\"index, follow, max-snippet:-1, max-image-preview:large, max-video-preview:-1\" \/>\n<link rel=\"canonical\" href=\"https:\/\/www.walraven.com\/de\/ueber-walraven\/aktuelles\/get-nord-2012\/\" \/>\n<meta property=\"og:locale\" content=\"de_DE\" \/>\n<meta property=\"og:type\" content=\"article\" \/>\n<meta property=\"og:title\" content=\"Brandschutz interessierte besonders\" \/>\n<meta property=\"og:description\" content=\"Bei Besuchen von Handwerkern am Walraven-Messestand w\u00e4hrend der Messe GET Nord 2012 stand das Thema Brandschutz im Mittelpunkt.\" \/>\n<meta property=\"og:url\" content=\"https:\/\/www.walraven.com\/de\/ueber-walraven\/aktuelles\/get-nord-2012\/\" \/>\n<meta property=\"og:site_name\" content=\"Walraven Deutschland\" \/>\n<meta property=\"article:publisher\" content=\"https:\/\/www.facebook.com\/Walraven.GmbH\" \/>\n<meta property=\"article:published_time\" content=\"2012-11-19T23:00:00+00:00\" \/>\n<meta property=\"article:modified_time\" content=\"2019-02-08T10:36:19+00:00\" \/>\n<meta property=\"og:image\" content=\"https:\/\/www.walraven.com\/de\/wp-content\/uploads\/sites\/4\/2014\/11\/4atconwwk5nrslc1fp7wzj3wicltipe-HHarnK.jpg\" \/>\n\t<meta property=\"og:image:width\" content=\"200\" \/>\n\t<meta property=\"og:image:height\" content=\"150\" \/>\n\t<meta property=\"og:image:type\" content=\"image\/jpeg\" \/>\n<meta name=\"author\" content=\"clemens.dederl\" \/>\n<meta name=\"twitter:card\" content=\"summary_large_image\" \/>\n<meta name=\"twitter:creator\" content=\"@BIS_Tech\" \/>\n<meta name=\"twitter:site\" content=\"@BIS_Tech\" \/>\n<meta name=\"twitter:label1\" content=\"Verfasst von\" \/>\n\t<meta name=\"twitter:data1\" content=\"clemens.dederl\" \/>\n\t<meta name=\"twitter:label2\" content=\"Gesch\u00e4tzte Lesezeit\" \/>\n\t<meta name=\"twitter:data2\" content=\"1\u00a0Minute\" \/>\n<script type=\"application\/ld+json\" class=\"yoast-schema-graph\">{\"@context\":\"https:\\\/\\\/schema.org\",\"@graph\":[{\"@type\":\"Article\",\"@id\":\"https:\\\/\\\/www.walraven.com\\\/de\\\/ueber-walraven\\\/aktuelles\\\/get-nord-2012\\\/#article\",\"isPartOf\":{\"@id\":\"https:\\\/\\\/www.walraven.com\\\/de\\\/ueber-walraven\\\/aktuelles\\\/get-nord-2012\\\/\"},\"author\":{\"name\":\"clemens.dederl\",\"@id\":\"https:\\\/\\\/www.walraven.com\\\/de\\\/#\\\/schema\\\/person\\\/5aac3c4f1fbe0595c337615af839d821\"},\"headline\":\"Brandschutz interessierte besonders\",\"datePublished\":\"2012-11-19T23:00:00+00:00\",\"dateModified\":\"2019-02-08T10:36:19+00:00\",\"mainEntityOfPage\":{\"@id\":\"https:\\\/\\\/www.walraven.com\\\/de\\\/ueber-walraven\\\/aktuelles\\\/get-nord-2012\\\/\"},\"wordCount\":185,\"publisher\":{\"@id\":\"https:\\\/\\\/www.walraven.com\\\/de\\\/#organization\"},\"image\":{\"@id\":\"https:\\\/\\\/www.walraven.com\\\/de\\\/ueber-walraven\\\/aktuelles\\\/get-nord-2012\\\/#primaryimage\"},\"thumbnailUrl\":\"https:\\\/\\\/www.walraven.com\\\/de\\\/wp-content\\\/uploads\\\/sites\\\/4\\\/2014\\\/11\\\/4atconwwk5nrslc1fp7wzj3wicltipe-HHarnK.jpg\",\"articleSection\":[\"News\"],\"inLanguage\":\"de\"},{\"@type\":\"WebPage\",\"@id\":\"https:\\\/\\\/www.walraven.com\\\/de\\\/ueber-walraven\\\/aktuelles\\\/get-nord-2012\\\/\",\"url\":\"https:\\\/\\\/www.walraven.com\\\/de\\\/ueber-walraven\\\/aktuelles\\\/get-nord-2012\\\/\",\"name\":\"Brandschutz interessierte besonders - Walraven Deutschland\",\"isPartOf\":{\"@id\":\"https:\\\/\\\/www.walraven.com\\\/de\\\/#website\"},\"primaryImageOfPage\":{\"@id\":\"https:\\\/\\\/www.walraven.com\\\/de\\\/ueber-walraven\\\/aktuelles\\\/get-nord-2012\\\/#primaryimage\"},\"image\":{\"@id\":\"https:\\\/\\\/www.walraven.com\\\/de\\\/ueber-walraven\\\/aktuelles\\\/get-nord-2012\\\/#primaryimage\"},\"thumbnailUrl\":\"https:\\\/\\\/www.walraven.com\\\/de\\\/wp-content\\\/uploads\\\/sites\\\/4\\\/2014\\\/11\\\/4atconwwk5nrslc1fp7wzj3wicltipe-HHarnK.jpg\",\"datePublished\":\"2012-11-19T23:00:00+00:00\",\"dateModified\":\"2019-02-08T10:36:19+00:00\",\"description\":\"Bei Besuchen von Handwerkern am Walraven-Messestand w\u00e4hrend der Messe GET Nord 2012 stand das Thema Brandschutz im Mittelpunkt.\",\"breadcrumb\":{\"@id\":\"https:\\\/\\\/www.walraven.com\\\/de\\\/ueber-walraven\\\/aktuelles\\\/get-nord-2012\\\/#breadcrumb\"},\"inLanguage\":\"de\",\"potentialAction\":[{\"@type\":\"ReadAction\",\"target\":[\"https:\\\/\\\/www.walraven.com\\\/de\\\/ueber-walraven\\\/aktuelles\\\/get-nord-2012\\\/\"]}]},{\"@type\":\"ImageObject\",\"inLanguage\":\"de\",\"@id\":\"https:\\\/\\\/www.walraven.com\\\/de\\\/ueber-walraven\\\/aktuelles\\\/get-nord-2012\\\/#primaryimage\",\"url\":\"https:\\\/\\\/www.walraven.com\\\/de\\\/wp-content\\\/uploads\\\/sites\\\/4\\\/2014\\\/11\\\/4atconwwk5nrslc1fp7wzj3wicltipe-HHarnK.jpg\",\"contentUrl\":\"https:\\\/\\\/www.walraven.com\\\/de\\\/wp-content\\\/uploads\\\/sites\\\/4\\\/2014\\\/11\\\/4atconwwk5nrslc1fp7wzj3wicltipe-HHarnK.jpg\",\"width\":200,\"height\":150,\"caption\":\"Brandschutz interessierte besonders\"},{\"@type\":\"BreadcrumbList\",\"@id\":\"https:\\\/\\\/www.walraven.com\\\/de\\\/ueber-walraven\\\/aktuelles\\\/get-nord-2012\\\/#breadcrumb\",\"itemListElement\":[{\"@type\":\"ListItem\",\"position\":1,\"name\":\"Startseite\",\"item\":\"https:\\\/\\\/www.walraven.com\\\/de\\\/\"},{\"@type\":\"ListItem\",\"position\":2,\"name\":\"Brandschutz interessierte besonders\"}]},{\"@type\":\"WebSite\",\"@id\":\"https:\\\/\\\/www.walraven.com\\\/de\\\/#website\",\"url\":\"https:\\\/\\\/www.walraven.com\\\/de\\\/\",\"name\":\"Walraven Deutschland\",\"description\":\"\",\"publisher\":{\"@id\":\"https:\\\/\\\/www.walraven.com\\\/de\\\/#organization\"},\"potentialAction\":[{\"@type\":\"SearchAction\",\"target\":{\"@type\":\"EntryPoint\",\"urlTemplate\":\"https:\\\/\\\/www.walraven.com\\\/de\\\/?s={search_term_string}\"},\"query-input\":{\"@type\":\"PropertyValueSpecification\",\"valueRequired\":true,\"valueName\":\"search_term_string\"}}],\"inLanguage\":\"de\"},{\"@type\":\"Organization\",\"@id\":\"https:\\\/\\\/www.walraven.com\\\/de\\\/#organization\",\"name\":\"Walraven GmbH\",\"alternateName\":\"Walraven GmbH\",\"url\":\"https:\\\/\\\/www.walraven.com\\\/de\\\/\",\"logo\":{\"@type\":\"ImageObject\",\"inLanguage\":\"de\",\"@id\":\"https:\\\/\\\/www.walraven.com\\\/de\\\/#\\\/schema\\\/logo\\\/image\\\/\",\"url\":\"https:\\\/\\\/www.walraven.com\\\/de\\\/wp-content\\\/uploads\\\/sites\\\/4\\\/2023\\\/12\\\/Walraven_logo300x300.jpg\",\"contentUrl\":\"https:\\\/\\\/www.walraven.com\\\/de\\\/wp-content\\\/uploads\\\/sites\\\/4\\\/2023\\\/12\\\/Walraven_logo300x300.jpg\",\"width\":300,\"height\":300,\"caption\":\"Walraven GmbH\"},\"image\":{\"@id\":\"https:\\\/\\\/www.walraven.com\\\/de\\\/#\\\/schema\\\/logo\\\/image\\\/\"},\"sameAs\":[\"https:\\\/\\\/www.facebook.com\\\/Walraven.GmbH\",\"https:\\\/\\\/x.com\\\/BIS_Tech\",\"https:\\\/\\\/www.youtube.com\\\/WalravenDE\",\"https:\\\/\\\/www.linkedin.com\\\/company\\\/walraven-gmbh\",\"https:\\\/\\\/www.instagram.com\\\/walraven.gmbh\\\/\"]},{\"@type\":\"Person\",\"@id\":\"https:\\\/\\\/www.walraven.com\\\/de\\\/#\\\/schema\\\/person\\\/5aac3c4f1fbe0595c337615af839d821\",\"name\":\"clemens.dederl\",\"image\":{\"@type\":\"ImageObject\",\"inLanguage\":\"de\",\"@id\":\"https:\\\/\\\/secure.gravatar.com\\\/avatar\\\/34ae201fd7991ed73d71ab76117c9370e60d8bb5349d31713df056b5a439d847?s=96&d=mm&r=g\",\"url\":\"https:\\\/\\\/secure.gravatar.com\\\/avatar\\\/34ae201fd7991ed73d71ab76117c9370e60d8bb5349d31713df056b5a439d847?s=96&d=mm&r=g\",\"contentUrl\":\"https:\\\/\\\/secure.gravatar.com\\\/avatar\\\/34ae201fd7991ed73d71ab76117c9370e60d8bb5349d31713df056b5a439d847?s=96&d=mm&r=g\",\"caption\":\"clemens.dederl\"}}]}<\/script>\n<!-- \/ Yoast SEO Premium plugin. -->","yoast_head_json":{"title":"Brandschutz interessierte besonders - Walraven Deutschland","description":"Bei Besuchen von Handwerkern am Walraven-Messestand w\u00e4hrend der Messe GET Nord 2012 stand das Thema Brandschutz im Mittelpunkt.","robots":{"index":"index","follow":"follow","max-snippet":"max-snippet:-1","max-image-preview":"max-image-preview:large","max-video-preview":"max-video-preview:-1"},"canonical":"https:\/\/www.walraven.com\/de\/ueber-walraven\/aktuelles\/get-nord-2012\/","og_locale":"de_DE","og_type":"article","og_title":"Brandschutz interessierte besonders","og_description":"Bei Besuchen von Handwerkern am Walraven-Messestand w\u00e4hrend der Messe GET Nord 2012 stand das Thema Brandschutz im Mittelpunkt.","og_url":"https:\/\/www.walraven.com\/de\/ueber-walraven\/aktuelles\/get-nord-2012\/","og_site_name":"Walraven Deutschland","article_publisher":"https:\/\/www.facebook.com\/Walraven.GmbH","article_published_time":"2012-11-19T23:00:00+00:00","article_modified_time":"2019-02-08T10:36:19+00:00","og_image":[{"width":200,"height":150,"url":"https:\/\/www.walraven.com\/de\/wp-content\/uploads\/sites\/4\/2014\/11\/4atconwwk5nrslc1fp7wzj3wicltipe-HHarnK.jpg","type":"image\/jpeg"}],"author":"clemens.dederl","twitter_card":"summary_large_image","twitter_creator":"@BIS_Tech","twitter_site":"@BIS_Tech","twitter_misc":{"Verfasst von":"clemens.dederl","Gesch\u00e4tzte Lesezeit":"1\u00a0Minute"},"schema":{"@context":"https:\/\/schema.org","@graph":[{"@type":"Article","@id":"https:\/\/www.walraven.com\/de\/ueber-walraven\/aktuelles\/get-nord-2012\/#article","isPartOf":{"@id":"https:\/\/www.walraven.com\/de\/ueber-walraven\/aktuelles\/get-nord-2012\/"},"author":{"name":"clemens.dederl","@id":"https:\/\/www.walraven.com\/de\/#\/schema\/person\/5aac3c4f1fbe0595c337615af839d821"},"headline":"Brandschutz interessierte besonders","datePublished":"2012-11-19T23:00:00+00:00","dateModified":"2019-02-08T10:36:19+00:00","mainEntityOfPage":{"@id":"https:\/\/www.walraven.com\/de\/ueber-walraven\/aktuelles\/get-nord-2012\/"},"wordCount":185,"publisher":{"@id":"https:\/\/www.walraven.com\/de\/#organization"},"image":{"@id":"https:\/\/www.walraven.com\/de\/ueber-walraven\/aktuelles\/get-nord-2012\/#primaryimage"},"thumbnailUrl":"https:\/\/www.walraven.com\/de\/wp-content\/uploads\/sites\/4\/2014\/11\/4atconwwk5nrslc1fp7wzj3wicltipe-HHarnK.jpg","articleSection":["News"],"inLanguage":"de"},{"@type":"WebPage","@id":"https:\/\/www.walraven.com\/de\/ueber-walraven\/aktuelles\/get-nord-2012\/","url":"https:\/\/www.walraven.com\/de\/ueber-walraven\/aktuelles\/get-nord-2012\/","name":"Brandschutz interessierte besonders - Walraven Deutschland","isPartOf":{"@id":"https:\/\/www.walraven.com\/de\/#website"},"primaryImageOfPage":{"@id":"https:\/\/www.walraven.com\/de\/ueber-walraven\/aktuelles\/get-nord-2012\/#primaryimage"},"image":{"@id":"https:\/\/www.walraven.com\/de\/ueber-walraven\/aktuelles\/get-nord-2012\/#primaryimage"},"thumbnailUrl":"https:\/\/www.walraven.com\/de\/wp-content\/uploads\/sites\/4\/2014\/11\/4atconwwk5nrslc1fp7wzj3wicltipe-HHarnK.jpg","datePublished":"2012-11-19T23:00:00+00:00","dateModified":"2019-02-08T10:36:19+00:00","description":"Bei Besuchen von Handwerkern am Walraven-Messestand w\u00e4hrend der Messe GET Nord 2012 stand das Thema Brandschutz im Mittelpunkt.","breadcrumb":{"@id":"https:\/\/www.walraven.com\/de\/ueber-walraven\/aktuelles\/get-nord-2012\/#breadcrumb"},"inLanguage":"de","potentialAction":[{"@type":"ReadAction","target":["https:\/\/www.walraven.com\/de\/ueber-walraven\/aktuelles\/get-nord-2012\/"]}]},{"@type":"ImageObject","inLanguage":"de","@id":"https:\/\/www.walraven.com\/de\/ueber-walraven\/aktuelles\/get-nord-2012\/#primaryimage","url":"https:\/\/www.walraven.com\/de\/wp-content\/uploads\/sites\/4\/2014\/11\/4atconwwk5nrslc1fp7wzj3wicltipe-HHarnK.jpg","contentUrl":"https:\/\/www.walraven.com\/de\/wp-content\/uploads\/sites\/4\/2014\/11\/4atconwwk5nrslc1fp7wzj3wicltipe-HHarnK.jpg","width":200,"height":150,"caption":"Brandschutz interessierte besonders"},{"@type":"BreadcrumbList","@id":"https:\/\/www.walraven.com\/de\/ueber-walraven\/aktuelles\/get-nord-2012\/#breadcrumb","itemListElement":[{"@type":"ListItem","position":1,"name":"Startseite","item":"https:\/\/www.walraven.com\/de\/"},{"@type":"ListItem","position":2,"name":"Brandschutz interessierte besonders"}]},{"@type":"WebSite","@id":"https:\/\/www.walraven.com\/de\/#website","url":"https:\/\/www.walraven.com\/de\/","name":"Walraven Deutschland","description":"","publisher":{"@id":"https:\/\/www.walraven.com\/de\/#organization"},"potentialAction":[{"@type":"SearchAction","target":{"@type":"EntryPoint","urlTemplate":"https:\/\/www.walraven.com\/de\/?s={search_term_string}"},"query-input":{"@type":"PropertyValueSpecification","valueRequired":true,"valueName":"search_term_string"}}],"inLanguage":"de"},{"@type":"Organization","@id":"https:\/\/www.walraven.com\/de\/#organization","name":"Walraven GmbH","alternateName":"Walraven GmbH","url":"https:\/\/www.walraven.com\/de\/","logo":{"@type":"ImageObject","inLanguage":"de","@id":"https:\/\/www.walraven.com\/de\/#\/schema\/logo\/image\/","url":"https:\/\/www.walraven.com\/de\/wp-content\/uploads\/sites\/4\/2023\/12\/Walraven_logo300x300.jpg","contentUrl":"https:\/\/www.walraven.com\/de\/wp-content\/uploads\/sites\/4\/2023\/12\/Walraven_logo300x300.jpg","width":300,"height":300,"caption":"Walraven GmbH"},"image":{"@id":"https:\/\/www.walraven.com\/de\/#\/schema\/logo\/image\/"},"sameAs":["https:\/\/www.facebook.com\/Walraven.GmbH","https:\/\/x.com\/BIS_Tech","https:\/\/www.youtube.com\/WalravenDE","https:\/\/www.linkedin.com\/company\/walraven-gmbh","https:\/\/www.instagram.com\/walraven.gmbh\/"]},{"@type":"Person","@id":"https:\/\/www.walraven.com\/de\/#\/schema\/person\/5aac3c4f1fbe0595c337615af839d821","name":"clemens.dederl","image":{"@type":"ImageObject","inLanguage":"de","@id":"https:\/\/secure.gravatar.com\/avatar\/34ae201fd7991ed73d71ab76117c9370e60d8bb5349d31713df056b5a439d847?s=96&d=mm&r=g","url":"https:\/\/secure.gravatar.com\/avatar\/34ae201fd7991ed73d71ab76117c9370e60d8bb5349d31713df056b5a439d847?s=96&d=mm&r=g","contentUrl":"https:\/\/secure.gravatar.com\/avatar\/34ae201fd7991ed73d71ab76117c9370e60d8bb5349d31713df056b5a439d847?s=96&d=mm&r=g","caption":"clemens.dederl"}}]}},"_links":{"self":[{"href":"https:\/\/www.walraven.com\/de\/wp-json\/wp\/v2\/posts\/789","targetHints":{"allow":["GET"]}}],"collection":[{"href":"https:\/\/www.walraven.com\/de\/wp-json\/wp\/v2\/posts"}],"about":[{"href":"https:\/\/www.walraven.com\/de\/wp-json\/wp\/v2\/types\/post"}],"author":[{"embeddable":true,"href":"https:\/\/www.walraven.com\/de\/wp-json\/wp\/v2\/users\/33"}],"replies":[{"embeddable":true,"href":"https:\/\/www.walraven.com\/de\/wp-json\/wp\/v2\/comments?post=789"}],"version-history":[{"count":13,"href":"https:\/\/www.walraven.com\/de\/wp-json\/wp\/v2\/posts\/789\/revisions"}],"predecessor-version":[{"id":71734,"href":"https:\/\/www.walraven.com\/de\/wp-json\/wp\/v2\/posts\/789\/revisions\/71734"}],"wp:featuredmedia":[{"embeddable":true,"href":"https:\/\/www.walraven.com\/de\/wp-json\/wp\/v2\/media\/4691"}],"wp:attachment":[{"href":"https:\/\/www.walraven.com\/de\/wp-json\/wp\/v2\/media?parent=789"}],"wp:term":[{"taxonomy":"category","embeddable":true,"href":"https:\/\/www.walraven.com\/de\/wp-json\/wp\/v2\/categories?post=789"},{"taxonomy":"post_tag","embeddable":true,"href":"https:\/\/www.walraven.com\/de\/wp-json\/wp\/v2\/tags?post=789"}],"curies":[{"name":"wp","href":"https:\/\/api.w.org\/{rel}","templated":true}]}}