{"id":81354,"date":"2022-10-13T11:58:05","date_gmt":"2022-10-13T09:58:05","guid":{"rendered":"https:\/\/www.walraven.com\/de\/?p=81354"},"modified":"2026-01-13T16:31:19","modified_gmt":"2026-01-13T15:31:19","slug":"neuer-verschluss-pacifyre-awm-ii-brandschutzmanschette","status":"publish","type":"post","link":"https:\/\/www.walraven.com\/de\/ueber-walraven\/aktuelles\/neuer-verschluss-pacifyre-awm-ii-brandschutzmanschette\/","title":{"rendered":"Neuer Verschluss und erweiterte Anwendungsm\u00f6glichkeiten der Pacifyre\u00ae AWM II Brandschutzmanschette"},"content":{"rendered":"<p><strong><a href=\"https:\/\/www.walraven.com\/de\/produkte\/walraven-pacifyre-awm-ii-brandschutzmanschette\/\" target=\"_blank\" rel=\"noopener\"><img loading=\"lazy\" decoding=\"async\" class=\"alignright wp-image-81358 size-thumbnail\" src=\"https:\/\/www.walraven.com\/wp-content\/uploads\/sites\/4\/2022\/10\/Pacifyre\u00ae-AWM-II-Brandschutzmanschette-neu-offen_RGB-150x150.jpg\" alt=\"Offene Pacifyre\u00ae AWM II Brandschutzmanschette von Walraven. Die zwei Teile \u00fcbereinander vor wei\u00dfem Hintergrund.\" width=\"150\" height=\"150\" srcset=\"https:\/\/www.walraven.com\/de\/wp-content\/uploads\/sites\/4\/2022\/10\/Pacifyre\u00ae-AWM-II-Brandschutzmanschette-neu-offen_RGB-150x150.jpg 150w, https:\/\/www.walraven.com\/de\/wp-content\/uploads\/sites\/4\/2022\/10\/Pacifyre\u00ae-AWM-II-Brandschutzmanschette-neu-offen_RGB-60x60.jpg 60w, https:\/\/www.walraven.com\/de\/wp-content\/uploads\/sites\/4\/2022\/10\/Pacifyre\u00ae-AWM-II-Brandschutzmanschette-neu-offen_RGB-400x400.jpg 400w\" sizes=\"auto, (max-width: 150px) 100vw, 150px\" \/><\/a>Noch einfacher und flexibler zu montieren ist jetzt die bew\u00e4hrte Abschottung ged\u00e4mmter oder unged\u00e4mmter brennbarer und Mehrschichtverbundrohre<\/strong><\/p>\n<ul>\n<li>Ein neuer variabler Verschluss vereinfacht die Montage der <a href=\"https:\/\/www.walraven.com\/de\/produkte\/walraven-pacifyre-awm-ii-brandschutzmanschette\/\" target=\"_blank\" rel=\"noopener\">Pacifyre\u00ae AWM II Brandschutzmanschette<\/a>,<\/li>\n<li>mehrere Verstellm\u00f6glichkeiten erh\u00f6hen ihre Flexibilit\u00e4t.<\/li>\n<li>Muffenabschottung,<\/li>\n<li>zwei Mal 45 Grad und<\/li>\n<li>Schr\u00e4geinbau sind nun noch einfacher zu realisieren.<\/li>\n<\/ul>\n<p>So bietet die Pacifyre\u00ae AWM II Brandschutzmanschette jetzt noch mehr Anwendungsm\u00f6glichkeiten.<\/p>\n<p><u>Wichtiges zur Pacifyre\u00ae AWM II Brandschutzmanschette im \u00dcberblick:<\/u><\/p>\n<ul>\n<li>Zur Abschottung brennbarer Rohre und ged\u00e4mmter Mehrschichtverbundrohre in R90-Qualit\u00e4t nach DIN 4102-11 bzw. EI 120 gem\u00e4\u00df EN 13501 an W\u00e4nden (Massivw\u00e4nde und leichte Trennw\u00e4nde).<\/li>\n<li>D\u00e4mmung mit Synthese-Kautschuk 9-43 mm\u00a0je nach Rohrau\u00dfendurchmesser.<\/li>\n<li>PE-Schallschutzschlauch bis 4 mm bei Abwasserleitungen m\u00f6glich.<\/li>\n<li>Muffenabschottung bei gerader Durchf\u00fchrung bis Rohrau\u00dfendurchmesser 110 mm.<\/li>\n<li>F\u00fcr den Einbau in Feuchtr\u00e4umen geeignet.<\/li>\n<li>Auf beiden Seiten der Wand bzw. an der Deckenunterseite zu montieren.<\/li>\n<li>Flexibler Ringspaltverschluss.<\/li>\n<li>Allgemeine Bauartgenehmigung (aBG) Z-19.53-2331 vom Deutschen Institut f\u00fcr Bautechnik (DIBt)<a href=\"https:\/\/www.walraven.com\/de\/produkte\/walraven-pacifyre-awm-ii-brandschutzmanschette\/\" target=\"_blank\" rel=\"noopener\"><img loading=\"lazy\" decoding=\"async\" class=\"alignright wp-image-81359 size-thumbnail\" src=\"https:\/\/www.walraven.com\/wp-content\/uploads\/sites\/4\/2022\/10\/Pacifyre\u00ae-AWM-II-Brandschutzmanschette-neu-Produktbild_RGB-150x150.jpg\" alt=\"Aufrecht stehende Pacifyre\u00ae AWM II Brandschutzmanschette von Walraven vor wei\u00dfem Hintergrund. \" width=\"150\" height=\"150\" srcset=\"https:\/\/www.walraven.com\/de\/wp-content\/uploads\/sites\/4\/2022\/10\/Pacifyre\u00ae-AWM-II-Brandschutzmanschette-neu-Produktbild_RGB-150x150.jpg 150w, https:\/\/www.walraven.com\/de\/wp-content\/uploads\/sites\/4\/2022\/10\/Pacifyre\u00ae-AWM-II-Brandschutzmanschette-neu-Produktbild_RGB-60x60.jpg 60w, https:\/\/www.walraven.com\/de\/wp-content\/uploads\/sites\/4\/2022\/10\/Pacifyre\u00ae-AWM-II-Brandschutzmanschette-neu-Produktbild_RGB-400x400.jpg 400w\" sizes=\"auto, (max-width: 150px) 100vw, 150px\" \/><\/a><\/li>\n<\/ul>\n<hr \/>\n<h2 style=\"text-align: left;\">Sie haben eine technische Frage?<\/h2>\n<h4 style=\"text-align: left;\">Wir helfen Ihnen gerne!<\/h4>\n<p>Bitte f\u00fcllen Sie einfach das Formular aus, wir setzen uns so schnell wie m\u00f6glich mit Ihnen in Verbindung.<\/p>\n<p>Ben\u00f6tigen Sie dringend Unterst\u00fctzung, dann rufen Sie uns bitte unter <strong>+49(0)921 75600<\/strong> an.<br \/>\n<div class=\"ms-form\"><div\r\n        data-form-id='e7b846f7-4e32-f011-8c4e-7c1e5261da1d'\r\n        data-form-api-url='https:\/\/public-eur.mkt.dynamics.com\/api\/v1.0\/orgs\/2cd7df8f-f10a-4dbf-abd6-99a66c64630a\/landingpageforms'\r\n        data-cached-form-url='https:\/\/assets1-eur.mkt.dynamics.com\/2cd7df8f-f10a-4dbf-abd6-99a66c64630a\/digitalassets\/forms\/e7b846f7-4e32-f011-8c4e-7c1e5261da1d' ><\/div>\r\n        <script src = 'https:\/\/cxppusa1formui01cdnsa01-endpoint.azureedge.net\/eur\/FormLoader\/FormLoader.bundle.js' ><\/script><\/div><\/p>\n","protected":false},"excerpt":{"rendered":"<p>Die bew\u00e4hre Abschottung ged\u00e4mmter oder unged\u00e4mmter brennbarer und Mehrschichtverbundrohre ist jetzt noch einfacher und flexibler zu montieren.<\/p>\n","protected":false},"author":49,"featured_media":81367,"comment_status":"open","ping_status":"open","sticky":false,"template":"","format":"standard","meta":{"_acf_changed":false,"footnotes":""},"categories":[432],"tags":[],"class_list":["post-81354","post","type-post","status-publish","format-standard","has-post-thumbnail","hentry","category-news"],"acf":[],"yoast_head":"<!-- This site is optimized with the Yoast SEO Premium plugin v27.3 (Yoast SEO v27.3) - https:\/\/yoast.com\/product\/yoast-seo-premium-wordpress\/ -->\n<title>\u00dcberarbeitete Walraven Pacifyre\u00ae AWM II Brandschutzmanschette<\/title>\n<meta name=\"description\" content=\"Die Abschottung ged\u00e4mmter oder unged\u00e4mmter brennbarer und Mehrschichtverbundrohre ist jetzt noch einfacher und flexibler zu montieren.\" \/>\n<meta name=\"robots\" content=\"index, follow, max-snippet:-1, max-image-preview:large, max-video-preview:-1\" \/>\n<link rel=\"canonical\" href=\"https:\/\/www.walraven.com\/de\/ueber-walraven\/aktuelles\/neuer-verschluss-pacifyre-awm-ii-brandschutzmanschette\/\" \/>\n<meta property=\"og:locale\" content=\"de_DE\" \/>\n<meta property=\"og:type\" content=\"article\" \/>\n<meta property=\"og:title\" content=\"Neuer Verschluss und erweiterte Anwendungsm\u00f6glichkeiten der Pacifyre\u00ae AWM II Brandschutzmanschette\" \/>\n<meta property=\"og:description\" content=\"Die Abschottung ged\u00e4mmter oder unged\u00e4mmter brennbarer und Mehrschichtverbundrohre ist jetzt noch einfacher und flexibler zu montieren.\" \/>\n<meta property=\"og:url\" content=\"https:\/\/www.walraven.com\/de\/ueber-walraven\/aktuelles\/neuer-verschluss-pacifyre-awm-ii-brandschutzmanschette\/\" \/>\n<meta property=\"og:site_name\" content=\"Walraven Deutschland\" \/>\n<meta property=\"article:publisher\" content=\"https:\/\/www.facebook.com\/Walraven.GmbH\" \/>\n<meta property=\"article:published_time\" content=\"2022-10-13T09:58:05+00:00\" \/>\n<meta property=\"article:modified_time\" content=\"2026-01-13T15:31:19+00:00\" \/>\n<meta property=\"og:image\" content=\"https:\/\/www.walraven.com\/de\/wp-content\/uploads\/sites\/4\/2022\/10\/Walraven-Pacifyre-AWM-II-Brandschutzmanschette-neu2.jpg\" \/>\n\t<meta property=\"og:image:width\" content=\"1080\" \/>\n\t<meta property=\"og:image:height\" content=\"1080\" \/>\n\t<meta property=\"og:image:type\" content=\"image\/jpeg\" \/>\n<meta name=\"author\" content=\"gabrielepoehlmann\" \/>\n<meta name=\"twitter:card\" content=\"summary_large_image\" \/>\n<meta name=\"twitter:creator\" content=\"@BIS_Tech\" \/>\n<meta name=\"twitter:site\" content=\"@BIS_Tech\" \/>\n<meta name=\"twitter:label1\" content=\"Verfasst von\" \/>\n\t<meta name=\"twitter:data1\" content=\"gabrielepoehlmann\" \/>\n\t<meta name=\"twitter:label2\" content=\"Gesch\u00e4tzte Lesezeit\" \/>\n\t<meta name=\"twitter:data2\" content=\"2\u00a0Minuten\" \/>\n<script type=\"application\/ld+json\" class=\"yoast-schema-graph\">{\"@context\":\"https:\\\/\\\/schema.org\",\"@graph\":[{\"@type\":\"Article\",\"@id\":\"https:\\\/\\\/www.walraven.com\\\/de\\\/ueber-walraven\\\/aktuelles\\\/neuer-verschluss-pacifyre-awm-ii-brandschutzmanschette\\\/#article\",\"isPartOf\":{\"@id\":\"https:\\\/\\\/www.walraven.com\\\/de\\\/ueber-walraven\\\/aktuelles\\\/neuer-verschluss-pacifyre-awm-ii-brandschutzmanschette\\\/\"},\"author\":{\"name\":\"gabrielepoehlmann\",\"@id\":\"https:\\\/\\\/www.walraven.com\\\/de\\\/#\\\/schema\\\/person\\\/ce993ade285dc27957890c63e04d923d\"},\"headline\":\"Neuer Verschluss und erweiterte Anwendungsm\u00f6glichkeiten der Pacifyre\u00ae AWM II Brandschutzmanschette\",\"datePublished\":\"2022-10-13T09:58:05+00:00\",\"dateModified\":\"2026-01-13T15:31:19+00:00\",\"mainEntityOfPage\":{\"@id\":\"https:\\\/\\\/www.walraven.com\\\/de\\\/ueber-walraven\\\/aktuelles\\\/neuer-verschluss-pacifyre-awm-ii-brandschutzmanschette\\\/\"},\"wordCount\":214,\"commentCount\":0,\"publisher\":{\"@id\":\"https:\\\/\\\/www.walraven.com\\\/de\\\/#organization\"},\"image\":{\"@id\":\"https:\\\/\\\/www.walraven.com\\\/de\\\/ueber-walraven\\\/aktuelles\\\/neuer-verschluss-pacifyre-awm-ii-brandschutzmanschette\\\/#primaryimage\"},\"thumbnailUrl\":\"https:\\\/\\\/www.walraven.com\\\/de\\\/wp-content\\\/uploads\\\/sites\\\/4\\\/2022\\\/10\\\/Walraven-Pacifyre-AWM-II-Brandschutzmanschette-neu2.jpg\",\"articleSection\":[\"News\"],\"inLanguage\":\"de\",\"potentialAction\":[{\"@type\":\"CommentAction\",\"name\":\"Comment\",\"target\":[\"https:\\\/\\\/www.walraven.com\\\/de\\\/ueber-walraven\\\/aktuelles\\\/neuer-verschluss-pacifyre-awm-ii-brandschutzmanschette\\\/#respond\"]}]},{\"@type\":\"WebPage\",\"@id\":\"https:\\\/\\\/www.walraven.com\\\/de\\\/ueber-walraven\\\/aktuelles\\\/neuer-verschluss-pacifyre-awm-ii-brandschutzmanschette\\\/\",\"url\":\"https:\\\/\\\/www.walraven.com\\\/de\\\/ueber-walraven\\\/aktuelles\\\/neuer-verschluss-pacifyre-awm-ii-brandschutzmanschette\\\/\",\"name\":\"\u00dcberarbeitete Walraven Pacifyre\u00ae AWM II Brandschutzmanschette\",\"isPartOf\":{\"@id\":\"https:\\\/\\\/www.walraven.com\\\/de\\\/#website\"},\"primaryImageOfPage\":{\"@id\":\"https:\\\/\\\/www.walraven.com\\\/de\\\/ueber-walraven\\\/aktuelles\\\/neuer-verschluss-pacifyre-awm-ii-brandschutzmanschette\\\/#primaryimage\"},\"image\":{\"@id\":\"https:\\\/\\\/www.walraven.com\\\/de\\\/ueber-walraven\\\/aktuelles\\\/neuer-verschluss-pacifyre-awm-ii-brandschutzmanschette\\\/#primaryimage\"},\"thumbnailUrl\":\"https:\\\/\\\/www.walraven.com\\\/de\\\/wp-content\\\/uploads\\\/sites\\\/4\\\/2022\\\/10\\\/Walraven-Pacifyre-AWM-II-Brandschutzmanschette-neu2.jpg\",\"datePublished\":\"2022-10-13T09:58:05+00:00\",\"dateModified\":\"2026-01-13T15:31:19+00:00\",\"description\":\"Die Abschottung ged\u00e4mmter oder unged\u00e4mmter brennbarer und Mehrschichtverbundrohre ist jetzt noch einfacher und flexibler zu montieren.\",\"breadcrumb\":{\"@id\":\"https:\\\/\\\/www.walraven.com\\\/de\\\/ueber-walraven\\\/aktuelles\\\/neuer-verschluss-pacifyre-awm-ii-brandschutzmanschette\\\/#breadcrumb\"},\"inLanguage\":\"de\",\"potentialAction\":[{\"@type\":\"ReadAction\",\"target\":[\"https:\\\/\\\/www.walraven.com\\\/de\\\/ueber-walraven\\\/aktuelles\\\/neuer-verschluss-pacifyre-awm-ii-brandschutzmanschette\\\/\"]}]},{\"@type\":\"ImageObject\",\"inLanguage\":\"de\",\"@id\":\"https:\\\/\\\/www.walraven.com\\\/de\\\/ueber-walraven\\\/aktuelles\\\/neuer-verschluss-pacifyre-awm-ii-brandschutzmanschette\\\/#primaryimage\",\"url\":\"https:\\\/\\\/www.walraven.com\\\/de\\\/wp-content\\\/uploads\\\/sites\\\/4\\\/2022\\\/10\\\/Walraven-Pacifyre-AWM-II-Brandschutzmanschette-neu2.jpg\",\"contentUrl\":\"https:\\\/\\\/www.walraven.com\\\/de\\\/wp-content\\\/uploads\\\/sites\\\/4\\\/2022\\\/10\\\/Walraven-Pacifyre-AWM-II-Brandschutzmanschette-neu2.jpg\",\"width\":1080,\"height\":1080},{\"@type\":\"BreadcrumbList\",\"@id\":\"https:\\\/\\\/www.walraven.com\\\/de\\\/ueber-walraven\\\/aktuelles\\\/neuer-verschluss-pacifyre-awm-ii-brandschutzmanschette\\\/#breadcrumb\",\"itemListElement\":[{\"@type\":\"ListItem\",\"position\":1,\"name\":\"Startseite\",\"item\":\"https:\\\/\\\/www.walraven.com\\\/de\\\/\"},{\"@type\":\"ListItem\",\"position\":2,\"name\":\"Neuer Verschluss und erweiterte Anwendungsm\u00f6glichkeiten der Pacifyre\u00ae AWM II Brandschutzmanschette\"}]},{\"@type\":\"WebSite\",\"@id\":\"https:\\\/\\\/www.walraven.com\\\/de\\\/#website\",\"url\":\"https:\\\/\\\/www.walraven.com\\\/de\\\/\",\"name\":\"Walraven Deutschland\",\"description\":\"\",\"publisher\":{\"@id\":\"https:\\\/\\\/www.walraven.com\\\/de\\\/#organization\"},\"potentialAction\":[{\"@type\":\"SearchAction\",\"target\":{\"@type\":\"EntryPoint\",\"urlTemplate\":\"https:\\\/\\\/www.walraven.com\\\/de\\\/?s={search_term_string}\"},\"query-input\":{\"@type\":\"PropertyValueSpecification\",\"valueRequired\":true,\"valueName\":\"search_term_string\"}}],\"inLanguage\":\"de\"},{\"@type\":\"Organization\",\"@id\":\"https:\\\/\\\/www.walraven.com\\\/de\\\/#organization\",\"name\":\"Walraven GmbH\",\"alternateName\":\"Walraven GmbH\",\"url\":\"https:\\\/\\\/www.walraven.com\\\/de\\\/\",\"logo\":{\"@type\":\"ImageObject\",\"inLanguage\":\"de\",\"@id\":\"https:\\\/\\\/www.walraven.com\\\/de\\\/#\\\/schema\\\/logo\\\/image\\\/\",\"url\":\"https:\\\/\\\/www.walraven.com\\\/de\\\/wp-content\\\/uploads\\\/sites\\\/4\\\/2023\\\/12\\\/Walraven_logo300x300.jpg\",\"contentUrl\":\"https:\\\/\\\/www.walraven.com\\\/de\\\/wp-content\\\/uploads\\\/sites\\\/4\\\/2023\\\/12\\\/Walraven_logo300x300.jpg\",\"width\":300,\"height\":300,\"caption\":\"Walraven GmbH\"},\"image\":{\"@id\":\"https:\\\/\\\/www.walraven.com\\\/de\\\/#\\\/schema\\\/logo\\\/image\\\/\"},\"sameAs\":[\"https:\\\/\\\/www.facebook.com\\\/Walraven.GmbH\",\"https:\\\/\\\/x.com\\\/BIS_Tech\",\"https:\\\/\\\/www.youtube.com\\\/WalravenDE\",\"https:\\\/\\\/www.linkedin.com\\\/company\\\/walraven-gmbh\",\"https:\\\/\\\/www.instagram.com\\\/walraven.gmbh\\\/\"]},{\"@type\":\"Person\",\"@id\":\"https:\\\/\\\/www.walraven.com\\\/de\\\/#\\\/schema\\\/person\\\/ce993ade285dc27957890c63e04d923d\",\"name\":\"gabrielepoehlmann\",\"image\":{\"@type\":\"ImageObject\",\"inLanguage\":\"de\",\"@id\":\"https:\\\/\\\/secure.gravatar.com\\\/avatar\\\/59e32862343e23acc831239ad2fab53061f4e3aa47cfb649f84be1d2edabb222?s=96&d=mm&r=g\",\"url\":\"https:\\\/\\\/secure.gravatar.com\\\/avatar\\\/59e32862343e23acc831239ad2fab53061f4e3aa47cfb649f84be1d2edabb222?s=96&d=mm&r=g\",\"contentUrl\":\"https:\\\/\\\/secure.gravatar.com\\\/avatar\\\/59e32862343e23acc831239ad2fab53061f4e3aa47cfb649f84be1d2edabb222?s=96&d=mm&r=g\",\"caption\":\"gabrielepoehlmann\"}}]}<\/script>\n<!-- \/ Yoast SEO Premium plugin. -->","yoast_head_json":{"title":"\u00dcberarbeitete Walraven Pacifyre\u00ae AWM II Brandschutzmanschette","description":"Die Abschottung ged\u00e4mmter oder unged\u00e4mmter brennbarer und Mehrschichtverbundrohre ist jetzt noch einfacher und flexibler zu montieren.","robots":{"index":"index","follow":"follow","max-snippet":"max-snippet:-1","max-image-preview":"max-image-preview:large","max-video-preview":"max-video-preview:-1"},"canonical":"https:\/\/www.walraven.com\/de\/ueber-walraven\/aktuelles\/neuer-verschluss-pacifyre-awm-ii-brandschutzmanschette\/","og_locale":"de_DE","og_type":"article","og_title":"Neuer Verschluss und erweiterte Anwendungsm\u00f6glichkeiten der Pacifyre\u00ae AWM II Brandschutzmanschette","og_description":"Die Abschottung ged\u00e4mmter oder unged\u00e4mmter brennbarer und Mehrschichtverbundrohre ist jetzt noch einfacher und flexibler zu montieren.","og_url":"https:\/\/www.walraven.com\/de\/ueber-walraven\/aktuelles\/neuer-verschluss-pacifyre-awm-ii-brandschutzmanschette\/","og_site_name":"Walraven Deutschland","article_publisher":"https:\/\/www.facebook.com\/Walraven.GmbH","article_published_time":"2022-10-13T09:58:05+00:00","article_modified_time":"2026-01-13T15:31:19+00:00","og_image":[{"width":1080,"height":1080,"url":"https:\/\/www.walraven.com\/de\/wp-content\/uploads\/sites\/4\/2022\/10\/Walraven-Pacifyre-AWM-II-Brandschutzmanschette-neu2.jpg","type":"image\/jpeg"}],"author":"gabrielepoehlmann","twitter_card":"summary_large_image","twitter_creator":"@BIS_Tech","twitter_site":"@BIS_Tech","twitter_misc":{"Verfasst von":"gabrielepoehlmann","Gesch\u00e4tzte Lesezeit":"2\u00a0Minuten"},"schema":{"@context":"https:\/\/schema.org","@graph":[{"@type":"Article","@id":"https:\/\/www.walraven.com\/de\/ueber-walraven\/aktuelles\/neuer-verschluss-pacifyre-awm-ii-brandschutzmanschette\/#article","isPartOf":{"@id":"https:\/\/www.walraven.com\/de\/ueber-walraven\/aktuelles\/neuer-verschluss-pacifyre-awm-ii-brandschutzmanschette\/"},"author":{"name":"gabrielepoehlmann","@id":"https:\/\/www.walraven.com\/de\/#\/schema\/person\/ce993ade285dc27957890c63e04d923d"},"headline":"Neuer Verschluss und erweiterte Anwendungsm\u00f6glichkeiten der Pacifyre\u00ae AWM II Brandschutzmanschette","datePublished":"2022-10-13T09:58:05+00:00","dateModified":"2026-01-13T15:31:19+00:00","mainEntityOfPage":{"@id":"https:\/\/www.walraven.com\/de\/ueber-walraven\/aktuelles\/neuer-verschluss-pacifyre-awm-ii-brandschutzmanschette\/"},"wordCount":214,"commentCount":0,"publisher":{"@id":"https:\/\/www.walraven.com\/de\/#organization"},"image":{"@id":"https:\/\/www.walraven.com\/de\/ueber-walraven\/aktuelles\/neuer-verschluss-pacifyre-awm-ii-brandschutzmanschette\/#primaryimage"},"thumbnailUrl":"https:\/\/www.walraven.com\/de\/wp-content\/uploads\/sites\/4\/2022\/10\/Walraven-Pacifyre-AWM-II-Brandschutzmanschette-neu2.jpg","articleSection":["News"],"inLanguage":"de","potentialAction":[{"@type":"CommentAction","name":"Comment","target":["https:\/\/www.walraven.com\/de\/ueber-walraven\/aktuelles\/neuer-verschluss-pacifyre-awm-ii-brandschutzmanschette\/#respond"]}]},{"@type":"WebPage","@id":"https:\/\/www.walraven.com\/de\/ueber-walraven\/aktuelles\/neuer-verschluss-pacifyre-awm-ii-brandschutzmanschette\/","url":"https:\/\/www.walraven.com\/de\/ueber-walraven\/aktuelles\/neuer-verschluss-pacifyre-awm-ii-brandschutzmanschette\/","name":"\u00dcberarbeitete Walraven Pacifyre\u00ae AWM II Brandschutzmanschette","isPartOf":{"@id":"https:\/\/www.walraven.com\/de\/#website"},"primaryImageOfPage":{"@id":"https:\/\/www.walraven.com\/de\/ueber-walraven\/aktuelles\/neuer-verschluss-pacifyre-awm-ii-brandschutzmanschette\/#primaryimage"},"image":{"@id":"https:\/\/www.walraven.com\/de\/ueber-walraven\/aktuelles\/neuer-verschluss-pacifyre-awm-ii-brandschutzmanschette\/#primaryimage"},"thumbnailUrl":"https:\/\/www.walraven.com\/de\/wp-content\/uploads\/sites\/4\/2022\/10\/Walraven-Pacifyre-AWM-II-Brandschutzmanschette-neu2.jpg","datePublished":"2022-10-13T09:58:05+00:00","dateModified":"2026-01-13T15:31:19+00:00","description":"Die Abschottung ged\u00e4mmter oder unged\u00e4mmter brennbarer und Mehrschichtverbundrohre ist jetzt noch einfacher und flexibler zu montieren.","breadcrumb":{"@id":"https:\/\/www.walraven.com\/de\/ueber-walraven\/aktuelles\/neuer-verschluss-pacifyre-awm-ii-brandschutzmanschette\/#breadcrumb"},"inLanguage":"de","potentialAction":[{"@type":"ReadAction","target":["https:\/\/www.walraven.com\/de\/ueber-walraven\/aktuelles\/neuer-verschluss-pacifyre-awm-ii-brandschutzmanschette\/"]}]},{"@type":"ImageObject","inLanguage":"de","@id":"https:\/\/www.walraven.com\/de\/ueber-walraven\/aktuelles\/neuer-verschluss-pacifyre-awm-ii-brandschutzmanschette\/#primaryimage","url":"https:\/\/www.walraven.com\/de\/wp-content\/uploads\/sites\/4\/2022\/10\/Walraven-Pacifyre-AWM-II-Brandschutzmanschette-neu2.jpg","contentUrl":"https:\/\/www.walraven.com\/de\/wp-content\/uploads\/sites\/4\/2022\/10\/Walraven-Pacifyre-AWM-II-Brandschutzmanschette-neu2.jpg","width":1080,"height":1080},{"@type":"BreadcrumbList","@id":"https:\/\/www.walraven.com\/de\/ueber-walraven\/aktuelles\/neuer-verschluss-pacifyre-awm-ii-brandschutzmanschette\/#breadcrumb","itemListElement":[{"@type":"ListItem","position":1,"name":"Startseite","item":"https:\/\/www.walraven.com\/de\/"},{"@type":"ListItem","position":2,"name":"Neuer Verschluss und erweiterte Anwendungsm\u00f6glichkeiten der Pacifyre\u00ae AWM II Brandschutzmanschette"}]},{"@type":"WebSite","@id":"https:\/\/www.walraven.com\/de\/#website","url":"https:\/\/www.walraven.com\/de\/","name":"Walraven Deutschland","description":"","publisher":{"@id":"https:\/\/www.walraven.com\/de\/#organization"},"potentialAction":[{"@type":"SearchAction","target":{"@type":"EntryPoint","urlTemplate":"https:\/\/www.walraven.com\/de\/?s={search_term_string}"},"query-input":{"@type":"PropertyValueSpecification","valueRequired":true,"valueName":"search_term_string"}}],"inLanguage":"de"},{"@type":"Organization","@id":"https:\/\/www.walraven.com\/de\/#organization","name":"Walraven GmbH","alternateName":"Walraven GmbH","url":"https:\/\/www.walraven.com\/de\/","logo":{"@type":"ImageObject","inLanguage":"de","@id":"https:\/\/www.walraven.com\/de\/#\/schema\/logo\/image\/","url":"https:\/\/www.walraven.com\/de\/wp-content\/uploads\/sites\/4\/2023\/12\/Walraven_logo300x300.jpg","contentUrl":"https:\/\/www.walraven.com\/de\/wp-content\/uploads\/sites\/4\/2023\/12\/Walraven_logo300x300.jpg","width":300,"height":300,"caption":"Walraven GmbH"},"image":{"@id":"https:\/\/www.walraven.com\/de\/#\/schema\/logo\/image\/"},"sameAs":["https:\/\/www.facebook.com\/Walraven.GmbH","https:\/\/x.com\/BIS_Tech","https:\/\/www.youtube.com\/WalravenDE","https:\/\/www.linkedin.com\/company\/walraven-gmbh","https:\/\/www.instagram.com\/walraven.gmbh\/"]},{"@type":"Person","@id":"https:\/\/www.walraven.com\/de\/#\/schema\/person\/ce993ade285dc27957890c63e04d923d","name":"gabrielepoehlmann","image":{"@type":"ImageObject","inLanguage":"de","@id":"https:\/\/secure.gravatar.com\/avatar\/59e32862343e23acc831239ad2fab53061f4e3aa47cfb649f84be1d2edabb222?s=96&d=mm&r=g","url":"https:\/\/secure.gravatar.com\/avatar\/59e32862343e23acc831239ad2fab53061f4e3aa47cfb649f84be1d2edabb222?s=96&d=mm&r=g","contentUrl":"https:\/\/secure.gravatar.com\/avatar\/59e32862343e23acc831239ad2fab53061f4e3aa47cfb649f84be1d2edabb222?s=96&d=mm&r=g","caption":"gabrielepoehlmann"}}]}},"_links":{"self":[{"href":"https:\/\/www.walraven.com\/de\/wp-json\/wp\/v2\/posts\/81354","targetHints":{"allow":["GET"]}}],"collection":[{"href":"https:\/\/www.walraven.com\/de\/wp-json\/wp\/v2\/posts"}],"about":[{"href":"https:\/\/www.walraven.com\/de\/wp-json\/wp\/v2\/types\/post"}],"author":[{"embeddable":true,"href":"https:\/\/www.walraven.com\/de\/wp-json\/wp\/v2\/users\/49"}],"replies":[{"embeddable":true,"href":"https:\/\/www.walraven.com\/de\/wp-json\/wp\/v2\/comments?post=81354"}],"version-history":[{"count":6,"href":"https:\/\/www.walraven.com\/de\/wp-json\/wp\/v2\/posts\/81354\/revisions"}],"predecessor-version":[{"id":234726,"href":"https:\/\/www.walraven.com\/de\/wp-json\/wp\/v2\/posts\/81354\/revisions\/234726"}],"wp:featuredmedia":[{"embeddable":true,"href":"https:\/\/www.walraven.com\/de\/wp-json\/wp\/v2\/media\/81367"}],"wp:attachment":[{"href":"https:\/\/www.walraven.com\/de\/wp-json\/wp\/v2\/media?parent=81354"}],"wp:term":[{"taxonomy":"category","embeddable":true,"href":"https:\/\/www.walraven.com\/de\/wp-json\/wp\/v2\/categories?post=81354"},{"taxonomy":"post_tag","embeddable":true,"href":"https:\/\/www.walraven.com\/de\/wp-json\/wp\/v2\/tags?post=81354"}],"curies":[{"name":"wp","href":"https:\/\/api.w.org\/{rel}","templated":true}]}}