{"id":862,"date":"2013-05-21T00:00:00","date_gmt":"2013-05-20T22:00:00","guid":{"rendered":"https:\/\/www.walraven.com\/de\/blog\/2016\/09\/29\/in-vierter-generation\/"},"modified":"2025-01-16T08:31:20","modified_gmt":"2025-01-16T07:31:20","slug":"in-vierter-generation","status":"publish","type":"post","link":"https:\/\/www.walraven.com\/de\/ueber-walraven\/aktuelles\/in-vierter-generation\/","title":{"rendered":"Familiengef\u00fchrtes Unternehmen in vierter Generation"},"content":{"rendered":"<div style=\"width: 210px\" class=\"wp-caption alignleft\"><img loading=\"lazy\" decoding=\"async\" src=\"https:\/\/www.walraven.com\/wp-content\/uploads\/sites\/4\/2014\/10\/avy1zkggr5q3b1vtklgkv6gg4n65oqq-QibGTF.jpg\" alt=\"Familiengef\u00fchrtes Unternehmen in vierter Generation\" width=\"200\" height=\"138\" \/><p class=\"wp-caption-text\">Oswald Lindner, Direktor der Walraven Group und Gesch\u00e4ftsf\u00fchrer der Bayreuther Walraven GmbH, begr\u00fc\u00dft Pelle van Walraven als neuen gesch\u00e4ftsf\u00fchrenden Direktor der Walraven Group, dem sein Vater Jan van Walraven die Unternehmensleitung \u00fcbergab (v. l.).<\/p><\/div>\n<p>Pelle van Walraven ist neuer gesch\u00e4ftsf\u00fchrender Direktor der Walraven Group<\/p>\n<p>Jan van Walraven \u00fcbergibt die Leitung der Walraven Group mit Hauptsitz in Mijdrecht (NL) und 800 Mitarbeitern weltweit an seinen Sohn Pelle van Walraven. Damit f\u00fchrt der seit 1993 im Unternehmen t\u00e4tige 39-j\u00e4hrige Pelle van Walraven das 1942 gegr\u00fcndete Unternehmen in der vierten Walraven-Generation fort. Der Vater dreier Kinder hat sich zum Ziel gesetzt, das international t\u00e4tige Unternehmen mit 22 eigenen Produktions- und Vertriebsnieder-lassungen auch au\u00dferhalb Europas als feste Gr\u00f6\u00dfe zu etablieren.<\/p>\n<p>Als traditionsreiches familiengef\u00fchrtes und international ausgerichtetes Unternehmen entwickelt, produziert und vermarktet Walraven Befestigungs-, Brandschutz- und Sanit\u00e4rsysteme mit dem Schwerpunkt Sanit\u00e4r-, Heizungs-, Klima- und Elektrotechnik. Der Produkt- und Systembegriff \u201eBIS \u201eBetter Installation Systems\u201c beschreibt das Walraven-Werteger\u00fcst: \u201eBetter\u201c steht f\u00fcr \u201e effizient und innovativ\u201c, \u201e Installation\u201c hei\u00dft \u201e Leistungen f\u00fcr \u201cInstallateure\u201d, \u201e Systems\u201c dr\u00fcckt aus, dass Produktsysteme und Serviceleistungen die einzelnen Produkte erg\u00e4nzen.<\/p>\n<div>\n<p>&nbsp;<\/p>\n<\/div>\n","protected":false},"excerpt":{"rendered":"<p>Pelle van Walraven ist neuer gesch\u00e4ftsf\u00fchrender Direktor der Walraven Group Jan van Walraven \u00fcbergibt die Leitung der Walraven Group mit Hauptsitz in Mijdrecht (NL) und 800 Mitarbeitern weltweit an seinen Sohn Pelle van Walraven. Damit f\u00fchrt der seit 1993 im Unternehmen t\u00e4tige 39-j\u00e4hrige Pelle van Walraven das 1942 gegr\u00fcndete Unternehmen in der vierten Walraven-Generation fort. [&hellip;]<\/p>\n","protected":false},"author":33,"featured_media":4763,"comment_status":"closed","ping_status":"open","sticky":false,"template":"","format":"standard","meta":{"_acf_changed":false,"footnotes":""},"categories":[432],"tags":[],"class_list":["post-862","post","type-post","status-publish","format-standard","has-post-thumbnail","hentry","category-news"],"acf":[],"yoast_head":"<!-- This site is optimized with the Yoast SEO Premium plugin v27.5 (Yoast SEO v27.5) - https:\/\/yoast.com\/product\/yoast-seo-premium-wordpress\/ -->\n<title>Familiengef\u00fchrtes Unternehmen in vierter Generation<\/title>\n<meta name=\"description\" content=\"Jan van Walraven \u00fcbergibt die Leitung der Walraven Group mit Hauptsitz in Mijdrecht (NL) und 800 Mitarbeitern weltweit an seinen Sohn Pelle.\" \/>\n<meta name=\"robots\" content=\"index, follow, max-snippet:-1, max-image-preview:large, max-video-preview:-1\" \/>\n<link rel=\"canonical\" href=\"https:\/\/www.walraven.com\/de\/ueber-walraven\/aktuelles\/in-vierter-generation\/\" \/>\n<meta property=\"og:locale\" content=\"de_DE\" \/>\n<meta property=\"og:type\" content=\"article\" \/>\n<meta property=\"og:title\" content=\"Familiengef\u00fchrtes Unternehmen in vierter Generation\" \/>\n<meta property=\"og:description\" content=\"Jan van Walraven \u00fcbergibt die Leitung der Walraven Group mit Hauptsitz in Mijdrecht (NL) und 800 Mitarbeitern weltweit an seinen Sohn Pelle.\" \/>\n<meta property=\"og:url\" content=\"https:\/\/www.walraven.com\/de\/ueber-walraven\/aktuelles\/in-vierter-generation\/\" \/>\n<meta property=\"og:site_name\" content=\"Walraven Deutschland\" \/>\n<meta property=\"article:publisher\" content=\"https:\/\/www.facebook.com\/Walraven.GmbH\" \/>\n<meta property=\"article:published_time\" content=\"2013-05-20T22:00:00+00:00\" \/>\n<meta property=\"article:modified_time\" content=\"2025-01-16T07:31:20+00:00\" \/>\n<meta property=\"og:image\" content=\"https:\/\/www.walraven.com\/de\/wp-content\/uploads\/sites\/4\/2014\/10\/avy1zkggr5q3b1vtklgkv6gg4n65oqq-QibGTF.jpg\" \/>\n\t<meta property=\"og:image:width\" content=\"200\" \/>\n\t<meta property=\"og:image:height\" content=\"138\" \/>\n\t<meta property=\"og:image:type\" content=\"image\/jpeg\" \/>\n<meta name=\"author\" content=\"clemens.dederl\" \/>\n<meta name=\"twitter:card\" content=\"summary_large_image\" \/>\n<meta name=\"twitter:creator\" content=\"@BIS_Tech\" \/>\n<meta name=\"twitter:site\" content=\"@BIS_Tech\" \/>\n<meta name=\"twitter:label1\" content=\"Verfasst von\" \/>\n\t<meta name=\"twitter:data1\" content=\"clemens.dederl\" \/>\n\t<meta name=\"twitter:label2\" content=\"Gesch\u00e4tzte Lesezeit\" \/>\n\t<meta name=\"twitter:data2\" content=\"2\u00a0Minuten\" \/>\n<script type=\"application\/ld+json\" class=\"yoast-schema-graph\">{\"@context\":\"https:\\\/\\\/schema.org\",\"@graph\":[{\"@type\":\"Article\",\"@id\":\"https:\\\/\\\/www.walraven.com\\\/de\\\/ueber-walraven\\\/aktuelles\\\/in-vierter-generation\\\/#article\",\"isPartOf\":{\"@id\":\"https:\\\/\\\/www.walraven.com\\\/de\\\/ueber-walraven\\\/aktuelles\\\/in-vierter-generation\\\/\"},\"author\":{\"name\":\"clemens.dederl\",\"@id\":\"https:\\\/\\\/www.walraven.com\\\/de\\\/#\\\/schema\\\/person\\\/5aac3c4f1fbe0595c337615af839d821\"},\"headline\":\"Familiengef\u00fchrtes Unternehmen in vierter Generation\",\"datePublished\":\"2013-05-20T22:00:00+00:00\",\"dateModified\":\"2025-01-16T07:31:20+00:00\",\"mainEntityOfPage\":{\"@id\":\"https:\\\/\\\/www.walraven.com\\\/de\\\/ueber-walraven\\\/aktuelles\\\/in-vierter-generation\\\/\"},\"wordCount\":205,\"publisher\":{\"@id\":\"https:\\\/\\\/www.walraven.com\\\/de\\\/#organization\"},\"image\":{\"@id\":\"https:\\\/\\\/www.walraven.com\\\/de\\\/ueber-walraven\\\/aktuelles\\\/in-vierter-generation\\\/#primaryimage\"},\"thumbnailUrl\":\"https:\\\/\\\/www.walraven.com\\\/de\\\/wp-content\\\/uploads\\\/sites\\\/4\\\/2014\\\/10\\\/avy1zkggr5q3b1vtklgkv6gg4n65oqq-QibGTF.jpg\",\"articleSection\":[\"News\"],\"inLanguage\":\"de\"},{\"@type\":\"WebPage\",\"@id\":\"https:\\\/\\\/www.walraven.com\\\/de\\\/ueber-walraven\\\/aktuelles\\\/in-vierter-generation\\\/\",\"url\":\"https:\\\/\\\/www.walraven.com\\\/de\\\/ueber-walraven\\\/aktuelles\\\/in-vierter-generation\\\/\",\"name\":\"Familiengef\u00fchrtes Unternehmen in vierter Generation\",\"isPartOf\":{\"@id\":\"https:\\\/\\\/www.walraven.com\\\/de\\\/#website\"},\"primaryImageOfPage\":{\"@id\":\"https:\\\/\\\/www.walraven.com\\\/de\\\/ueber-walraven\\\/aktuelles\\\/in-vierter-generation\\\/#primaryimage\"},\"image\":{\"@id\":\"https:\\\/\\\/www.walraven.com\\\/de\\\/ueber-walraven\\\/aktuelles\\\/in-vierter-generation\\\/#primaryimage\"},\"thumbnailUrl\":\"https:\\\/\\\/www.walraven.com\\\/de\\\/wp-content\\\/uploads\\\/sites\\\/4\\\/2014\\\/10\\\/avy1zkggr5q3b1vtklgkv6gg4n65oqq-QibGTF.jpg\",\"datePublished\":\"2013-05-20T22:00:00+00:00\",\"dateModified\":\"2025-01-16T07:31:20+00:00\",\"description\":\"Jan van Walraven \u00fcbergibt die Leitung der Walraven Group mit Hauptsitz in Mijdrecht (NL) und 800 Mitarbeitern weltweit an seinen Sohn Pelle.\",\"breadcrumb\":{\"@id\":\"https:\\\/\\\/www.walraven.com\\\/de\\\/ueber-walraven\\\/aktuelles\\\/in-vierter-generation\\\/#breadcrumb\"},\"inLanguage\":\"de\",\"potentialAction\":[{\"@type\":\"ReadAction\",\"target\":[\"https:\\\/\\\/www.walraven.com\\\/de\\\/ueber-walraven\\\/aktuelles\\\/in-vierter-generation\\\/\"]}]},{\"@type\":\"ImageObject\",\"inLanguage\":\"de\",\"@id\":\"https:\\\/\\\/www.walraven.com\\\/de\\\/ueber-walraven\\\/aktuelles\\\/in-vierter-generation\\\/#primaryimage\",\"url\":\"https:\\\/\\\/www.walraven.com\\\/de\\\/wp-content\\\/uploads\\\/sites\\\/4\\\/2014\\\/10\\\/avy1zkggr5q3b1vtklgkv6gg4n65oqq-QibGTF.jpg\",\"contentUrl\":\"https:\\\/\\\/www.walraven.com\\\/de\\\/wp-content\\\/uploads\\\/sites\\\/4\\\/2014\\\/10\\\/avy1zkggr5q3b1vtklgkv6gg4n65oqq-QibGTF.jpg\",\"width\":200,\"height\":138,\"caption\":\"Familiengef\u00fchrtes Unternehmen in vierter Generation\"},{\"@type\":\"BreadcrumbList\",\"@id\":\"https:\\\/\\\/www.walraven.com\\\/de\\\/ueber-walraven\\\/aktuelles\\\/in-vierter-generation\\\/#breadcrumb\",\"itemListElement\":[{\"@type\":\"ListItem\",\"position\":1,\"name\":\"Startseite\",\"item\":\"https:\\\/\\\/www.walraven.com\\\/de\\\/\"},{\"@type\":\"ListItem\",\"position\":2,\"name\":\"Familiengef\u00fchrtes Unternehmen in vierter Generation\"}]},{\"@type\":\"WebSite\",\"@id\":\"https:\\\/\\\/www.walraven.com\\\/de\\\/#website\",\"url\":\"https:\\\/\\\/www.walraven.com\\\/de\\\/\",\"name\":\"Walraven Deutschland\",\"description\":\"\",\"publisher\":{\"@id\":\"https:\\\/\\\/www.walraven.com\\\/de\\\/#organization\"},\"potentialAction\":[{\"@type\":\"SearchAction\",\"target\":{\"@type\":\"EntryPoint\",\"urlTemplate\":\"https:\\\/\\\/www.walraven.com\\\/de\\\/?s={search_term_string}\"},\"query-input\":{\"@type\":\"PropertyValueSpecification\",\"valueRequired\":true,\"valueName\":\"search_term_string\"}}],\"inLanguage\":\"de\"},{\"@type\":\"Organization\",\"@id\":\"https:\\\/\\\/www.walraven.com\\\/de\\\/#organization\",\"name\":\"Walraven GmbH\",\"alternateName\":\"Walraven GmbH\",\"url\":\"https:\\\/\\\/www.walraven.com\\\/de\\\/\",\"logo\":{\"@type\":\"ImageObject\",\"inLanguage\":\"de\",\"@id\":\"https:\\\/\\\/www.walraven.com\\\/de\\\/#\\\/schema\\\/logo\\\/image\\\/\",\"url\":\"https:\\\/\\\/www.walraven.com\\\/de\\\/wp-content\\\/uploads\\\/sites\\\/4\\\/2023\\\/12\\\/Walraven_logo300x300.jpg\",\"contentUrl\":\"https:\\\/\\\/www.walraven.com\\\/de\\\/wp-content\\\/uploads\\\/sites\\\/4\\\/2023\\\/12\\\/Walraven_logo300x300.jpg\",\"width\":300,\"height\":300,\"caption\":\"Walraven GmbH\"},\"image\":{\"@id\":\"https:\\\/\\\/www.walraven.com\\\/de\\\/#\\\/schema\\\/logo\\\/image\\\/\"},\"sameAs\":[\"https:\\\/\\\/www.facebook.com\\\/Walraven.GmbH\",\"https:\\\/\\\/x.com\\\/BIS_Tech\",\"https:\\\/\\\/www.youtube.com\\\/WalravenDE\",\"https:\\\/\\\/www.linkedin.com\\\/company\\\/walraven-gmbh\",\"https:\\\/\\\/www.instagram.com\\\/walraven.gmbh\\\/\"]},{\"@type\":\"Person\",\"@id\":\"https:\\\/\\\/www.walraven.com\\\/de\\\/#\\\/schema\\\/person\\\/5aac3c4f1fbe0595c337615af839d821\",\"name\":\"clemens.dederl\",\"image\":{\"@type\":\"ImageObject\",\"inLanguage\":\"de\",\"@id\":\"https:\\\/\\\/secure.gravatar.com\\\/avatar\\\/34ae201fd7991ed73d71ab76117c9370e60d8bb5349d31713df056b5a439d847?s=96&d=mm&r=g\",\"url\":\"https:\\\/\\\/secure.gravatar.com\\\/avatar\\\/34ae201fd7991ed73d71ab76117c9370e60d8bb5349d31713df056b5a439d847?s=96&d=mm&r=g\",\"contentUrl\":\"https:\\\/\\\/secure.gravatar.com\\\/avatar\\\/34ae201fd7991ed73d71ab76117c9370e60d8bb5349d31713df056b5a439d847?s=96&d=mm&r=g\",\"caption\":\"clemens.dederl\"}}]}<\/script>\n<!-- \/ Yoast SEO Premium plugin. -->","yoast_head_json":{"title":"Familiengef\u00fchrtes Unternehmen in vierter Generation","description":"Jan van Walraven \u00fcbergibt die Leitung der Walraven Group mit Hauptsitz in Mijdrecht (NL) und 800 Mitarbeitern weltweit an seinen Sohn Pelle.","robots":{"index":"index","follow":"follow","max-snippet":"max-snippet:-1","max-image-preview":"max-image-preview:large","max-video-preview":"max-video-preview:-1"},"canonical":"https:\/\/www.walraven.com\/de\/ueber-walraven\/aktuelles\/in-vierter-generation\/","og_locale":"de_DE","og_type":"article","og_title":"Familiengef\u00fchrtes Unternehmen in vierter Generation","og_description":"Jan van Walraven \u00fcbergibt die Leitung der Walraven Group mit Hauptsitz in Mijdrecht (NL) und 800 Mitarbeitern weltweit an seinen Sohn Pelle.","og_url":"https:\/\/www.walraven.com\/de\/ueber-walraven\/aktuelles\/in-vierter-generation\/","og_site_name":"Walraven Deutschland","article_publisher":"https:\/\/www.facebook.com\/Walraven.GmbH","article_published_time":"2013-05-20T22:00:00+00:00","article_modified_time":"2025-01-16T07:31:20+00:00","og_image":[{"width":200,"height":138,"url":"https:\/\/www.walraven.com\/de\/wp-content\/uploads\/sites\/4\/2014\/10\/avy1zkggr5q3b1vtklgkv6gg4n65oqq-QibGTF.jpg","type":"image\/jpeg"}],"author":"clemens.dederl","twitter_card":"summary_large_image","twitter_creator":"@BIS_Tech","twitter_site":"@BIS_Tech","twitter_misc":{"Verfasst von":"clemens.dederl","Gesch\u00e4tzte Lesezeit":"2\u00a0Minuten"},"schema":{"@context":"https:\/\/schema.org","@graph":[{"@type":"Article","@id":"https:\/\/www.walraven.com\/de\/ueber-walraven\/aktuelles\/in-vierter-generation\/#article","isPartOf":{"@id":"https:\/\/www.walraven.com\/de\/ueber-walraven\/aktuelles\/in-vierter-generation\/"},"author":{"name":"clemens.dederl","@id":"https:\/\/www.walraven.com\/de\/#\/schema\/person\/5aac3c4f1fbe0595c337615af839d821"},"headline":"Familiengef\u00fchrtes Unternehmen in vierter Generation","datePublished":"2013-05-20T22:00:00+00:00","dateModified":"2025-01-16T07:31:20+00:00","mainEntityOfPage":{"@id":"https:\/\/www.walraven.com\/de\/ueber-walraven\/aktuelles\/in-vierter-generation\/"},"wordCount":205,"publisher":{"@id":"https:\/\/www.walraven.com\/de\/#organization"},"image":{"@id":"https:\/\/www.walraven.com\/de\/ueber-walraven\/aktuelles\/in-vierter-generation\/#primaryimage"},"thumbnailUrl":"https:\/\/www.walraven.com\/de\/wp-content\/uploads\/sites\/4\/2014\/10\/avy1zkggr5q3b1vtklgkv6gg4n65oqq-QibGTF.jpg","articleSection":["News"],"inLanguage":"de"},{"@type":"WebPage","@id":"https:\/\/www.walraven.com\/de\/ueber-walraven\/aktuelles\/in-vierter-generation\/","url":"https:\/\/www.walraven.com\/de\/ueber-walraven\/aktuelles\/in-vierter-generation\/","name":"Familiengef\u00fchrtes Unternehmen in vierter Generation","isPartOf":{"@id":"https:\/\/www.walraven.com\/de\/#website"},"primaryImageOfPage":{"@id":"https:\/\/www.walraven.com\/de\/ueber-walraven\/aktuelles\/in-vierter-generation\/#primaryimage"},"image":{"@id":"https:\/\/www.walraven.com\/de\/ueber-walraven\/aktuelles\/in-vierter-generation\/#primaryimage"},"thumbnailUrl":"https:\/\/www.walraven.com\/de\/wp-content\/uploads\/sites\/4\/2014\/10\/avy1zkggr5q3b1vtklgkv6gg4n65oqq-QibGTF.jpg","datePublished":"2013-05-20T22:00:00+00:00","dateModified":"2025-01-16T07:31:20+00:00","description":"Jan van Walraven \u00fcbergibt die Leitung der Walraven Group mit Hauptsitz in Mijdrecht (NL) und 800 Mitarbeitern weltweit an seinen Sohn Pelle.","breadcrumb":{"@id":"https:\/\/www.walraven.com\/de\/ueber-walraven\/aktuelles\/in-vierter-generation\/#breadcrumb"},"inLanguage":"de","potentialAction":[{"@type":"ReadAction","target":["https:\/\/www.walraven.com\/de\/ueber-walraven\/aktuelles\/in-vierter-generation\/"]}]},{"@type":"ImageObject","inLanguage":"de","@id":"https:\/\/www.walraven.com\/de\/ueber-walraven\/aktuelles\/in-vierter-generation\/#primaryimage","url":"https:\/\/www.walraven.com\/de\/wp-content\/uploads\/sites\/4\/2014\/10\/avy1zkggr5q3b1vtklgkv6gg4n65oqq-QibGTF.jpg","contentUrl":"https:\/\/www.walraven.com\/de\/wp-content\/uploads\/sites\/4\/2014\/10\/avy1zkggr5q3b1vtklgkv6gg4n65oqq-QibGTF.jpg","width":200,"height":138,"caption":"Familiengef\u00fchrtes Unternehmen in vierter Generation"},{"@type":"BreadcrumbList","@id":"https:\/\/www.walraven.com\/de\/ueber-walraven\/aktuelles\/in-vierter-generation\/#breadcrumb","itemListElement":[{"@type":"ListItem","position":1,"name":"Startseite","item":"https:\/\/www.walraven.com\/de\/"},{"@type":"ListItem","position":2,"name":"Familiengef\u00fchrtes Unternehmen in vierter Generation"}]},{"@type":"WebSite","@id":"https:\/\/www.walraven.com\/de\/#website","url":"https:\/\/www.walraven.com\/de\/","name":"Walraven Deutschland","description":"","publisher":{"@id":"https:\/\/www.walraven.com\/de\/#organization"},"potentialAction":[{"@type":"SearchAction","target":{"@type":"EntryPoint","urlTemplate":"https:\/\/www.walraven.com\/de\/?s={search_term_string}"},"query-input":{"@type":"PropertyValueSpecification","valueRequired":true,"valueName":"search_term_string"}}],"inLanguage":"de"},{"@type":"Organization","@id":"https:\/\/www.walraven.com\/de\/#organization","name":"Walraven GmbH","alternateName":"Walraven GmbH","url":"https:\/\/www.walraven.com\/de\/","logo":{"@type":"ImageObject","inLanguage":"de","@id":"https:\/\/www.walraven.com\/de\/#\/schema\/logo\/image\/","url":"https:\/\/www.walraven.com\/de\/wp-content\/uploads\/sites\/4\/2023\/12\/Walraven_logo300x300.jpg","contentUrl":"https:\/\/www.walraven.com\/de\/wp-content\/uploads\/sites\/4\/2023\/12\/Walraven_logo300x300.jpg","width":300,"height":300,"caption":"Walraven GmbH"},"image":{"@id":"https:\/\/www.walraven.com\/de\/#\/schema\/logo\/image\/"},"sameAs":["https:\/\/www.facebook.com\/Walraven.GmbH","https:\/\/x.com\/BIS_Tech","https:\/\/www.youtube.com\/WalravenDE","https:\/\/www.linkedin.com\/company\/walraven-gmbh","https:\/\/www.instagram.com\/walraven.gmbh\/"]},{"@type":"Person","@id":"https:\/\/www.walraven.com\/de\/#\/schema\/person\/5aac3c4f1fbe0595c337615af839d821","name":"clemens.dederl","image":{"@type":"ImageObject","inLanguage":"de","@id":"https:\/\/secure.gravatar.com\/avatar\/34ae201fd7991ed73d71ab76117c9370e60d8bb5349d31713df056b5a439d847?s=96&d=mm&r=g","url":"https:\/\/secure.gravatar.com\/avatar\/34ae201fd7991ed73d71ab76117c9370e60d8bb5349d31713df056b5a439d847?s=96&d=mm&r=g","contentUrl":"https:\/\/secure.gravatar.com\/avatar\/34ae201fd7991ed73d71ab76117c9370e60d8bb5349d31713df056b5a439d847?s=96&d=mm&r=g","caption":"clemens.dederl"}}]}},"_links":{"self":[{"href":"https:\/\/www.walraven.com\/de\/wp-json\/wp\/v2\/posts\/862","targetHints":{"allow":["GET"]}}],"collection":[{"href":"https:\/\/www.walraven.com\/de\/wp-json\/wp\/v2\/posts"}],"about":[{"href":"https:\/\/www.walraven.com\/de\/wp-json\/wp\/v2\/types\/post"}],"author":[{"embeddable":true,"href":"https:\/\/www.walraven.com\/de\/wp-json\/wp\/v2\/users\/33"}],"replies":[{"embeddable":true,"href":"https:\/\/www.walraven.com\/de\/wp-json\/wp\/v2\/comments?post=862"}],"version-history":[{"count":8,"href":"https:\/\/www.walraven.com\/de\/wp-json\/wp\/v2\/posts\/862\/revisions"}],"predecessor-version":[{"id":72153,"href":"https:\/\/www.walraven.com\/de\/wp-json\/wp\/v2\/posts\/862\/revisions\/72153"}],"wp:featuredmedia":[{"embeddable":true,"href":"https:\/\/www.walraven.com\/de\/wp-json\/wp\/v2\/media\/4763"}],"wp:attachment":[{"href":"https:\/\/www.walraven.com\/de\/wp-json\/wp\/v2\/media?parent=862"}],"wp:term":[{"taxonomy":"category","embeddable":true,"href":"https:\/\/www.walraven.com\/de\/wp-json\/wp\/v2\/categories?post=862"},{"taxonomy":"post_tag","embeddable":true,"href":"https:\/\/www.walraven.com\/de\/wp-json\/wp\/v2\/tags?post=862"}],"curies":[{"name":"wp","href":"https:\/\/api.w.org\/{rel}","templated":true}]}}