{"id":92,"date":"2016-05-24T00:00:00","date_gmt":"2016-05-23T22:00:00","guid":{"rendered":"https:\/\/www.walraven.com\/es\/blog\/2016\/09\/29\/inauguracion\/"},"modified":"2018-09-19T09:55:55","modified_gmt":"2018-09-19T07:55:55","slug":"inauguracion","status":"publish","type":"post","link":"https:\/\/www.walraven.com\/es\/acerca-de-walraven\/noticias\/inauguracion\/","title":{"rendered":"Inauguraci\u00f3n Oficial Walraven Iberia"},"content":{"rendered":"<p><img decoding=\"async\" class=\"alignleft\" src=\"https:\/\/www.walraven.com\/wp-content\/uploads\/sites\/6\/2016\/05\/kh63zvezcuo0i0gky1blek3afov8l0-iGhvmS.jpg\" alt=\"Inauguraci\u00f3n Oficial Walraven Iberia\" \/><\/p>\n<p>El pasado 6 de Mayo tuvo lugar el acto de inauguraci\u00f3n de la nueva sede de Walraven Iberia en Poliny\u00e0 (Barcelona).<\/p>\n<p>El acto cont\u00f3 con la presencia del alcalde de Poliny\u00e0, el c\u00f3nsul de Holanda, miembros del equipo Walraven en otros pa\u00edses y clientes. Todos ellos pudieron brindar con nosotros y ver de cerca las diferentes \u00e1reas de fabricaci\u00f3n, empaquetado y gesti\u00f3n de pedidos.<\/p>\n<p><img decoding=\"async\" src=\"https:\/\/www.walraven.com\/wp-content\/uploads\/sites\/6\/2016\/05\/g5dgm8oagwnx7lla2cawcdac001ea86-UtxGRW.jpg\" alt=\"Inauguraci\u00f3n Oficial Walraven Iberia\" \/><br \/>\n<img decoding=\"async\" src=\"https:\/\/www.walraven.com\/wp-content\/uploads\/sites\/6\/2016\/05\/t4p1r9n195g5ejutn247z7uig1ha3lb-C80N3v.jpg\" alt=\"Inauguraci\u00f3n Oficial Walraven Iberia\" \/><br \/>\n<img decoding=\"async\" src=\"https:\/\/www.walraven.com\/wp-content\/uploads\/sites\/6\/2016\/05\/kl8jq9tvohnhrocollkgq5qakeihsr9-qJkM8Z.jpg\" alt=\"Inauguraci\u00f3n Oficial Walraven Iberia\" \/><\/p>\n<div>\n<p><img decoding=\"async\" src=\"https:\/\/www.walraven.com\/wp-content\/uploads\/sites\/6\/2016\/05\/d5xhoqtwbx5xbhccc4wam0rnihfjfle-dOT3KC.jpg\" alt=\"Inauguraci\u00f3n Oficial Walraven Iberia\" \/><\/p>\n<p>Un d\u00eda m\u00e1s que especial para nosotros, d\u00f3nde adem\u00e1s de celebrar la inauguraci\u00f3n oficial de nuestras nuevas instalaciones, damos la bienvenida a una etapa con energ\u00edas renovadas y un equipo que se pone a vuestra disposici\u00f3n, para que juntos, crezcamos cada d\u00eda.<\/p>\n<p>Gracias a todos por la asistencia y por hacer de este d\u00eda, sin duda, \u00a1un d\u00eda para recordar!<\/p>\n<\/div>\n","protected":false},"excerpt":{"rendered":"<p>El pasado 6 de Mayo tuvo lugar el acto de inauguraci\u00f3n de la nueva sede de Walraven Iberia en Poliny\u00e0 (Barcelona). El acto cont\u00f3 con la presencia del alcalde de Poliny\u00e0, el c\u00f3nsul de Holanda, miembros del equipo Walraven en otros pa\u00edses y clientes. Todos ellos pudieron brindar con nosotros y ver de cerca las [&hellip;]<\/p>\n","protected":false},"author":12,"featured_media":400,"comment_status":"closed","ping_status":"open","sticky":false,"template":"","format":"standard","meta":{"_acf_changed":false,"footnotes":""},"categories":[1],"tags":[],"class_list":["post-92","post","type-post","status-publish","format-standard","has-post-thumbnail","hentry","category-geen-categorie"],"acf":[],"yoast_head":"<!-- This site is optimized with the Yoast SEO Premium plugin v27.3 (Yoast SEO v27.3) - https:\/\/yoast.com\/product\/yoast-seo-premium-wordpress\/ -->\n<title>Inauguraci\u00f3n Oficial Walraven Iberia - Walraven Iberia<\/title>\n<meta name=\"description\" content=\"Soporte extensible para montantes de pared\" \/>\n<meta name=\"robots\" content=\"index, follow, max-snippet:-1, max-image-preview:large, max-video-preview:-1\" \/>\n<link rel=\"canonical\" href=\"https:\/\/www.walraven.com\/es\/acerca-de-walraven\/noticias\/inauguracion\/\" \/>\n<meta property=\"og:locale\" content=\"es_ES\" \/>\n<meta property=\"og:type\" content=\"article\" \/>\n<meta property=\"og:title\" content=\"Inauguraci\u00f3n Oficial Walraven Iberia\" \/>\n<meta property=\"og:description\" content=\"Soporte extensible para montantes de pared\" \/>\n<meta property=\"og:url\" content=\"https:\/\/www.walraven.com\/es\/acerca-de-walraven\/noticias\/inauguracion\/\" \/>\n<meta property=\"og:site_name\" content=\"Walraven Iberia\" \/>\n<meta property=\"article:publisher\" content=\"https:\/\/www.facebook.com\/WalravenIberia\/\" \/>\n<meta property=\"article:published_time\" content=\"2016-05-23T22:00:00+00:00\" \/>\n<meta property=\"article:modified_time\" content=\"2018-09-19T07:55:55+00:00\" \/>\n<meta property=\"og:image\" content=\"https:\/\/www.walraven.com\/es\/wp-content\/uploads\/sites\/6\/2016\/05\/kh63zvezcuo0i0gky1blek3afov8l0-iGhvmS-e1513937452484.jpg\" \/>\n\t<meta property=\"og:image:width\" content=\"200\" \/>\n\t<meta property=\"og:image:height\" content=\"133\" \/>\n\t<meta property=\"og:image:type\" content=\"image\/jpeg\" \/>\n<meta name=\"author\" content=\"judit.pina\" \/>\n<meta name=\"twitter:card\" content=\"summary_large_image\" \/>\n<meta name=\"twitter:label1\" content=\"Escrito por\" \/>\n\t<meta name=\"twitter:data1\" content=\"judit.pina\" \/>\n\t<meta name=\"twitter:label2\" content=\"Tiempo de lectura\" \/>\n\t<meta name=\"twitter:data2\" content=\"1 minuto\" \/>\n<script type=\"application\/ld+json\" class=\"yoast-schema-graph\">{\"@context\":\"https:\\\/\\\/schema.org\",\"@graph\":[{\"@type\":\"Article\",\"@id\":\"https:\\\/\\\/www.walraven.com\\\/es\\\/acerca-de-walraven\\\/noticias\\\/inauguracion\\\/#article\",\"isPartOf\":{\"@id\":\"https:\\\/\\\/www.walraven.com\\\/es\\\/acerca-de-walraven\\\/noticias\\\/inauguracion\\\/\"},\"author\":{\"name\":\"judit.pina\",\"@id\":\"https:\\\/\\\/www.walraven.com\\\/es\\\/#\\\/schema\\\/person\\\/22eb93080fa1c497e371fa79d98690c5\"},\"headline\":\"Inauguraci\u00f3n Oficial Walraven Iberia\",\"datePublished\":\"2016-05-23T22:00:00+00:00\",\"dateModified\":\"2018-09-19T07:55:55+00:00\",\"mainEntityOfPage\":{\"@id\":\"https:\\\/\\\/www.walraven.com\\\/es\\\/acerca-de-walraven\\\/noticias\\\/inauguracion\\\/\"},\"wordCount\":143,\"publisher\":{\"@id\":\"https:\\\/\\\/www.walraven.com\\\/es\\\/#organization\"},\"image\":{\"@id\":\"https:\\\/\\\/www.walraven.com\\\/es\\\/acerca-de-walraven\\\/noticias\\\/inauguracion\\\/#primaryimage\"},\"thumbnailUrl\":\"https:\\\/\\\/www.walraven.com\\\/es\\\/wp-content\\\/uploads\\\/sites\\\/6\\\/2016\\\/05\\\/kh63zvezcuo0i0gky1blek3afov8l0-iGhvmS-e1513937452484.jpg\",\"articleSection\":[\"Geen categorie\"],\"inLanguage\":\"es\"},{\"@type\":\"WebPage\",\"@id\":\"https:\\\/\\\/www.walraven.com\\\/es\\\/acerca-de-walraven\\\/noticias\\\/inauguracion\\\/\",\"url\":\"https:\\\/\\\/www.walraven.com\\\/es\\\/acerca-de-walraven\\\/noticias\\\/inauguracion\\\/\",\"name\":\"Inauguraci\u00f3n Oficial Walraven Iberia - Walraven Iberia\",\"isPartOf\":{\"@id\":\"https:\\\/\\\/www.walraven.com\\\/es\\\/#website\"},\"primaryImageOfPage\":{\"@id\":\"https:\\\/\\\/www.walraven.com\\\/es\\\/acerca-de-walraven\\\/noticias\\\/inauguracion\\\/#primaryimage\"},\"image\":{\"@id\":\"https:\\\/\\\/www.walraven.com\\\/es\\\/acerca-de-walraven\\\/noticias\\\/inauguracion\\\/#primaryimage\"},\"thumbnailUrl\":\"https:\\\/\\\/www.walraven.com\\\/es\\\/wp-content\\\/uploads\\\/sites\\\/6\\\/2016\\\/05\\\/kh63zvezcuo0i0gky1blek3afov8l0-iGhvmS-e1513937452484.jpg\",\"datePublished\":\"2016-05-23T22:00:00+00:00\",\"dateModified\":\"2018-09-19T07:55:55+00:00\",\"description\":\"Soporte extensible para montantes de pared\",\"breadcrumb\":{\"@id\":\"https:\\\/\\\/www.walraven.com\\\/es\\\/acerca-de-walraven\\\/noticias\\\/inauguracion\\\/#breadcrumb\"},\"inLanguage\":\"es\",\"potentialAction\":[{\"@type\":\"ReadAction\",\"target\":[\"https:\\\/\\\/www.walraven.com\\\/es\\\/acerca-de-walraven\\\/noticias\\\/inauguracion\\\/\"]}]},{\"@type\":\"ImageObject\",\"inLanguage\":\"es\",\"@id\":\"https:\\\/\\\/www.walraven.com\\\/es\\\/acerca-de-walraven\\\/noticias\\\/inauguracion\\\/#primaryimage\",\"url\":\"https:\\\/\\\/www.walraven.com\\\/es\\\/wp-content\\\/uploads\\\/sites\\\/6\\\/2016\\\/05\\\/kh63zvezcuo0i0gky1blek3afov8l0-iGhvmS-e1513937452484.jpg\",\"contentUrl\":\"https:\\\/\\\/www.walraven.com\\\/es\\\/wp-content\\\/uploads\\\/sites\\\/6\\\/2016\\\/05\\\/kh63zvezcuo0i0gky1blek3afov8l0-iGhvmS-e1513937452484.jpg\",\"width\":200,\"height\":133,\"caption\":\"Inauguraci\u00f3n Oficial Walraven Iberia\"},{\"@type\":\"BreadcrumbList\",\"@id\":\"https:\\\/\\\/www.walraven.com\\\/es\\\/acerca-de-walraven\\\/noticias\\\/inauguracion\\\/#breadcrumb\",\"itemListElement\":[{\"@type\":\"ListItem\",\"position\":1,\"name\":\"Portada\",\"item\":\"https:\\\/\\\/www.walraven.com\\\/es\\\/\"},{\"@type\":\"ListItem\",\"position\":2,\"name\":\"Inauguraci\u00f3n Oficial Walraven Iberia\"}]},{\"@type\":\"WebSite\",\"@id\":\"https:\\\/\\\/www.walraven.com\\\/es\\\/#website\",\"url\":\"https:\\\/\\\/www.walraven.com\\\/es\\\/\",\"name\":\"Walraven Ib\u00e8ria\",\"description\":\"\",\"publisher\":{\"@id\":\"https:\\\/\\\/www.walraven.com\\\/es\\\/#organization\"},\"potentialAction\":[{\"@type\":\"SearchAction\",\"target\":{\"@type\":\"EntryPoint\",\"urlTemplate\":\"https:\\\/\\\/www.walraven.com\\\/es\\\/?s={search_term_string}\"},\"query-input\":{\"@type\":\"PropertyValueSpecification\",\"valueRequired\":true,\"valueName\":\"search_term_string\"}}],\"inLanguage\":\"es\"},{\"@type\":\"Organization\",\"@id\":\"https:\\\/\\\/www.walraven.com\\\/es\\\/#organization\",\"name\":\"Walraven Ib\u00e8ria\",\"alternateName\":\"Walraven Ib\u00e8ria\",\"url\":\"https:\\\/\\\/www.walraven.com\\\/es\\\/\",\"logo\":{\"@type\":\"ImageObject\",\"inLanguage\":\"es\",\"@id\":\"https:\\\/\\\/www.walraven.com\\\/es\\\/#\\\/schema\\\/logo\\\/image\\\/\",\"url\":\"https:\\\/\\\/www.walraven.com\\\/es\\\/wp-content\\\/uploads\\\/sites\\\/6\\\/2023\\\/12\\\/Walraven_logo300x300.jpg\",\"contentUrl\":\"https:\\\/\\\/www.walraven.com\\\/es\\\/wp-content\\\/uploads\\\/sites\\\/6\\\/2023\\\/12\\\/Walraven_logo300x300.jpg\",\"width\":300,\"height\":300,\"caption\":\"Walraven Ib\u00e8ria\"},\"image\":{\"@id\":\"https:\\\/\\\/www.walraven.com\\\/es\\\/#\\\/schema\\\/logo\\\/image\\\/\"},\"sameAs\":[\"https:\\\/\\\/www.facebook.com\\\/WalravenIberia\\\/\",\"https:\\\/\\\/www.youtube.com\\\/channel\\\/UCp0IvtDYLfpoIGUHFLmEHug\",\"https:\\\/\\\/www.linkedin.com\\\/company\\\/isofix-walraven\\\/\"]},{\"@type\":\"Person\",\"@id\":\"https:\\\/\\\/www.walraven.com\\\/es\\\/#\\\/schema\\\/person\\\/22eb93080fa1c497e371fa79d98690c5\",\"name\":\"judit.pina\",\"image\":{\"@type\":\"ImageObject\",\"inLanguage\":\"es\",\"@id\":\"https:\\\/\\\/secure.gravatar.com\\\/avatar\\\/866db87ab61fcb4d28e4297b09f115999d26adf189dc3b1312e4e977e82d6130?s=96&d=mm&r=g\",\"url\":\"https:\\\/\\\/secure.gravatar.com\\\/avatar\\\/866db87ab61fcb4d28e4297b09f115999d26adf189dc3b1312e4e977e82d6130?s=96&d=mm&r=g\",\"contentUrl\":\"https:\\\/\\\/secure.gravatar.com\\\/avatar\\\/866db87ab61fcb4d28e4297b09f115999d26adf189dc3b1312e4e977e82d6130?s=96&d=mm&r=g\",\"caption\":\"judit.pina\"}}]}<\/script>\n<!-- \/ Yoast SEO Premium plugin. -->","yoast_head_json":{"title":"Inauguraci\u00f3n Oficial Walraven Iberia - Walraven Iberia","description":"Soporte extensible para montantes de pared","robots":{"index":"index","follow":"follow","max-snippet":"max-snippet:-1","max-image-preview":"max-image-preview:large","max-video-preview":"max-video-preview:-1"},"canonical":"https:\/\/www.walraven.com\/es\/acerca-de-walraven\/noticias\/inauguracion\/","og_locale":"es_ES","og_type":"article","og_title":"Inauguraci\u00f3n Oficial Walraven Iberia","og_description":"Soporte extensible para montantes de pared","og_url":"https:\/\/www.walraven.com\/es\/acerca-de-walraven\/noticias\/inauguracion\/","og_site_name":"Walraven Iberia","article_publisher":"https:\/\/www.facebook.com\/WalravenIberia\/","article_published_time":"2016-05-23T22:00:00+00:00","article_modified_time":"2018-09-19T07:55:55+00:00","og_image":[{"width":200,"height":133,"url":"https:\/\/www.walraven.com\/es\/wp-content\/uploads\/sites\/6\/2016\/05\/kh63zvezcuo0i0gky1blek3afov8l0-iGhvmS-e1513937452484.jpg","type":"image\/jpeg"}],"author":"judit.pina","twitter_card":"summary_large_image","twitter_misc":{"Escrito por":"judit.pina","Tiempo de lectura":"1 minuto"},"schema":{"@context":"https:\/\/schema.org","@graph":[{"@type":"Article","@id":"https:\/\/www.walraven.com\/es\/acerca-de-walraven\/noticias\/inauguracion\/#article","isPartOf":{"@id":"https:\/\/www.walraven.com\/es\/acerca-de-walraven\/noticias\/inauguracion\/"},"author":{"name":"judit.pina","@id":"https:\/\/www.walraven.com\/es\/#\/schema\/person\/22eb93080fa1c497e371fa79d98690c5"},"headline":"Inauguraci\u00f3n Oficial Walraven Iberia","datePublished":"2016-05-23T22:00:00+00:00","dateModified":"2018-09-19T07:55:55+00:00","mainEntityOfPage":{"@id":"https:\/\/www.walraven.com\/es\/acerca-de-walraven\/noticias\/inauguracion\/"},"wordCount":143,"publisher":{"@id":"https:\/\/www.walraven.com\/es\/#organization"},"image":{"@id":"https:\/\/www.walraven.com\/es\/acerca-de-walraven\/noticias\/inauguracion\/#primaryimage"},"thumbnailUrl":"https:\/\/www.walraven.com\/es\/wp-content\/uploads\/sites\/6\/2016\/05\/kh63zvezcuo0i0gky1blek3afov8l0-iGhvmS-e1513937452484.jpg","articleSection":["Geen categorie"],"inLanguage":"es"},{"@type":"WebPage","@id":"https:\/\/www.walraven.com\/es\/acerca-de-walraven\/noticias\/inauguracion\/","url":"https:\/\/www.walraven.com\/es\/acerca-de-walraven\/noticias\/inauguracion\/","name":"Inauguraci\u00f3n Oficial Walraven Iberia - Walraven Iberia","isPartOf":{"@id":"https:\/\/www.walraven.com\/es\/#website"},"primaryImageOfPage":{"@id":"https:\/\/www.walraven.com\/es\/acerca-de-walraven\/noticias\/inauguracion\/#primaryimage"},"image":{"@id":"https:\/\/www.walraven.com\/es\/acerca-de-walraven\/noticias\/inauguracion\/#primaryimage"},"thumbnailUrl":"https:\/\/www.walraven.com\/es\/wp-content\/uploads\/sites\/6\/2016\/05\/kh63zvezcuo0i0gky1blek3afov8l0-iGhvmS-e1513937452484.jpg","datePublished":"2016-05-23T22:00:00+00:00","dateModified":"2018-09-19T07:55:55+00:00","description":"Soporte extensible para montantes de pared","breadcrumb":{"@id":"https:\/\/www.walraven.com\/es\/acerca-de-walraven\/noticias\/inauguracion\/#breadcrumb"},"inLanguage":"es","potentialAction":[{"@type":"ReadAction","target":["https:\/\/www.walraven.com\/es\/acerca-de-walraven\/noticias\/inauguracion\/"]}]},{"@type":"ImageObject","inLanguage":"es","@id":"https:\/\/www.walraven.com\/es\/acerca-de-walraven\/noticias\/inauguracion\/#primaryimage","url":"https:\/\/www.walraven.com\/es\/wp-content\/uploads\/sites\/6\/2016\/05\/kh63zvezcuo0i0gky1blek3afov8l0-iGhvmS-e1513937452484.jpg","contentUrl":"https:\/\/www.walraven.com\/es\/wp-content\/uploads\/sites\/6\/2016\/05\/kh63zvezcuo0i0gky1blek3afov8l0-iGhvmS-e1513937452484.jpg","width":200,"height":133,"caption":"Inauguraci\u00f3n Oficial Walraven Iberia"},{"@type":"BreadcrumbList","@id":"https:\/\/www.walraven.com\/es\/acerca-de-walraven\/noticias\/inauguracion\/#breadcrumb","itemListElement":[{"@type":"ListItem","position":1,"name":"Portada","item":"https:\/\/www.walraven.com\/es\/"},{"@type":"ListItem","position":2,"name":"Inauguraci\u00f3n Oficial Walraven Iberia"}]},{"@type":"WebSite","@id":"https:\/\/www.walraven.com\/es\/#website","url":"https:\/\/www.walraven.com\/es\/","name":"Walraven Ib\u00e8ria","description":"","publisher":{"@id":"https:\/\/www.walraven.com\/es\/#organization"},"potentialAction":[{"@type":"SearchAction","target":{"@type":"EntryPoint","urlTemplate":"https:\/\/www.walraven.com\/es\/?s={search_term_string}"},"query-input":{"@type":"PropertyValueSpecification","valueRequired":true,"valueName":"search_term_string"}}],"inLanguage":"es"},{"@type":"Organization","@id":"https:\/\/www.walraven.com\/es\/#organization","name":"Walraven Ib\u00e8ria","alternateName":"Walraven Ib\u00e8ria","url":"https:\/\/www.walraven.com\/es\/","logo":{"@type":"ImageObject","inLanguage":"es","@id":"https:\/\/www.walraven.com\/es\/#\/schema\/logo\/image\/","url":"https:\/\/www.walraven.com\/es\/wp-content\/uploads\/sites\/6\/2023\/12\/Walraven_logo300x300.jpg","contentUrl":"https:\/\/www.walraven.com\/es\/wp-content\/uploads\/sites\/6\/2023\/12\/Walraven_logo300x300.jpg","width":300,"height":300,"caption":"Walraven Ib\u00e8ria"},"image":{"@id":"https:\/\/www.walraven.com\/es\/#\/schema\/logo\/image\/"},"sameAs":["https:\/\/www.facebook.com\/WalravenIberia\/","https:\/\/www.youtube.com\/channel\/UCp0IvtDYLfpoIGUHFLmEHug","https:\/\/www.linkedin.com\/company\/isofix-walraven\/"]},{"@type":"Person","@id":"https:\/\/www.walraven.com\/es\/#\/schema\/person\/22eb93080fa1c497e371fa79d98690c5","name":"judit.pina","image":{"@type":"ImageObject","inLanguage":"es","@id":"https:\/\/secure.gravatar.com\/avatar\/866db87ab61fcb4d28e4297b09f115999d26adf189dc3b1312e4e977e82d6130?s=96&d=mm&r=g","url":"https:\/\/secure.gravatar.com\/avatar\/866db87ab61fcb4d28e4297b09f115999d26adf189dc3b1312e4e977e82d6130?s=96&d=mm&r=g","contentUrl":"https:\/\/secure.gravatar.com\/avatar\/866db87ab61fcb4d28e4297b09f115999d26adf189dc3b1312e4e977e82d6130?s=96&d=mm&r=g","caption":"judit.pina"}}]}},"_links":{"self":[{"href":"https:\/\/www.walraven.com\/es\/wp-json\/wp\/v2\/posts\/92","targetHints":{"allow":["GET"]}}],"collection":[{"href":"https:\/\/www.walraven.com\/es\/wp-json\/wp\/v2\/posts"}],"about":[{"href":"https:\/\/www.walraven.com\/es\/wp-json\/wp\/v2\/types\/post"}],"author":[{"embeddable":true,"href":"https:\/\/www.walraven.com\/es\/wp-json\/wp\/v2\/users\/12"}],"replies":[{"embeddable":true,"href":"https:\/\/www.walraven.com\/es\/wp-json\/wp\/v2\/comments?post=92"}],"version-history":[{"count":15,"href":"https:\/\/www.walraven.com\/es\/wp-json\/wp\/v2\/posts\/92\/revisions"}],"predecessor-version":[{"id":55644,"href":"https:\/\/www.walraven.com\/es\/wp-json\/wp\/v2\/posts\/92\/revisions\/55644"}],"wp:featuredmedia":[{"embeddable":true,"href":"https:\/\/www.walraven.com\/es\/wp-json\/wp\/v2\/media\/400"}],"wp:attachment":[{"href":"https:\/\/www.walraven.com\/es\/wp-json\/wp\/v2\/media?parent=92"}],"wp:term":[{"taxonomy":"category","embeddable":true,"href":"https:\/\/www.walraven.com\/es\/wp-json\/wp\/v2\/categories?post=92"},{"taxonomy":"post_tag","embeddable":true,"href":"https:\/\/www.walraven.com\/es\/wp-json\/wp\/v2\/tags?post=92"}],"curies":[{"name":"wp","href":"https:\/\/api.w.org\/{rel}","templated":true}]}}