{"id":135733,"date":"2026-08-28T07:58:39","date_gmt":"2026-08-28T05:58:39","guid":{"rendered":"https:\/\/www.walraven.com\/pl\/?p=135733"},"modified":"2026-08-28T08:00:35","modified_gmt":"2026-08-28T06:00:35","slug":"poland-business-run-2026-zbliza-sie-wielkimi-krokami","status":"publish","type":"post","link":"https:\/\/www.walraven.com\/pl\/o-walraven\/wiadomosci\/poland-business-run-2026-zbliza-sie-wielkimi-krokami\/","title":{"rendered":"Poland Business Run 2026 zbli\u017ca si\u0119 wielkimi krokami"},"content":{"rendered":"<p>Ju\u017c\u00a0 <strong>6 wrze\u015bnia<\/strong>, spotkamy si\u0119 na krakowskich B\u0142oniach, aby wsp\u00f3lnie z innymi dru\u017cynami wzi\u0105\u0107 udzia\u0142 w <strong>Poland Business Run 2026<\/strong>. W tym roku ta charytatywna sztafeta obchodzi jubileusz &#8211; to ju\u017c 15. edycja! Na starcie w Krakowie stanie ponad 22 tysi\u0105ce biegaczy.<\/p>\n<p>To wydarzenie, kt\u00f3re na sta\u0142e wpisa\u0142o si\u0119 w nasz firmowy kalendarz. \u0141\u0105czy sportow\u0105 rywalizacj\u0119, dobr\u0105 zabaw\u0119 i przede wszystkim pomaganie. Cieszymy si\u0119, \u017ce r\u00f3wnie\u017c w tym roku mo\u017cemy do\u0142\u0105czy\u0107 do tysi\u0119cy uczestnik\u00f3w, kt\u00f3rzy pobiegn\u0105 w szczytnym celu<\/p>\n<p>&nbsp;<\/p>\n<h2><strong>Ostatnia prosta przygotowa\u0144<\/strong><\/h2>\n<p>Do startu zosta\u0142o ju\u017c naprawd\u0119 niewiele czasu. Przed nami ostatni etap przygotowa\u0144. W najbli\u017cszych dniach czeka nas:<\/p>\n<ul>\n<li>odbi\u00f3r pakiet\u00f3w startowych -co si\u0119 w nich znalaz\u0142o, poka\u017cemy na naszym Instagramie,<\/li>\n<li>ostatnie treningi i szlifowanie formy,<\/li>\n<li>a tak\u017ce chwila odpoczynku, \u017ceby w niedziel\u0119 pojawi\u0107 si\u0119 na starcie z zapasem dobrej energii.<\/li>\n<\/ul>\n<p>Wyniki i sportowa rywalizacja to tylko ma\u0142a cz\u0119\u015b\u0107 wydarzenia jakim jest Poland Business Run.\u00a0To przede wszystkim okazja, by wsp\u00f3lnie zrobi\u0107 co\u015b dobrego.<\/p>\n<p dir=\"ltr\">Op\u0142aty startowe w ca\u0142o\u015bci trafiaj\u0105 do Fundacji Poland Business Run, kt\u00f3ra finansuje protezy, w\u00f3zki, rehabilitacj\u0119 i wsparcie psychologiczne dla os\u00f3b z niepe\u0142nosprawno\u015bci\u0105 ruchow\u0105, po amputacjach i po mastektomii.<\/p>\n<h2><strong><a href=\"https:\/\/www.walraven.com\/pl\/wp-content\/uploads\/sites\/8\/2026\/08\/img_8896-scaled.jpeg\"><img loading=\"lazy\" decoding=\"async\" class=\"wp-image-135737  alignnone\" src=\"https:\/\/www.walraven.com\/pl\/wp-content\/uploads\/sites\/8\/2026\/08\/img_8896-768x1024.jpeg\" alt=\"\" width=\"363\" height=\"484\" srcset=\"https:\/\/www.walraven.com\/pl\/wp-content\/uploads\/sites\/8\/2026\/08\/img_8896-768x1024.jpeg 768w, https:\/\/www.walraven.com\/pl\/wp-content\/uploads\/sites\/8\/2026\/08\/img_8896-225x300.jpeg 225w, https:\/\/www.walraven.com\/pl\/wp-content\/uploads\/sites\/8\/2026\/08\/img_8896-1152x1536.jpeg 1152w, https:\/\/www.walraven.com\/pl\/wp-content\/uploads\/sites\/8\/2026\/08\/img_8896-1536x2048.jpeg 1536w, https:\/\/www.walraven.com\/pl\/wp-content\/uploads\/sites\/8\/2026\/08\/img_8896-229x305.jpeg 229w, https:\/\/www.walraven.com\/pl\/wp-content\/uploads\/sites\/8\/2026\/08\/img_8896-286x381.jpeg 286w, https:\/\/www.walraven.com\/pl\/wp-content\/uploads\/sites\/8\/2026\/08\/img_8896-1290x1720.jpeg 1290w, https:\/\/www.walraven.com\/pl\/wp-content\/uploads\/sites\/8\/2026\/08\/img_8896-scaled.jpeg 1920w\" sizes=\"auto, (max-width: 363px) 100vw, 363px\" \/><\/a> <a href=\"https:\/\/www.walraven.com\/pl\/wp-content\/uploads\/sites\/8\/2026\/08\/img_8900-scaled.jpeg\"><img loading=\"lazy\" decoding=\"async\" class=\"wp-image-135738 alignnone\" src=\"https:\/\/www.walraven.com\/pl\/wp-content\/uploads\/sites\/8\/2026\/08\/img_8900-768x1024.jpeg\" alt=\"\" width=\"362\" height=\"483\" srcset=\"https:\/\/www.walraven.com\/pl\/wp-content\/uploads\/sites\/8\/2026\/08\/img_8900-768x1024.jpeg 768w, https:\/\/www.walraven.com\/pl\/wp-content\/uploads\/sites\/8\/2026\/08\/img_8900-225x300.jpeg 225w, https:\/\/www.walraven.com\/pl\/wp-content\/uploads\/sites\/8\/2026\/08\/img_8900-1152x1536.jpeg 1152w, https:\/\/www.walraven.com\/pl\/wp-content\/uploads\/sites\/8\/2026\/08\/img_8900-1536x2048.jpeg 1536w, https:\/\/www.walraven.com\/pl\/wp-content\/uploads\/sites\/8\/2026\/08\/img_8900-229x305.jpeg 229w, https:\/\/www.walraven.com\/pl\/wp-content\/uploads\/sites\/8\/2026\/08\/img_8900-286x381.jpeg 286w, https:\/\/www.walraven.com\/pl\/wp-content\/uploads\/sites\/8\/2026\/08\/img_8900-1290x1720.jpeg 1290w, https:\/\/www.walraven.com\/pl\/wp-content\/uploads\/sites\/8\/2026\/08\/img_8900-scaled.jpeg 1920w\" sizes=\"auto, (max-width: 362px) 100vw, 362px\" \/><\/a>\u00a0<\/strong><\/h2>\n<h2><strong>Widzimy si\u0119 na <\/strong><strong>Krakowskich B\u0142oniach<\/strong><\/h2>\n<p>Przed nami emocje, sportowa atmosfera i wsp\u00f3lne kibicowanie. Liczymy na dobr\u0105 pogod\u0119, dobre nastroje naszych dru\u017cyn i przede wszystkim \u015bwietn\u0105 zabaw\u0119.<\/p>\n<p><strong>Do zobaczenia 6 wrze\u015bnia na krakowskich B\u0142oniach! Trzymajcie za nas kciuki! <\/strong><\/p>\n<p>&nbsp;<\/p>\n","protected":false},"excerpt":{"rendered":"<p>Ju\u017c\u00a0 6 wrze\u015bnia, spotkamy si\u0119 na krakowskich B\u0142oniach, aby wsp\u00f3lnie z innymi dru\u017cynami wzi\u0105\u0107 udzia\u0142 w Poland Business Run 2026. W tym roku ta charytatywna sztafeta obchodzi jubileusz &#8211; to ju\u017c 15. edycja! Na starcie w Krakowie stanie ponad 22 tysi\u0105ce biegaczy. To wydarzenie, kt\u00f3re na sta\u0142e wpisa\u0142o si\u0119 w nasz firmowy kalendarz. \u0141\u0105czy sportow\u0105 [&hellip;]<\/p>\n","protected":false},"author":83,"featured_media":135735,"comment_status":"open","ping_status":"open","sticky":false,"template":"","format":"standard","meta":{"_acf_changed":false,"footnotes":""},"categories":[1392],"tags":[],"class_list":["post-135733","post","type-post","status-publish","format-standard","has-post-thumbnail","hentry","category-news"],"acf":[],"yoast_head":"<!-- This site is optimized with the Yoast SEO Premium plugin v28.3 (Yoast SEO v28.3) - https:\/\/yoast.com\/product\/yoast-seo-premium-wordpress\/ -->\n<title>Poland Business Run 2026 zbli\u017ca si\u0119 wielkimi krokami - Producent Walraven Polska<\/title>\n<meta name=\"description\" content=\"Poland Business Run to charytatywna inicjatywa, w kt\u00f3rej udzia\u0142 sta\u0142 si\u0119 nasz\u0105 tradycj\u0105. W tym roku r\u00f3wnie\u017c nie zabraknie dru\u017cyn z firmy Walraven.\" \/>\n<meta name=\"robots\" content=\"index, follow, max-snippet:-1, max-image-preview:large, max-video-preview:-1\" \/>\n<link rel=\"canonical\" href=\"https:\/\/www.walraven.com\/pl\/o-walraven\/wiadomosci\/poland-business-run-2026-zbliza-sie-wielkimi-krokami\/\" \/>\n<meta property=\"og:locale\" content=\"pl_PL\" \/>\n<meta property=\"og:type\" content=\"article\" \/>\n<meta property=\"og:title\" content=\"Poland Business Run 2026 zbli\u017ca si\u0119 wielkimi krokami\" \/>\n<meta property=\"og:description\" content=\"Poland Business Run to charytatywna inicjatywa, w kt\u00f3rej udzia\u0142 sta\u0142 si\u0119 nasz\u0105 tradycj\u0105. W tym roku r\u00f3wnie\u017c nie zabraknie dru\u017cyn z firmy Walraven.\" \/>\n<meta property=\"og:url\" content=\"https:\/\/www.walraven.com\/pl\/o-walraven\/wiadomosci\/poland-business-run-2026-zbliza-sie-wielkimi-krokami\/\" \/>\n<meta property=\"og:site_name\" content=\"Producent Walraven Polska\" \/>\n<meta property=\"article:publisher\" content=\"https:\/\/www.facebook.com\/Walraven-PL-134115383938171\/\" \/>\n<meta property=\"article:published_time\" content=\"2026-08-28T05:58:39+00:00\" \/>\n<meta property=\"article:modified_time\" content=\"2026-08-28T06:00:35+00:00\" \/>\n<meta property=\"og:image\" content=\"https:\/\/www.walraven.com\/pl\/wp-content\/uploads\/sites\/8\/2026\/08\/highlights-29.png\" \/>\n\t<meta property=\"og:image:width\" content=\"600\" \/>\n\t<meta property=\"og:image:height\" content=\"400\" \/>\n\t<meta property=\"og:image:type\" content=\"image\/png\" \/>\n<meta name=\"author\" content=\"monikadzien\" \/>\n<meta name=\"twitter:card\" content=\"summary_large_image\" \/>\n<meta name=\"twitter:label1\" content=\"Napisane przez\" \/>\n\t<meta name=\"twitter:data1\" content=\"monikadzien\" \/>\n\t<meta name=\"twitter:label2\" content=\"Szacowany czas czytania\" \/>\n\t<meta name=\"twitter:data2\" content=\"2 minuty\" \/>\n<script type=\"application\/ld+json\" class=\"yoast-schema-graph\">{\"@context\":\"https:\\\/\\\/schema.org\",\"@graph\":[{\"@type\":\"Article\",\"@id\":\"https:\\\/\\\/www.walraven.com\\\/pl\\\/o-walraven\\\/wiadomosci\\\/poland-business-run-2026-zbliza-sie-wielkimi-krokami\\\/#article\",\"isPartOf\":{\"@id\":\"https:\\\/\\\/www.walraven.com\\\/pl\\\/o-walraven\\\/wiadomosci\\\/poland-business-run-2026-zbliza-sie-wielkimi-krokami\\\/\"},\"author\":{\"name\":\"monikadzien\",\"@id\":\"https:\\\/\\\/www.walraven.com\\\/pl\\\/#\\\/schema\\\/person\\\/c9ef2ca5675a244efd13c954c616b7eb\"},\"headline\":\"Poland Business Run 2026 zbli\u017ca si\u0119 wielkimi krokami\",\"datePublished\":\"2026-08-28T05:58:39+00:00\",\"dateModified\":\"2026-08-28T06:00:35+00:00\",\"mainEntityOfPage\":{\"@id\":\"https:\\\/\\\/www.walraven.com\\\/pl\\\/o-walraven\\\/wiadomosci\\\/poland-business-run-2026-zbliza-sie-wielkimi-krokami\\\/\"},\"wordCount\":260,\"commentCount\":0,\"publisher\":{\"@id\":\"https:\\\/\\\/www.walraven.com\\\/pl\\\/#organization\"},\"image\":{\"@id\":\"https:\\\/\\\/www.walraven.com\\\/pl\\\/o-walraven\\\/wiadomosci\\\/poland-business-run-2026-zbliza-sie-wielkimi-krokami\\\/#primaryimage\"},\"thumbnailUrl\":\"https:\\\/\\\/www.walraven.com\\\/pl\\\/wp-content\\\/uploads\\\/sites\\\/8\\\/2026\\\/08\\\/highlights-29.png\",\"articleSection\":[\"News\"],\"inLanguage\":\"pl-PL\",\"potentialAction\":[{\"@type\":\"CommentAction\",\"name\":\"Comment\",\"target\":[\"https:\\\/\\\/www.walraven.com\\\/pl\\\/o-walraven\\\/wiadomosci\\\/poland-business-run-2026-zbliza-sie-wielkimi-krokami\\\/#respond\"]}]},{\"@type\":\"WebPage\",\"@id\":\"https:\\\/\\\/www.walraven.com\\\/pl\\\/o-walraven\\\/wiadomosci\\\/poland-business-run-2026-zbliza-sie-wielkimi-krokami\\\/\",\"url\":\"https:\\\/\\\/www.walraven.com\\\/pl\\\/o-walraven\\\/wiadomosci\\\/poland-business-run-2026-zbliza-sie-wielkimi-krokami\\\/\",\"name\":\"Poland Business Run 2026 zbli\u017ca si\u0119 wielkimi krokami - Producent Walraven Polska\",\"isPartOf\":{\"@id\":\"https:\\\/\\\/www.walraven.com\\\/pl\\\/#website\"},\"primaryImageOfPage\":{\"@id\":\"https:\\\/\\\/www.walraven.com\\\/pl\\\/o-walraven\\\/wiadomosci\\\/poland-business-run-2026-zbliza-sie-wielkimi-krokami\\\/#primaryimage\"},\"image\":{\"@id\":\"https:\\\/\\\/www.walraven.com\\\/pl\\\/o-walraven\\\/wiadomosci\\\/poland-business-run-2026-zbliza-sie-wielkimi-krokami\\\/#primaryimage\"},\"thumbnailUrl\":\"https:\\\/\\\/www.walraven.com\\\/pl\\\/wp-content\\\/uploads\\\/sites\\\/8\\\/2026\\\/08\\\/highlights-29.png\",\"datePublished\":\"2026-08-28T05:58:39+00:00\",\"dateModified\":\"2026-08-28T06:00:35+00:00\",\"description\":\"Poland Business Run to charytatywna inicjatywa, w kt\u00f3rej udzia\u0142 sta\u0142 si\u0119 nasz\u0105 tradycj\u0105. W tym roku r\u00f3wnie\u017c nie zabraknie dru\u017cyn z firmy Walraven.\",\"breadcrumb\":{\"@id\":\"https:\\\/\\\/www.walraven.com\\\/pl\\\/o-walraven\\\/wiadomosci\\\/poland-business-run-2026-zbliza-sie-wielkimi-krokami\\\/#breadcrumb\"},\"inLanguage\":\"pl-PL\",\"potentialAction\":[{\"@type\":\"ReadAction\",\"target\":[\"https:\\\/\\\/www.walraven.com\\\/pl\\\/o-walraven\\\/wiadomosci\\\/poland-business-run-2026-zbliza-sie-wielkimi-krokami\\\/\"]}]},{\"@type\":\"ImageObject\",\"inLanguage\":\"pl-PL\",\"@id\":\"https:\\\/\\\/www.walraven.com\\\/pl\\\/o-walraven\\\/wiadomosci\\\/poland-business-run-2026-zbliza-sie-wielkimi-krokami\\\/#primaryimage\",\"url\":\"https:\\\/\\\/www.walraven.com\\\/pl\\\/wp-content\\\/uploads\\\/sites\\\/8\\\/2026\\\/08\\\/highlights-29.png\",\"contentUrl\":\"https:\\\/\\\/www.walraven.com\\\/pl\\\/wp-content\\\/uploads\\\/sites\\\/8\\\/2026\\\/08\\\/highlights-29.png\",\"width\":600,\"height\":400},{\"@type\":\"BreadcrumbList\",\"@id\":\"https:\\\/\\\/www.walraven.com\\\/pl\\\/o-walraven\\\/wiadomosci\\\/poland-business-run-2026-zbliza-sie-wielkimi-krokami\\\/#breadcrumb\",\"itemListElement\":[{\"@type\":\"ListItem\",\"position\":1,\"name\":\"Home\",\"item\":\"https:\\\/\\\/www.walraven.com\\\/pl\\\/\"},{\"@type\":\"ListItem\",\"position\":2,\"name\":\"Poland Business Run 2026 zbli\u017ca si\u0119 wielkimi krokami\"}]},{\"@type\":\"WebSite\",\"@id\":\"https:\\\/\\\/www.walraven.com\\\/pl\\\/#website\",\"url\":\"https:\\\/\\\/www.walraven.com\\\/pl\\\/\",\"name\":\"Producent Walraven Polska\",\"description\":\"\",\"publisher\":{\"@id\":\"https:\\\/\\\/www.walraven.com\\\/pl\\\/#organization\"},\"potentialAction\":[{\"@type\":\"SearchAction\",\"target\":{\"@type\":\"EntryPoint\",\"urlTemplate\":\"https:\\\/\\\/www.walraven.com\\\/pl\\\/?s={search_term_string}\"},\"query-input\":{\"@type\":\"PropertyValueSpecification\",\"valueRequired\":true,\"valueName\":\"search_term_string\"}}],\"inLanguage\":\"pl-PL\"},{\"@type\":\"Organization\",\"@id\":\"https:\\\/\\\/www.walraven.com\\\/pl\\\/#organization\",\"name\":\"Walraven Sp. z o.o.\",\"alternateName\":\"Walraven Sp. z o.o.\",\"url\":\"https:\\\/\\\/www.walraven.com\\\/pl\\\/\",\"logo\":{\"@type\":\"ImageObject\",\"inLanguage\":\"pl-PL\",\"@id\":\"https:\\\/\\\/www.walraven.com\\\/pl\\\/#\\\/schema\\\/logo\\\/image\\\/\",\"url\":\"https:\\\/\\\/www.walraven.com\\\/pl\\\/wp-content\\\/uploads\\\/sites\\\/8\\\/2023\\\/12\\\/Walraven_logo300x300.jpg\",\"contentUrl\":\"https:\\\/\\\/www.walraven.com\\\/pl\\\/wp-content\\\/uploads\\\/sites\\\/8\\\/2023\\\/12\\\/Walraven_logo300x300.jpg\",\"width\":300,\"height\":300,\"caption\":\"Walraven Sp. z o.o.\"},\"image\":{\"@id\":\"https:\\\/\\\/www.walraven.com\\\/pl\\\/#\\\/schema\\\/logo\\\/image\\\/\"},\"sameAs\":[\"https:\\\/\\\/www.facebook.com\\\/Walraven-PL-134115383938171\\\/\",\"https:\\\/\\\/www.youtube.com\\\/user\\\/WalravenPLD\",\"https:\\\/\\\/www.linkedin.com\\\/company\\\/7157706\\\/\",\"https:\\\/\\\/www.instagram.com\\\/walraven_pl\\\/\"]},{\"@type\":\"Person\",\"@id\":\"https:\\\/\\\/www.walraven.com\\\/pl\\\/#\\\/schema\\\/person\\\/c9ef2ca5675a244efd13c954c616b7eb\",\"name\":\"monikadzien\",\"image\":{\"@type\":\"ImageObject\",\"inLanguage\":\"pl-PL\",\"@id\":\"https:\\\/\\\/secure.gravatar.com\\\/avatar\\\/36f80252ec9d403595d6c068125edbb769116dedc798aa4c8b83e4a0bf1266fa?s=96&d=mm&r=g\",\"url\":\"https:\\\/\\\/secure.gravatar.com\\\/avatar\\\/36f80252ec9d403595d6c068125edbb769116dedc798aa4c8b83e4a0bf1266fa?s=96&d=mm&r=g\",\"contentUrl\":\"https:\\\/\\\/secure.gravatar.com\\\/avatar\\\/36f80252ec9d403595d6c068125edbb769116dedc798aa4c8b83e4a0bf1266fa?s=96&d=mm&r=g\",\"caption\":\"monikadzien\"}}]}<\/script>\n<!-- \/ Yoast SEO Premium plugin. -->","yoast_head_json":{"title":"Poland Business Run 2026 zbli\u017ca si\u0119 wielkimi krokami - Producent Walraven Polska","description":"Poland Business Run to charytatywna inicjatywa, w kt\u00f3rej udzia\u0142 sta\u0142 si\u0119 nasz\u0105 tradycj\u0105. W tym roku r\u00f3wnie\u017c nie zabraknie dru\u017cyn z firmy Walraven.","robots":{"index":"index","follow":"follow","max-snippet":"max-snippet:-1","max-image-preview":"max-image-preview:large","max-video-preview":"max-video-preview:-1"},"canonical":"https:\/\/www.walraven.com\/pl\/o-walraven\/wiadomosci\/poland-business-run-2026-zbliza-sie-wielkimi-krokami\/","og_locale":"pl_PL","og_type":"article","og_title":"Poland Business Run 2026 zbli\u017ca si\u0119 wielkimi krokami","og_description":"Poland Business Run to charytatywna inicjatywa, w kt\u00f3rej udzia\u0142 sta\u0142 si\u0119 nasz\u0105 tradycj\u0105. W tym roku r\u00f3wnie\u017c nie zabraknie dru\u017cyn z firmy Walraven.","og_url":"https:\/\/www.walraven.com\/pl\/o-walraven\/wiadomosci\/poland-business-run-2026-zbliza-sie-wielkimi-krokami\/","og_site_name":"Producent Walraven Polska","article_publisher":"https:\/\/www.facebook.com\/Walraven-PL-134115383938171\/","article_published_time":"2026-08-28T05:58:39+00:00","article_modified_time":"2026-08-28T06:00:35+00:00","og_image":[{"width":600,"height":400,"url":"https:\/\/www.walraven.com\/pl\/wp-content\/uploads\/sites\/8\/2026\/08\/highlights-29.png","type":"image\/png"}],"author":"monikadzien","twitter_card":"summary_large_image","twitter_misc":{"Napisane przez":"monikadzien","Szacowany czas czytania":"2 minuty"},"schema":{"@context":"https:\/\/schema.org","@graph":[{"@type":"Article","@id":"https:\/\/www.walraven.com\/pl\/o-walraven\/wiadomosci\/poland-business-run-2026-zbliza-sie-wielkimi-krokami\/#article","isPartOf":{"@id":"https:\/\/www.walraven.com\/pl\/o-walraven\/wiadomosci\/poland-business-run-2026-zbliza-sie-wielkimi-krokami\/"},"author":{"name":"monikadzien","@id":"https:\/\/www.walraven.com\/pl\/#\/schema\/person\/c9ef2ca5675a244efd13c954c616b7eb"},"headline":"Poland Business Run 2026 zbli\u017ca si\u0119 wielkimi krokami","datePublished":"2026-08-28T05:58:39+00:00","dateModified":"2026-08-28T06:00:35+00:00","mainEntityOfPage":{"@id":"https:\/\/www.walraven.com\/pl\/o-walraven\/wiadomosci\/poland-business-run-2026-zbliza-sie-wielkimi-krokami\/"},"wordCount":260,"commentCount":0,"publisher":{"@id":"https:\/\/www.walraven.com\/pl\/#organization"},"image":{"@id":"https:\/\/www.walraven.com\/pl\/o-walraven\/wiadomosci\/poland-business-run-2026-zbliza-sie-wielkimi-krokami\/#primaryimage"},"thumbnailUrl":"https:\/\/www.walraven.com\/pl\/wp-content\/uploads\/sites\/8\/2026\/08\/highlights-29.png","articleSection":["News"],"inLanguage":"pl-PL","potentialAction":[{"@type":"CommentAction","name":"Comment","target":["https:\/\/www.walraven.com\/pl\/o-walraven\/wiadomosci\/poland-business-run-2026-zbliza-sie-wielkimi-krokami\/#respond"]}]},{"@type":"WebPage","@id":"https:\/\/www.walraven.com\/pl\/o-walraven\/wiadomosci\/poland-business-run-2026-zbliza-sie-wielkimi-krokami\/","url":"https:\/\/www.walraven.com\/pl\/o-walraven\/wiadomosci\/poland-business-run-2026-zbliza-sie-wielkimi-krokami\/","name":"Poland Business Run 2026 zbli\u017ca si\u0119 wielkimi krokami - Producent Walraven Polska","isPartOf":{"@id":"https:\/\/www.walraven.com\/pl\/#website"},"primaryImageOfPage":{"@id":"https:\/\/www.walraven.com\/pl\/o-walraven\/wiadomosci\/poland-business-run-2026-zbliza-sie-wielkimi-krokami\/#primaryimage"},"image":{"@id":"https:\/\/www.walraven.com\/pl\/o-walraven\/wiadomosci\/poland-business-run-2026-zbliza-sie-wielkimi-krokami\/#primaryimage"},"thumbnailUrl":"https:\/\/www.walraven.com\/pl\/wp-content\/uploads\/sites\/8\/2026\/08\/highlights-29.png","datePublished":"2026-08-28T05:58:39+00:00","dateModified":"2026-08-28T06:00:35+00:00","description":"Poland Business Run to charytatywna inicjatywa, w kt\u00f3rej udzia\u0142 sta\u0142 si\u0119 nasz\u0105 tradycj\u0105. W tym roku r\u00f3wnie\u017c nie zabraknie dru\u017cyn z firmy Walraven.","breadcrumb":{"@id":"https:\/\/www.walraven.com\/pl\/o-walraven\/wiadomosci\/poland-business-run-2026-zbliza-sie-wielkimi-krokami\/#breadcrumb"},"inLanguage":"pl-PL","potentialAction":[{"@type":"ReadAction","target":["https:\/\/www.walraven.com\/pl\/o-walraven\/wiadomosci\/poland-business-run-2026-zbliza-sie-wielkimi-krokami\/"]}]},{"@type":"ImageObject","inLanguage":"pl-PL","@id":"https:\/\/www.walraven.com\/pl\/o-walraven\/wiadomosci\/poland-business-run-2026-zbliza-sie-wielkimi-krokami\/#primaryimage","url":"https:\/\/www.walraven.com\/pl\/wp-content\/uploads\/sites\/8\/2026\/08\/highlights-29.png","contentUrl":"https:\/\/www.walraven.com\/pl\/wp-content\/uploads\/sites\/8\/2026\/08\/highlights-29.png","width":600,"height":400},{"@type":"BreadcrumbList","@id":"https:\/\/www.walraven.com\/pl\/o-walraven\/wiadomosci\/poland-business-run-2026-zbliza-sie-wielkimi-krokami\/#breadcrumb","itemListElement":[{"@type":"ListItem","position":1,"name":"Home","item":"https:\/\/www.walraven.com\/pl\/"},{"@type":"ListItem","position":2,"name":"Poland Business Run 2026 zbli\u017ca si\u0119 wielkimi krokami"}]},{"@type":"WebSite","@id":"https:\/\/www.walraven.com\/pl\/#website","url":"https:\/\/www.walraven.com\/pl\/","name":"Producent Walraven Polska","description":"","publisher":{"@id":"https:\/\/www.walraven.com\/pl\/#organization"},"potentialAction":[{"@type":"SearchAction","target":{"@type":"EntryPoint","urlTemplate":"https:\/\/www.walraven.com\/pl\/?s={search_term_string}"},"query-input":{"@type":"PropertyValueSpecification","valueRequired":true,"valueName":"search_term_string"}}],"inLanguage":"pl-PL"},{"@type":"Organization","@id":"https:\/\/www.walraven.com\/pl\/#organization","name":"Walraven Sp. z o.o.","alternateName":"Walraven Sp. z o.o.","url":"https:\/\/www.walraven.com\/pl\/","logo":{"@type":"ImageObject","inLanguage":"pl-PL","@id":"https:\/\/www.walraven.com\/pl\/#\/schema\/logo\/image\/","url":"https:\/\/www.walraven.com\/pl\/wp-content\/uploads\/sites\/8\/2023\/12\/Walraven_logo300x300.jpg","contentUrl":"https:\/\/www.walraven.com\/pl\/wp-content\/uploads\/sites\/8\/2023\/12\/Walraven_logo300x300.jpg","width":300,"height":300,"caption":"Walraven Sp. z o.o."},"image":{"@id":"https:\/\/www.walraven.com\/pl\/#\/schema\/logo\/image\/"},"sameAs":["https:\/\/www.facebook.com\/Walraven-PL-134115383938171\/","https:\/\/www.youtube.com\/user\/WalravenPLD","https:\/\/www.linkedin.com\/company\/7157706\/","https:\/\/www.instagram.com\/walraven_pl\/"]},{"@type":"Person","@id":"https:\/\/www.walraven.com\/pl\/#\/schema\/person\/c9ef2ca5675a244efd13c954c616b7eb","name":"monikadzien","image":{"@type":"ImageObject","inLanguage":"pl-PL","@id":"https:\/\/secure.gravatar.com\/avatar\/36f80252ec9d403595d6c068125edbb769116dedc798aa4c8b83e4a0bf1266fa?s=96&d=mm&r=g","url":"https:\/\/secure.gravatar.com\/avatar\/36f80252ec9d403595d6c068125edbb769116dedc798aa4c8b83e4a0bf1266fa?s=96&d=mm&r=g","contentUrl":"https:\/\/secure.gravatar.com\/avatar\/36f80252ec9d403595d6c068125edbb769116dedc798aa4c8b83e4a0bf1266fa?s=96&d=mm&r=g","caption":"monikadzien"}}]}},"_links":{"self":[{"href":"https:\/\/www.walraven.com\/pl\/wp-json\/wp\/v2\/posts\/135733","targetHints":{"allow":["GET"]}}],"collection":[{"href":"https:\/\/www.walraven.com\/pl\/wp-json\/wp\/v2\/posts"}],"about":[{"href":"https:\/\/www.walraven.com\/pl\/wp-json\/wp\/v2\/types\/post"}],"author":[{"embeddable":true,"href":"https:\/\/www.walraven.com\/pl\/wp-json\/wp\/v2\/users\/83"}],"replies":[{"embeddable":true,"href":"https:\/\/www.walraven.com\/pl\/wp-json\/wp\/v2\/comments?post=135733"}],"version-history":[{"count":4,"href":"https:\/\/www.walraven.com\/pl\/wp-json\/wp\/v2\/posts\/135733\/revisions"}],"predecessor-version":[{"id":135741,"href":"https:\/\/www.walraven.com\/pl\/wp-json\/wp\/v2\/posts\/135733\/revisions\/135741"}],"wp:featuredmedia":[{"embeddable":true,"href":"https:\/\/www.walraven.com\/pl\/wp-json\/wp\/v2\/media\/135735"}],"wp:attachment":[{"href":"https:\/\/www.walraven.com\/pl\/wp-json\/wp\/v2\/media?parent=135733"}],"wp:term":[{"taxonomy":"category","embeddable":true,"href":"https:\/\/www.walraven.com\/pl\/wp-json\/wp\/v2\/categories?post=135733"},{"taxonomy":"post_tag","embeddable":true,"href":"https:\/\/www.walraven.com\/pl\/wp-json\/wp\/v2\/tags?post=135733"}],"curies":[{"name":"wp","href":"https:\/\/api.w.org\/{rel}","templated":true}]}}