{"id":135742,"date":"2026-08-18T09:39:25","date_gmt":"2026-08-18T07:39:25","guid":{"rendered":"https:\/\/www.walraven.com\/pl\/?p=135742"},"modified":"2026-08-28T09:43:39","modified_gmt":"2026-08-28T07:43:39","slug":"praca-w-walraven-obsluga-klienta-dzial-techniczny-magazyn","status":"publish","type":"post","link":"https:\/\/www.walraven.com\/pl\/o-walraven\/wiadomosci\/praca-w-walraven-obsluga-klienta-dzial-techniczny-magazyn\/","title":{"rendered":"Praca w Walraven. Obs\u0142uga klienta, dzia\u0142 techniczny, magazyn"},"content":{"rendered":"<p>Klient widzi ofert\u0119, projekt i dostaw\u0119. Nie widzi natomiast, co dzieje si\u0119, by taka oferta czy projekt powsta\u0142, a zam\u00f3wienie zosta\u0142o przygotowane i spakowane.<br \/>\nW czerwcu do Walraven Polska do\u0142\u0105czy\u0142o kilkoro nowych pracownik\u00f3w. To \u015bwietna okazja by przybli\u017cy\u0107 proces oczami os\u00f3b, kt\u00f3re r\u00f3wnie\u017c dopiero go pozna\u0142y. Po dw\u00f3ch miesi\u0105cach zapytali\u015bmy Sabin\u0119 z\u00a0zespo\u0142u sprzeda\u017cy wewn\u0119trznej, Emili\u0119 z\u00a0dzia\u0142u technicznego i Wojtka z\u00a0magazynu, o ich pierwsze wra\u017cenia z\u00a0pracy w Walraven.<\/p>\n<h2 id=\"h-zapytanie-zanim-powstanie-oferta\" class=\"wp-block-heading\">Zapytanie: zanim powstanie oferta<\/h2>\n<p class=\"wp-block-paragraph\">Sabina do\u0142\u0105czy\u0142a do naszego zespo\u0142u sprzeda\u017cy wewn\u0119trznej. Poni\u017cej kilka spostrze\u017ce\u0144 z\u00a0pierwszych tygodnie pracy.<\/p>\n<p class=\"wp-block-paragraph\">Najpierw o tym, co j\u0105 zaskoczy\u0142o:<br \/>\n<em>\u201eSpodziewa\u0142am si\u0119, \u017ce najwi\u0119kszym wyzwaniem b\u0119dzie kontakt z\u00a0klientem. Zaskoczy\u0142o mnie, jak du\u017co dzieje si\u0119 w tle \u2013 ile pracy wymaga przygotowanie dobrej oferty i znalezienie w\u0142a\u015bciwego rozwi\u0105zania.\u201d<\/em><\/p>\n<p>Sam start wymaga\u0142 sporo nauki:<br \/>\n<em>\u201eNajwi\u0119kszym wyzwaniem by\u0142o przyswojenie du\u017cej ilo\u015bci informacji i poznanie wszystkich procedur. Trzeba by\u0142o nauczy\u0107 si\u0119 wielu rzeczy naraz. Na szcz\u0119\u015bcie z\u00a0ka\u017cdym tygodniem stawa\u0142o si\u0119 to \u0142atwiejsze.\u201d<\/em><\/p>\n<p>By\u0142 moment, kt\u00f3ry pami\u0119ta dok\u0142adnie \u2013 pierwsza oferta przygotowana samodzielnie, od pocz\u0105tku do ko\u0144ca:<br \/>\n<em>\u201eKilka razy sprawdza\u0142am wszystko, \u017ceby niczego nie przeoczy\u0107. Kiedy by\u0142a gotowa i wys\u0142ana, poczu\u0142am du\u017c\u0105 satysfakcj\u0119. Zobaczy\u0142am, ile ju\u017c si\u0119 nauczy\u0142am.\u201d<\/em><\/p>\n<p>A czego klient zwykle nie widzi?<br \/>\n<em>\u201eKlient widzi ko\u0144cowy efekt \u2013 odpowied\u017a albo gotow\u0105 ofert\u0119. Nie widzi konsultacji, analiz i ustale\u0144, kt\u00f3re trzeba wykona\u0107 wcze\u015bniej, cz\u0119sto we wsp\u00f3\u0142pracy kilku dzia\u0142\u00f3w.\u201d<\/em><\/p>\n<h2 id=\"h-dobor-i-projekt-witamy-w-dziale-technicznym\" class=\"wp-block-heading\">Dob\u00f3r i projekt: witamy w dziale technicznym<\/h2>\n<p class=\"wp-block-paragraph\">Emilia to tegoroczna absolwentka Mechaniki i Budowy Maszyn na Politechnice Krakowskiej. Zapytali\u015bmy j\u0105 o pierwsze odczucia i jak wiedza ze studi\u00f3w przek\u0142ada si\u0119 na praktyk\u0119.<\/p>\n<p class=\"wp-block-paragraph\">Co ze studi\u00f3w przydaje si\u0119 na co dzie\u0144?<br \/>\n<em>\u201eNajbardziej \u2013 analityczne my\u015blenie, praca z\u00a0dokumentacj\u0105 techniczn\u0105, AutoCAD i wytrzyma\u0142o\u015b\u0107 materia\u0142\u00f3w. Korzystam z\u00a0nich niemal codziennie. Cz\u0119\u015b\u0107 zagadnie\u0144 programistycznych, jak programowanie obiektowe, przydaje si\u0119 ju\u017c du\u017co rzadziej.\u201d<\/em><\/p>\n<p>Co okaza\u0142o si\u0119 najwi\u0119kszym wyzwaniem?<br \/>\n<em>\u201ePoznanie produkt\u00f3w i system\u00f3w Walraven oraz tego, jak dzia\u0142aj\u0105 w r\u00f3\u017cnych instalacjach. Na studiach zdobywa si\u0119 og\u00f3ln\u0105 wiedz\u0119 in\u017cyniersk\u0105, a tutaj trzeba by\u0142o w kr\u00f3tkim czasie nauczy\u0107 si\u0119 bardzo konkretnych rozwi\u0105za\u0144.\u201d<\/em><\/p>\n<p>Emilia pierwszy projekt ma ju\u017c za sob\u0105:<br \/>\n<em>\u201eM\u00f3j pierwszy projekt to zamocowania dachowe pod wentylacj\u0119 i stela\u017ce pod klimatyzator. Zesp\u00f3\u0142 nadzorowa\u0142 moje dzia\u0142ania. Nauczy\u0142am si\u0119, \u017ce na konstrukcj\u0119 wp\u0142ywa nie tylko masa i wielko\u015b\u0107 urz\u0105dzenia, ale te\u017c jego lokalizacja i warunki, w jakich b\u0119dzie pracowa\u0107.\u201d<\/em><\/p>\n<p>A to, czego klient zwykle nie widzi?<br \/>\n<em>\u201eZanim klient otrzyma gotowe rozwi\u0105zanie, analizujemy projekt i dobieramy odpowiednie produkty. Tego nie wida\u0107, ale w\u0142a\u015bnie ten etap w du\u017cej mierze decyduje o jako\u015bci rozwi\u0105zania.\u201d<\/em><\/p>\n<h2 id=\"h-wysylka-gdy-lista-pozycji-staje-sie-paleta\" class=\"wp-block-heading\">Wysy\u0142ka: gdy lista pozycji staje si\u0119 palet\u0105<\/h2>\n<p class=\"wp-block-paragraph\">Wojtek do\u0142\u0105czy\u0142 do naszego zespo\u0142u magazynowego. Jakie by\u0142y jego pierwsze wra\u017cenia?<\/p>\n<p class=\"wp-block-paragraph\">Zacz\u0119li\u015bmy od pierwszego wej\u015bcia na hal\u0119:<br \/>\n<em>\u201eNajbardziej rzuci\u0142 mi si\u0119 w oczy porz\u0105dek: czysto, wszystko na swoim miejscu. Wra\u017cenie zrobi\u0142a te\u017c wysoko\u015b\u0107 rega\u0142\u00f3w, bo wcze\u015bniej nie pracowa\u0142em w magazynie wysokiego sk\u0142adowania. Lubi\u0119, kiedy wszystko jest dobrze zorganizowane.\u201d<\/em><\/p>\n<p>Podobn\u0105 prac\u0119 Wojtek zna\u0142 ju\u017c wcze\u015bniej, a tutaj i tak ci\u0105gle si\u0119 czego\u015b uczy:<br \/>\n<em>\u201eNa pocz\u0105tku wdro\u017cy\u0142 mnie koordynator, Pawe\u0142. P\u00f3\u017aniej wiele nauczy\u0142em si\u0119 od pozosta\u0142ych cz\u0142onk\u00f3w zespo\u0142u i ca\u0142y czas zdobywam nowe do\u015bwiadczenia. Troch\u0119 czasu pewnie jeszcze minie, zanim wszystko b\u0119dzie mi wychodzi\u0107 tak jak pozosta\u0142ym.\u201d<\/em><\/p>\n<p>A co jest obecnie najwi\u0119kszym wyzwaniem?<br \/>\n<em>\u201eNajwi\u0119kszym wyzwaniem s\u0105 dla mnie zam\u00f3wienia powy\u017cej pi\u0119ciu ton \u2013 oczywi\u015bcie sporo zale\u017cy od tego, co si\u0119 na nie sk\u0142ada. Ucz\u0119 si\u0119 te\u017c samego uk\u0142adania palety: od czego zacz\u0105\u0107, \u017ceby wszystko optymalnie pouk\u0142ada\u0107.\u201d<\/em><\/p>\n<p><a href=\"https:\/\/www.walraven.com\/pl\/wp-content\/uploads\/sites\/8\/2026\/08\/img_2567-scaled.jpg\"><img loading=\"lazy\" decoding=\"async\" class=\"size-medium wp-image-135743 alignnone\" src=\"https:\/\/www.walraven.com\/pl\/wp-content\/uploads\/sites\/8\/2026\/08\/img_2567-225x300.jpg\" alt=\"\" width=\"225\" height=\"300\" srcset=\"https:\/\/www.walraven.com\/pl\/wp-content\/uploads\/sites\/8\/2026\/08\/img_2567-225x300.jpg 225w, https:\/\/www.walraven.com\/pl\/wp-content\/uploads\/sites\/8\/2026\/08\/img_2567-768x1024.jpg 768w, https:\/\/www.walraven.com\/pl\/wp-content\/uploads\/sites\/8\/2026\/08\/img_2567-1152x1536.jpg 1152w, https:\/\/www.walraven.com\/pl\/wp-content\/uploads\/sites\/8\/2026\/08\/img_2567-1536x2048.jpg 1536w, https:\/\/www.walraven.com\/pl\/wp-content\/uploads\/sites\/8\/2026\/08\/img_2567-229x305.jpg 229w, https:\/\/www.walraven.com\/pl\/wp-content\/uploads\/sites\/8\/2026\/08\/img_2567-286x381.jpg 286w, https:\/\/www.walraven.com\/pl\/wp-content\/uploads\/sites\/8\/2026\/08\/img_2567-1290x1720.jpg 1290w, https:\/\/www.walraven.com\/pl\/wp-content\/uploads\/sites\/8\/2026\/08\/img_2567-scaled.jpg 1920w\" sizes=\"auto, (max-width: 225px) 100vw, 225px\" \/><\/a> <a href=\"https:\/\/www.walraven.com\/pl\/wp-content\/uploads\/sites\/8\/2026\/08\/img_2672-scaled.jpg\"><img loading=\"lazy\" decoding=\"async\" class=\"size-medium wp-image-135744 alignnone\" src=\"https:\/\/www.walraven.com\/pl\/wp-content\/uploads\/sites\/8\/2026\/08\/img_2672-225x300.jpg\" alt=\"\" width=\"225\" height=\"300\" srcset=\"https:\/\/www.walraven.com\/pl\/wp-content\/uploads\/sites\/8\/2026\/08\/img_2672-225x300.jpg 225w, https:\/\/www.walraven.com\/pl\/wp-content\/uploads\/sites\/8\/2026\/08\/img_2672-768x1024.jpg 768w, https:\/\/www.walraven.com\/pl\/wp-content\/uploads\/sites\/8\/2026\/08\/img_2672-1152x1536.jpg 1152w, https:\/\/www.walraven.com\/pl\/wp-content\/uploads\/sites\/8\/2026\/08\/img_2672-1536x2048.jpg 1536w, https:\/\/www.walraven.com\/pl\/wp-content\/uploads\/sites\/8\/2026\/08\/img_2672-229x305.jpg 229w, https:\/\/www.walraven.com\/pl\/wp-content\/uploads\/sites\/8\/2026\/08\/img_2672-286x381.jpg 286w, https:\/\/www.walraven.com\/pl\/wp-content\/uploads\/sites\/8\/2026\/08\/img_2672-1290x1720.jpg 1290w, https:\/\/www.walraven.com\/pl\/wp-content\/uploads\/sites\/8\/2026\/08\/img_2672-scaled.jpg 1920w\" sizes=\"auto, (max-width: 225px) 100vw, 225px\" \/><\/a> <a href=\"https:\/\/www.walraven.com\/pl\/wp-content\/uploads\/sites\/8\/2026\/08\/img_2736-scaled.jpg\"><img loading=\"lazy\" decoding=\"async\" class=\"size-medium wp-image-135745 alignnone\" src=\"https:\/\/www.walraven.com\/pl\/wp-content\/uploads\/sites\/8\/2026\/08\/img_2736-225x300.jpg\" alt=\"\" width=\"225\" height=\"300\" srcset=\"https:\/\/www.walraven.com\/pl\/wp-content\/uploads\/sites\/8\/2026\/08\/img_2736-225x300.jpg 225w, https:\/\/www.walraven.com\/pl\/wp-content\/uploads\/sites\/8\/2026\/08\/img_2736-768x1024.jpg 768w, https:\/\/www.walraven.com\/pl\/wp-content\/uploads\/sites\/8\/2026\/08\/img_2736-1152x1536.jpg 1152w, https:\/\/www.walraven.com\/pl\/wp-content\/uploads\/sites\/8\/2026\/08\/img_2736-1536x2048.jpg 1536w, https:\/\/www.walraven.com\/pl\/wp-content\/uploads\/sites\/8\/2026\/08\/img_2736-229x305.jpg 229w, https:\/\/www.walraven.com\/pl\/wp-content\/uploads\/sites\/8\/2026\/08\/img_2736-286x381.jpg 286w, https:\/\/www.walraven.com\/pl\/wp-content\/uploads\/sites\/8\/2026\/08\/img_2736-1290x1720.jpg 1290w, https:\/\/www.walraven.com\/pl\/wp-content\/uploads\/sites\/8\/2026\/08\/img_2736-scaled.jpg 1920w\" sizes=\"auto, (max-width: 225px) 100vw, 225px\" \/><\/a><\/p>\n<h2 id=\"h-trzy-rozmowy-jeden-wspolny-watek\" class=\"wp-block-heading\">Trzy rozmowy, jeden wsp\u00f3lny w\u0105tek<\/h2>\n<p class=\"wp-block-paragraph\">Ka\u017cd\u0105 z\u00a0tych rozm\u00f3w ko\u0144czyli\u015bmy tym samym pytaniem: jak podsumujesz te dwa miesi\u0105ce jednym zdaniem?<\/p>\n<p class=\"wp-block-paragraph\">Sabina:\u00a0<em>\u201eNauczy\u0142am si\u0119 wielu nowych rzeczy, zdoby\u0142am do\u015bwiadczenie i przekona\u0142am si\u0119, jak wa\u017cne jest wsparcie dobrego zespo\u0142u.\u201d<\/em><\/p>\n<p class=\"wp-block-paragraph\">Emilia: \u201e<em>Te dwa miesi\u0105ce pokaza\u0142y mi, \u017ce dobre rozwi\u0105zania powstaj\u0105 tam, gdzie wiedza techniczna idzie w parze z\u00a0dobr\u0105 wsp\u00f3\u0142prac\u0105 i atmosfer\u0105.\u201d<\/em><\/p>\n<p class=\"wp-block-paragraph\">Wojtek:\u00a0<em>\u201ePraca tutaj to ci\u0105g\u0142a nauka i dobra atmosfera.\u201d<\/em><\/p>\n<p class=\"wp-block-paragraph\">Trzy r\u00f3\u017cne dzia\u0142y, trzy r\u00f3\u017cne stanowiska, trzy r\u00f3\u017cne pocz\u0105tki. I w ka\u017cdym podsumowaniu to samo:<strong>\u00a0wspieraj\u0105cy ludzie obok.<\/strong><\/p>\n<h2 id=\"h-praca-w-walraven\" class=\"wp-block-heading\">Praca w Walraven<\/h2>\n<p class=\"wp-block-paragraph\">Sabinie, Emilii i Wojtkowi dzi\u0119kujemy za to, \u017ce zgodzili si\u0119 opowiedzie\u0107 o swoich pierwszych tygodniach.<\/p>\n<p class=\"wp-block-paragraph\">Je\u015bli chcesz do\u0142\u0105czy\u0107 do zespo\u0142u Walraven Polska, wszystkie aktualne oferty pracy znajdziesz w zak\u0142adce: <a href=\"https:\/\/www.walraven.com\/pl\/o-walraven\/praca-w-walraven\/\">Praca w Walraven<\/a>.<\/p>\n","protected":false},"excerpt":{"rendered":"<p>Klient widzi ofert\u0119, projekt i dostaw\u0119. Nie widzi natomiast, co dzieje si\u0119, by taka oferta czy projekt powsta\u0142, a zam\u00f3wienie zosta\u0142o przygotowane i spakowane. W czerwcu do Walraven Polska do\u0142\u0105czy\u0142o kilkoro nowych pracownik\u00f3w. To \u015bwietna okazja by przybli\u017cy\u0107 proces oczami os\u00f3b, kt\u00f3re r\u00f3wnie\u017c dopiero go pozna\u0142y. Po dw\u00f3ch miesi\u0105cach zapytali\u015bmy Sabin\u0119 z\u00a0zespo\u0142u sprzeda\u017cy wewn\u0119trznej, Emili\u0119 [&hellip;]<\/p>\n","protected":false},"author":83,"featured_media":135748,"comment_status":"open","ping_status":"open","sticky":false,"template":"","format":"standard","meta":{"_acf_changed":false,"footnotes":""},"categories":[1392],"tags":[],"class_list":["post-135742","post","type-post","status-publish","format-standard","has-post-thumbnail","hentry","category-news"],"acf":[],"yoast_head":"<!-- This site is optimized with the Yoast SEO Premium plugin v28.3 (Yoast SEO v28.3) - https:\/\/yoast.com\/product\/yoast-seo-premium-wordpress\/ -->\n<title>Praca w Walraven. Obs\u0142uga klienta, dzia\u0142 techniczny, magazyn - Producent Walraven Polska<\/title>\n<meta name=\"robots\" content=\"index, follow, max-snippet:-1, max-image-preview:large, max-video-preview:-1\" \/>\n<link rel=\"canonical\" href=\"https:\/\/www.walraven.com\/pl\/o-walraven\/wiadomosci\/praca-w-walraven-obsluga-klienta-dzial-techniczny-magazyn\/\" \/>\n<meta property=\"og:locale\" content=\"pl_PL\" \/>\n<meta property=\"og:type\" content=\"article\" \/>\n<meta property=\"og:title\" content=\"Praca w Walraven. Obs\u0142uga klienta, dzia\u0142 techniczny, magazyn\" \/>\n<meta property=\"og:description\" content=\"Klient widzi ofert\u0119, projekt i dostaw\u0119. Nie widzi natomiast, co dzieje si\u0119, by taka oferta czy projekt powsta\u0142, a zam\u00f3wienie zosta\u0142o przygotowane i spakowane. W czerwcu do Walraven Polska do\u0142\u0105czy\u0142o kilkoro nowych pracownik\u00f3w. To \u015bwietna okazja by przybli\u017cy\u0107 proces oczami os\u00f3b, kt\u00f3re r\u00f3wnie\u017c dopiero go pozna\u0142y. Po dw\u00f3ch miesi\u0105cach zapytali\u015bmy Sabin\u0119 z\u00a0zespo\u0142u sprzeda\u017cy wewn\u0119trznej, Emili\u0119 [&hellip;]\" \/>\n<meta property=\"og:url\" content=\"https:\/\/www.walraven.com\/pl\/o-walraven\/wiadomosci\/praca-w-walraven-obsluga-klienta-dzial-techniczny-magazyn\/\" \/>\n<meta property=\"og:site_name\" content=\"Producent Walraven Polska\" \/>\n<meta property=\"article:publisher\" content=\"https:\/\/www.facebook.com\/Walraven-PL-134115383938171\/\" \/>\n<meta property=\"article:published_time\" content=\"2026-08-18T07:39:25+00:00\" \/>\n<meta property=\"article:modified_time\" content=\"2026-08-28T07:43:39+00:00\" \/>\n<meta property=\"og:image\" content=\"https:\/\/www.walraven.com\/pl\/wp-content\/uploads\/sites\/8\/2026\/08\/highlights-29-1.png\" \/>\n\t<meta property=\"og:image:width\" content=\"600\" \/>\n\t<meta property=\"og:image:height\" content=\"400\" \/>\n\t<meta property=\"og:image:type\" content=\"image\/png\" \/>\n<meta name=\"author\" content=\"monikadzien\" \/>\n<meta name=\"twitter:card\" content=\"summary_large_image\" \/>\n<meta name=\"twitter:label1\" content=\"Napisane przez\" \/>\n\t<meta name=\"twitter:data1\" content=\"monikadzien\" \/>\n\t<meta name=\"twitter:label2\" content=\"Szacowany czas czytania\" \/>\n\t<meta name=\"twitter:data2\" content=\"5 minut\" \/>\n<script type=\"application\/ld+json\" class=\"yoast-schema-graph\">{\"@context\":\"https:\\\/\\\/schema.org\",\"@graph\":[{\"@type\":\"Article\",\"@id\":\"https:\\\/\\\/www.walraven.com\\\/pl\\\/o-walraven\\\/wiadomosci\\\/praca-w-walraven-obsluga-klienta-dzial-techniczny-magazyn\\\/#article\",\"isPartOf\":{\"@id\":\"https:\\\/\\\/www.walraven.com\\\/pl\\\/o-walraven\\\/wiadomosci\\\/praca-w-walraven-obsluga-klienta-dzial-techniczny-magazyn\\\/\"},\"author\":{\"name\":\"monikadzien\",\"@id\":\"https:\\\/\\\/www.walraven.com\\\/pl\\\/#\\\/schema\\\/person\\\/c9ef2ca5675a244efd13c954c616b7eb\"},\"headline\":\"Praca w Walraven. Obs\u0142uga klienta, dzia\u0142 techniczny, magazyn\",\"datePublished\":\"2026-08-18T07:39:25+00:00\",\"dateModified\":\"2026-08-28T07:43:39+00:00\",\"mainEntityOfPage\":{\"@id\":\"https:\\\/\\\/www.walraven.com\\\/pl\\\/o-walraven\\\/wiadomosci\\\/praca-w-walraven-obsluga-klienta-dzial-techniczny-magazyn\\\/\"},\"wordCount\":829,\"commentCount\":0,\"publisher\":{\"@id\":\"https:\\\/\\\/www.walraven.com\\\/pl\\\/#organization\"},\"image\":{\"@id\":\"https:\\\/\\\/www.walraven.com\\\/pl\\\/o-walraven\\\/wiadomosci\\\/praca-w-walraven-obsluga-klienta-dzial-techniczny-magazyn\\\/#primaryimage\"},\"thumbnailUrl\":\"https:\\\/\\\/www.walraven.com\\\/pl\\\/wp-content\\\/uploads\\\/sites\\\/8\\\/2026\\\/08\\\/highlights-29-1.png\",\"articleSection\":[\"News\"],\"inLanguage\":\"pl-PL\",\"potentialAction\":[{\"@type\":\"CommentAction\",\"name\":\"Comment\",\"target\":[\"https:\\\/\\\/www.walraven.com\\\/pl\\\/o-walraven\\\/wiadomosci\\\/praca-w-walraven-obsluga-klienta-dzial-techniczny-magazyn\\\/#respond\"]}]},{\"@type\":\"WebPage\",\"@id\":\"https:\\\/\\\/www.walraven.com\\\/pl\\\/o-walraven\\\/wiadomosci\\\/praca-w-walraven-obsluga-klienta-dzial-techniczny-magazyn\\\/\",\"url\":\"https:\\\/\\\/www.walraven.com\\\/pl\\\/o-walraven\\\/wiadomosci\\\/praca-w-walraven-obsluga-klienta-dzial-techniczny-magazyn\\\/\",\"name\":\"Praca w Walraven. Obs\u0142uga klienta, dzia\u0142 techniczny, magazyn - Producent Walraven Polska\",\"isPartOf\":{\"@id\":\"https:\\\/\\\/www.walraven.com\\\/pl\\\/#website\"},\"primaryImageOfPage\":{\"@id\":\"https:\\\/\\\/www.walraven.com\\\/pl\\\/o-walraven\\\/wiadomosci\\\/praca-w-walraven-obsluga-klienta-dzial-techniczny-magazyn\\\/#primaryimage\"},\"image\":{\"@id\":\"https:\\\/\\\/www.walraven.com\\\/pl\\\/o-walraven\\\/wiadomosci\\\/praca-w-walraven-obsluga-klienta-dzial-techniczny-magazyn\\\/#primaryimage\"},\"thumbnailUrl\":\"https:\\\/\\\/www.walraven.com\\\/pl\\\/wp-content\\\/uploads\\\/sites\\\/8\\\/2026\\\/08\\\/highlights-29-1.png\",\"datePublished\":\"2026-08-18T07:39:25+00:00\",\"dateModified\":\"2026-08-28T07:43:39+00:00\",\"breadcrumb\":{\"@id\":\"https:\\\/\\\/www.walraven.com\\\/pl\\\/o-walraven\\\/wiadomosci\\\/praca-w-walraven-obsluga-klienta-dzial-techniczny-magazyn\\\/#breadcrumb\"},\"inLanguage\":\"pl-PL\",\"potentialAction\":[{\"@type\":\"ReadAction\",\"target\":[\"https:\\\/\\\/www.walraven.com\\\/pl\\\/o-walraven\\\/wiadomosci\\\/praca-w-walraven-obsluga-klienta-dzial-techniczny-magazyn\\\/\"]}]},{\"@type\":\"ImageObject\",\"inLanguage\":\"pl-PL\",\"@id\":\"https:\\\/\\\/www.walraven.com\\\/pl\\\/o-walraven\\\/wiadomosci\\\/praca-w-walraven-obsluga-klienta-dzial-techniczny-magazyn\\\/#primaryimage\",\"url\":\"https:\\\/\\\/www.walraven.com\\\/pl\\\/wp-content\\\/uploads\\\/sites\\\/8\\\/2026\\\/08\\\/highlights-29-1.png\",\"contentUrl\":\"https:\\\/\\\/www.walraven.com\\\/pl\\\/wp-content\\\/uploads\\\/sites\\\/8\\\/2026\\\/08\\\/highlights-29-1.png\",\"width\":600,\"height\":400},{\"@type\":\"BreadcrumbList\",\"@id\":\"https:\\\/\\\/www.walraven.com\\\/pl\\\/o-walraven\\\/wiadomosci\\\/praca-w-walraven-obsluga-klienta-dzial-techniczny-magazyn\\\/#breadcrumb\",\"itemListElement\":[{\"@type\":\"ListItem\",\"position\":1,\"name\":\"Home\",\"item\":\"https:\\\/\\\/www.walraven.com\\\/pl\\\/\"},{\"@type\":\"ListItem\",\"position\":2,\"name\":\"Praca w Walraven. Obs\u0142uga klienta, dzia\u0142 techniczny, magazyn\"}]},{\"@type\":\"WebSite\",\"@id\":\"https:\\\/\\\/www.walraven.com\\\/pl\\\/#website\",\"url\":\"https:\\\/\\\/www.walraven.com\\\/pl\\\/\",\"name\":\"Producent Walraven Polska\",\"description\":\"\",\"publisher\":{\"@id\":\"https:\\\/\\\/www.walraven.com\\\/pl\\\/#organization\"},\"potentialAction\":[{\"@type\":\"SearchAction\",\"target\":{\"@type\":\"EntryPoint\",\"urlTemplate\":\"https:\\\/\\\/www.walraven.com\\\/pl\\\/?s={search_term_string}\"},\"query-input\":{\"@type\":\"PropertyValueSpecification\",\"valueRequired\":true,\"valueName\":\"search_term_string\"}}],\"inLanguage\":\"pl-PL\"},{\"@type\":\"Organization\",\"@id\":\"https:\\\/\\\/www.walraven.com\\\/pl\\\/#organization\",\"name\":\"Walraven Sp. z o.o.\",\"alternateName\":\"Walraven Sp. z o.o.\",\"url\":\"https:\\\/\\\/www.walraven.com\\\/pl\\\/\",\"logo\":{\"@type\":\"ImageObject\",\"inLanguage\":\"pl-PL\",\"@id\":\"https:\\\/\\\/www.walraven.com\\\/pl\\\/#\\\/schema\\\/logo\\\/image\\\/\",\"url\":\"https:\\\/\\\/www.walraven.com\\\/pl\\\/wp-content\\\/uploads\\\/sites\\\/8\\\/2023\\\/12\\\/Walraven_logo300x300.jpg\",\"contentUrl\":\"https:\\\/\\\/www.walraven.com\\\/pl\\\/wp-content\\\/uploads\\\/sites\\\/8\\\/2023\\\/12\\\/Walraven_logo300x300.jpg\",\"width\":300,\"height\":300,\"caption\":\"Walraven Sp. z o.o.\"},\"image\":{\"@id\":\"https:\\\/\\\/www.walraven.com\\\/pl\\\/#\\\/schema\\\/logo\\\/image\\\/\"},\"sameAs\":[\"https:\\\/\\\/www.facebook.com\\\/Walraven-PL-134115383938171\\\/\",\"https:\\\/\\\/www.youtube.com\\\/user\\\/WalravenPLD\",\"https:\\\/\\\/www.linkedin.com\\\/company\\\/7157706\\\/\",\"https:\\\/\\\/www.instagram.com\\\/walraven_pl\\\/\"]},{\"@type\":\"Person\",\"@id\":\"https:\\\/\\\/www.walraven.com\\\/pl\\\/#\\\/schema\\\/person\\\/c9ef2ca5675a244efd13c954c616b7eb\",\"name\":\"monikadzien\",\"image\":{\"@type\":\"ImageObject\",\"inLanguage\":\"pl-PL\",\"@id\":\"https:\\\/\\\/secure.gravatar.com\\\/avatar\\\/36f80252ec9d403595d6c068125edbb769116dedc798aa4c8b83e4a0bf1266fa?s=96&d=mm&r=g\",\"url\":\"https:\\\/\\\/secure.gravatar.com\\\/avatar\\\/36f80252ec9d403595d6c068125edbb769116dedc798aa4c8b83e4a0bf1266fa?s=96&d=mm&r=g\",\"contentUrl\":\"https:\\\/\\\/secure.gravatar.com\\\/avatar\\\/36f80252ec9d403595d6c068125edbb769116dedc798aa4c8b83e4a0bf1266fa?s=96&d=mm&r=g\",\"caption\":\"monikadzien\"}}]}<\/script>\n<!-- \/ Yoast SEO Premium plugin. -->","yoast_head_json":{"title":"Praca w Walraven. Obs\u0142uga klienta, dzia\u0142 techniczny, magazyn - Producent Walraven Polska","robots":{"index":"index","follow":"follow","max-snippet":"max-snippet:-1","max-image-preview":"max-image-preview:large","max-video-preview":"max-video-preview:-1"},"canonical":"https:\/\/www.walraven.com\/pl\/o-walraven\/wiadomosci\/praca-w-walraven-obsluga-klienta-dzial-techniczny-magazyn\/","og_locale":"pl_PL","og_type":"article","og_title":"Praca w Walraven. Obs\u0142uga klienta, dzia\u0142 techniczny, magazyn","og_description":"Klient widzi ofert\u0119, projekt i dostaw\u0119. Nie widzi natomiast, co dzieje si\u0119, by taka oferta czy projekt powsta\u0142, a zam\u00f3wienie zosta\u0142o przygotowane i spakowane. W czerwcu do Walraven Polska do\u0142\u0105czy\u0142o kilkoro nowych pracownik\u00f3w. To \u015bwietna okazja by przybli\u017cy\u0107 proces oczami os\u00f3b, kt\u00f3re r\u00f3wnie\u017c dopiero go pozna\u0142y. Po dw\u00f3ch miesi\u0105cach zapytali\u015bmy Sabin\u0119 z\u00a0zespo\u0142u sprzeda\u017cy wewn\u0119trznej, Emili\u0119 [&hellip;]","og_url":"https:\/\/www.walraven.com\/pl\/o-walraven\/wiadomosci\/praca-w-walraven-obsluga-klienta-dzial-techniczny-magazyn\/","og_site_name":"Producent Walraven Polska","article_publisher":"https:\/\/www.facebook.com\/Walraven-PL-134115383938171\/","article_published_time":"2026-08-18T07:39:25+00:00","article_modified_time":"2026-08-28T07:43:39+00:00","og_image":[{"width":600,"height":400,"url":"https:\/\/www.walraven.com\/pl\/wp-content\/uploads\/sites\/8\/2026\/08\/highlights-29-1.png","type":"image\/png"}],"author":"monikadzien","twitter_card":"summary_large_image","twitter_misc":{"Napisane przez":"monikadzien","Szacowany czas czytania":"5 minut"},"schema":{"@context":"https:\/\/schema.org","@graph":[{"@type":"Article","@id":"https:\/\/www.walraven.com\/pl\/o-walraven\/wiadomosci\/praca-w-walraven-obsluga-klienta-dzial-techniczny-magazyn\/#article","isPartOf":{"@id":"https:\/\/www.walraven.com\/pl\/o-walraven\/wiadomosci\/praca-w-walraven-obsluga-klienta-dzial-techniczny-magazyn\/"},"author":{"name":"monikadzien","@id":"https:\/\/www.walraven.com\/pl\/#\/schema\/person\/c9ef2ca5675a244efd13c954c616b7eb"},"headline":"Praca w Walraven. Obs\u0142uga klienta, dzia\u0142 techniczny, magazyn","datePublished":"2026-08-18T07:39:25+00:00","dateModified":"2026-08-28T07:43:39+00:00","mainEntityOfPage":{"@id":"https:\/\/www.walraven.com\/pl\/o-walraven\/wiadomosci\/praca-w-walraven-obsluga-klienta-dzial-techniczny-magazyn\/"},"wordCount":829,"commentCount":0,"publisher":{"@id":"https:\/\/www.walraven.com\/pl\/#organization"},"image":{"@id":"https:\/\/www.walraven.com\/pl\/o-walraven\/wiadomosci\/praca-w-walraven-obsluga-klienta-dzial-techniczny-magazyn\/#primaryimage"},"thumbnailUrl":"https:\/\/www.walraven.com\/pl\/wp-content\/uploads\/sites\/8\/2026\/08\/highlights-29-1.png","articleSection":["News"],"inLanguage":"pl-PL","potentialAction":[{"@type":"CommentAction","name":"Comment","target":["https:\/\/www.walraven.com\/pl\/o-walraven\/wiadomosci\/praca-w-walraven-obsluga-klienta-dzial-techniczny-magazyn\/#respond"]}]},{"@type":"WebPage","@id":"https:\/\/www.walraven.com\/pl\/o-walraven\/wiadomosci\/praca-w-walraven-obsluga-klienta-dzial-techniczny-magazyn\/","url":"https:\/\/www.walraven.com\/pl\/o-walraven\/wiadomosci\/praca-w-walraven-obsluga-klienta-dzial-techniczny-magazyn\/","name":"Praca w Walraven. Obs\u0142uga klienta, dzia\u0142 techniczny, magazyn - Producent Walraven Polska","isPartOf":{"@id":"https:\/\/www.walraven.com\/pl\/#website"},"primaryImageOfPage":{"@id":"https:\/\/www.walraven.com\/pl\/o-walraven\/wiadomosci\/praca-w-walraven-obsluga-klienta-dzial-techniczny-magazyn\/#primaryimage"},"image":{"@id":"https:\/\/www.walraven.com\/pl\/o-walraven\/wiadomosci\/praca-w-walraven-obsluga-klienta-dzial-techniczny-magazyn\/#primaryimage"},"thumbnailUrl":"https:\/\/www.walraven.com\/pl\/wp-content\/uploads\/sites\/8\/2026\/08\/highlights-29-1.png","datePublished":"2026-08-18T07:39:25+00:00","dateModified":"2026-08-28T07:43:39+00:00","breadcrumb":{"@id":"https:\/\/www.walraven.com\/pl\/o-walraven\/wiadomosci\/praca-w-walraven-obsluga-klienta-dzial-techniczny-magazyn\/#breadcrumb"},"inLanguage":"pl-PL","potentialAction":[{"@type":"ReadAction","target":["https:\/\/www.walraven.com\/pl\/o-walraven\/wiadomosci\/praca-w-walraven-obsluga-klienta-dzial-techniczny-magazyn\/"]}]},{"@type":"ImageObject","inLanguage":"pl-PL","@id":"https:\/\/www.walraven.com\/pl\/o-walraven\/wiadomosci\/praca-w-walraven-obsluga-klienta-dzial-techniczny-magazyn\/#primaryimage","url":"https:\/\/www.walraven.com\/pl\/wp-content\/uploads\/sites\/8\/2026\/08\/highlights-29-1.png","contentUrl":"https:\/\/www.walraven.com\/pl\/wp-content\/uploads\/sites\/8\/2026\/08\/highlights-29-1.png","width":600,"height":400},{"@type":"BreadcrumbList","@id":"https:\/\/www.walraven.com\/pl\/o-walraven\/wiadomosci\/praca-w-walraven-obsluga-klienta-dzial-techniczny-magazyn\/#breadcrumb","itemListElement":[{"@type":"ListItem","position":1,"name":"Home","item":"https:\/\/www.walraven.com\/pl\/"},{"@type":"ListItem","position":2,"name":"Praca w Walraven. Obs\u0142uga klienta, dzia\u0142 techniczny, magazyn"}]},{"@type":"WebSite","@id":"https:\/\/www.walraven.com\/pl\/#website","url":"https:\/\/www.walraven.com\/pl\/","name":"Producent Walraven Polska","description":"","publisher":{"@id":"https:\/\/www.walraven.com\/pl\/#organization"},"potentialAction":[{"@type":"SearchAction","target":{"@type":"EntryPoint","urlTemplate":"https:\/\/www.walraven.com\/pl\/?s={search_term_string}"},"query-input":{"@type":"PropertyValueSpecification","valueRequired":true,"valueName":"search_term_string"}}],"inLanguage":"pl-PL"},{"@type":"Organization","@id":"https:\/\/www.walraven.com\/pl\/#organization","name":"Walraven Sp. z o.o.","alternateName":"Walraven Sp. z o.o.","url":"https:\/\/www.walraven.com\/pl\/","logo":{"@type":"ImageObject","inLanguage":"pl-PL","@id":"https:\/\/www.walraven.com\/pl\/#\/schema\/logo\/image\/","url":"https:\/\/www.walraven.com\/pl\/wp-content\/uploads\/sites\/8\/2023\/12\/Walraven_logo300x300.jpg","contentUrl":"https:\/\/www.walraven.com\/pl\/wp-content\/uploads\/sites\/8\/2023\/12\/Walraven_logo300x300.jpg","width":300,"height":300,"caption":"Walraven Sp. z o.o."},"image":{"@id":"https:\/\/www.walraven.com\/pl\/#\/schema\/logo\/image\/"},"sameAs":["https:\/\/www.facebook.com\/Walraven-PL-134115383938171\/","https:\/\/www.youtube.com\/user\/WalravenPLD","https:\/\/www.linkedin.com\/company\/7157706\/","https:\/\/www.instagram.com\/walraven_pl\/"]},{"@type":"Person","@id":"https:\/\/www.walraven.com\/pl\/#\/schema\/person\/c9ef2ca5675a244efd13c954c616b7eb","name":"monikadzien","image":{"@type":"ImageObject","inLanguage":"pl-PL","@id":"https:\/\/secure.gravatar.com\/avatar\/36f80252ec9d403595d6c068125edbb769116dedc798aa4c8b83e4a0bf1266fa?s=96&d=mm&r=g","url":"https:\/\/secure.gravatar.com\/avatar\/36f80252ec9d403595d6c068125edbb769116dedc798aa4c8b83e4a0bf1266fa?s=96&d=mm&r=g","contentUrl":"https:\/\/secure.gravatar.com\/avatar\/36f80252ec9d403595d6c068125edbb769116dedc798aa4c8b83e4a0bf1266fa?s=96&d=mm&r=g","caption":"monikadzien"}}]}},"_links":{"self":[{"href":"https:\/\/www.walraven.com\/pl\/wp-json\/wp\/v2\/posts\/135742","targetHints":{"allow":["GET"]}}],"collection":[{"href":"https:\/\/www.walraven.com\/pl\/wp-json\/wp\/v2\/posts"}],"about":[{"href":"https:\/\/www.walraven.com\/pl\/wp-json\/wp\/v2\/types\/post"}],"author":[{"embeddable":true,"href":"https:\/\/www.walraven.com\/pl\/wp-json\/wp\/v2\/users\/83"}],"replies":[{"embeddable":true,"href":"https:\/\/www.walraven.com\/pl\/wp-json\/wp\/v2\/comments?post=135742"}],"version-history":[{"count":3,"href":"https:\/\/www.walraven.com\/pl\/wp-json\/wp\/v2\/posts\/135742\/revisions"}],"predecessor-version":[{"id":135749,"href":"https:\/\/www.walraven.com\/pl\/wp-json\/wp\/v2\/posts\/135742\/revisions\/135749"}],"wp:featuredmedia":[{"embeddable":true,"href":"https:\/\/www.walraven.com\/pl\/wp-json\/wp\/v2\/media\/135748"}],"wp:attachment":[{"href":"https:\/\/www.walraven.com\/pl\/wp-json\/wp\/v2\/media?parent=135742"}],"wp:term":[{"taxonomy":"category","embeddable":true,"href":"https:\/\/www.walraven.com\/pl\/wp-json\/wp\/v2\/categories?post=135742"},{"taxonomy":"post_tag","embeddable":true,"href":"https:\/\/www.walraven.com\/pl\/wp-json\/wp\/v2\/tags?post=135742"}],"curies":[{"name":"wp","href":"https:\/\/api.w.org\/{rel}","templated":true}]}}