{"id":135782,"date":"2026-09-04T13:28:37","date_gmt":"2026-09-04T11:28:37","guid":{"rendered":"https:\/\/www.walraven.com\/pl\/?p=135782"},"modified":"2026-09-04T13:28:37","modified_gmt":"2026-09-04T11:28:37","slug":"data-center-nation-w-warszawie","status":"publish","type":"post","link":"https:\/\/www.walraven.com\/pl\/o-walraven\/wiadomosci\/data-center-nation-w-warszawie\/","title":{"rendered":"Data Center Nation w Warszawie"},"content":{"rendered":"<p>Transformacja cyfrowa przyspiesza, a wraz z ni\u0105 ro\u015bnie znaczenie nowoczesnych, niezawodnych i skalowalnych centr\u00f3w danych. To w\u0142a\u015bnie dlatego ju\u017c <strong>7 pa\u017adziernika w Warszawie<\/strong> b\u0119dziemy obecni na jednym z najwa\u017cniejszych wydarze\u0144 bran\u017cowych po\u015bwi\u0119conych infrastrukturze data center \u2013 <strong>Data Center Nation<\/strong>.<\/p>\n<p><a href=\"https:\/\/www.walraven.com\/pl\/wp-content\/uploads\/sites\/8\/2026\/09\/dcn_warsaw_26-soponsorpost.jpg\"><img loading=\"lazy\" decoding=\"async\" class=\"aligncenter size-medium wp-image-135832\" src=\"https:\/\/www.walraven.com\/pl\/wp-content\/uploads\/sites\/8\/2026\/09\/dcn_warsaw_26-soponsorpost-300x300.jpg\" alt=\"\" width=\"300\" height=\"300\" srcset=\"https:\/\/www.walraven.com\/pl\/wp-content\/uploads\/sites\/8\/2026\/09\/dcn_warsaw_26-soponsorpost-300x300.jpg 300w, https:\/\/www.walraven.com\/pl\/wp-content\/uploads\/sites\/8\/2026\/09\/dcn_warsaw_26-soponsorpost-1024x1024.jpg 1024w, https:\/\/www.walraven.com\/pl\/wp-content\/uploads\/sites\/8\/2026\/09\/dcn_warsaw_26-soponsorpost-150x150.jpg 150w, https:\/\/www.walraven.com\/pl\/wp-content\/uploads\/sites\/8\/2026\/09\/dcn_warsaw_26-soponsorpost-768x769.jpg 768w, https:\/\/www.walraven.com\/pl\/wp-content\/uploads\/sites\/8\/2026\/09\/dcn_warsaw_26-soponsorpost-60x60.jpg 60w, https:\/\/www.walraven.com\/pl\/wp-content\/uploads\/sites\/8\/2026\/09\/dcn_warsaw_26-soponsorpost-400x400.jpg 400w, https:\/\/www.walraven.com\/pl\/wp-content\/uploads\/sites\/8\/2026\/09\/dcn_warsaw_26-soponsorpost-305x305.jpg 305w, https:\/\/www.walraven.com\/pl\/wp-content\/uploads\/sites\/8\/2026\/09\/dcn_warsaw_26-soponsorpost-381x381.jpg 381w, https:\/\/www.walraven.com\/pl\/wp-content\/uploads\/sites\/8\/2026\/09\/dcn_warsaw_26-soponsorpost.jpg 1200w\" sizes=\"auto, (max-width: 300px) 100vw, 300px\" \/><\/a><\/p>\n<h2>O Data Center Nation<\/h2>\n<div>\n<p>Data Center Nation to wiod\u0105ca mi\u0119dzynarodowa seria konferencji i targ\u00f3w dedykowana bran\u017cy data center, us\u0142ug chmurowych oraz infrastruktury cyfrowej. Organizatorzy warszawskiej edycji zapowiadaj\u0105 udzia\u0142 ponad 950 os\u00f3b decyzyjnych &#8211; inwestor\u00f3w, operator\u00f3w, projektant\u00f3w i wykonawc\u00f3w &#8211; oraz kilkadziesi\u0105t sesji merytorycznych po\u015bwi\u0119conych projektowaniu, budowie i eksploatacji infrastruktury cyfrowej. To jeden z najwa\u017cniejszych punkt\u00f3w spotka\u0144 rynku data center w Europie \u015arodkowo-Wschodniej, a polski rynek centr\u00f3w danych nale\u017cy dzi\u015b do najszybciej rosn\u0105cych w regionie.<\/p>\n<\/div>\n<h2>Rozwi\u0105zania Walraven dla infrastruktury data center<\/h2>\n<div>\n<p>Nasze systemy mocowa\u0144 i konstrukcji wsporczych znajduj\u0105 zastosowanie w instalacjach mechanicznych, elektrycznych oraz technicznych, pomagaj\u0105c w sprawnej realizacji nawet najbardziej wymagaj\u0105cych projekt\u00f3w. Dzi\u0119ki szerokiemu portfolio produkt\u00f3w i wsparciu technicznemu wspieramy klient\u00f3w na ka\u017cdym etapie inwestycji \u2013 od projektu po wykonanie. Zapoznaj si\u0119 z nasz\u0105 ofert\u0105 <a href=\"https:\/\/www.walraven.com\/pl\/data-center\/\">tutaj<\/a>.<\/p>\n<h2>Spotkajmy si\u0119 na miejscu<\/h2>\n<p>Firm\u0119 Walraven na wydarzeniu reprezentowa\u0107 b\u0119d\u0105 Grzegorz Adamski i Pawe\u0142 Bozna\u0144ski. Zapraszamy do rozmowy. Ch\u0119tnie porozmawiamy o wyzwaniach zwi\u0105zanych z infrastruktur\u0105 data center i o tym, jak rozwi\u0105zania Walraven mog\u0105 wesprze\u0107 Wasz projekt.<\/p>\n<p><strong>Do zobaczenia 7 pa\u017adziernika w Warszawie!<\/strong><\/p>\n<\/div>\n<div><\/div>\n","protected":false},"excerpt":{"rendered":"<p>Transformacja cyfrowa przyspiesza, a wraz z ni\u0105 ro\u015bnie znaczenie nowoczesnych, niezawodnych i skalowalnych centr\u00f3w danych. To w\u0142a\u015bnie dlatego ju\u017c 7 pa\u017adziernika w Warszawie b\u0119dziemy obecni na jednym z najwa\u017cniejszych wydarze\u0144 bran\u017cowych po\u015bwi\u0119conych infrastrukturze data center \u2013 Data Center Nation. O Data Center Nation Data Center Nation to wiod\u0105ca mi\u0119dzynarodowa seria konferencji i targ\u00f3w dedykowana bran\u017cy [&hellip;]<\/p>\n","protected":false},"author":83,"featured_media":135783,"comment_status":"open","ping_status":"open","sticky":false,"template":"","format":"standard","meta":{"_acf_changed":false,"footnotes":""},"categories":[1392],"tags":[],"class_list":["post-135782","post","type-post","status-publish","format-standard","has-post-thumbnail","hentry","category-news"],"acf":[],"yoast_head":"<!-- This site is optimized with the Yoast SEO Premium plugin v28.3 (Yoast SEO v28.3) - https:\/\/yoast.com\/product\/yoast-seo-premium-wordpress\/ -->\n<title>Data Center Nation w Warszawie - Producent Walraven Polska<\/title>\n<meta name=\"robots\" content=\"index, follow, max-snippet:-1, max-image-preview:large, max-video-preview:-1\" \/>\n<link rel=\"canonical\" href=\"https:\/\/www.walraven.com\/pl\/o-walraven\/wiadomosci\/data-center-nation-w-warszawie\/\" \/>\n<meta property=\"og:locale\" content=\"pl_PL\" \/>\n<meta property=\"og:type\" content=\"article\" \/>\n<meta property=\"og:title\" content=\"Data Center Nation w Warszawie\" \/>\n<meta property=\"og:description\" content=\"Transformacja cyfrowa przyspiesza, a wraz z ni\u0105 ro\u015bnie znaczenie nowoczesnych, niezawodnych i skalowalnych centr\u00f3w danych. To w\u0142a\u015bnie dlatego ju\u017c 7 pa\u017adziernika w Warszawie b\u0119dziemy obecni na jednym z najwa\u017cniejszych wydarze\u0144 bran\u017cowych po\u015bwi\u0119conych infrastrukturze data center \u2013 Data Center Nation. O Data Center Nation Data Center Nation to wiod\u0105ca mi\u0119dzynarodowa seria konferencji i targ\u00f3w dedykowana bran\u017cy [&hellip;]\" \/>\n<meta property=\"og:url\" content=\"https:\/\/www.walraven.com\/pl\/o-walraven\/wiadomosci\/data-center-nation-w-warszawie\/\" \/>\n<meta property=\"og:site_name\" content=\"Producent Walraven Polska\" \/>\n<meta property=\"article:publisher\" content=\"https:\/\/www.facebook.com\/Walraven-PL-134115383938171\/\" \/>\n<meta property=\"article:published_time\" content=\"2026-09-04T11:28:37+00:00\" \/>\n<meta property=\"og:image\" content=\"https:\/\/www.walraven.com\/pl\/wp-content\/uploads\/sites\/8\/2026\/09\/highlights-33.png\" \/>\n\t<meta property=\"og:image:width\" content=\"600\" \/>\n\t<meta property=\"og:image:height\" content=\"400\" \/>\n\t<meta property=\"og:image:type\" content=\"image\/png\" \/>\n<meta name=\"author\" content=\"monikadzien\" \/>\n<meta name=\"twitter:card\" content=\"summary_large_image\" \/>\n<meta name=\"twitter:label1\" content=\"Napisane przez\" \/>\n\t<meta name=\"twitter:data1\" content=\"monikadzien\" \/>\n\t<meta name=\"twitter:label2\" content=\"Szacowany czas czytania\" \/>\n\t<meta name=\"twitter:data2\" content=\"2 minuty\" \/>\n<script type=\"application\/ld+json\" class=\"yoast-schema-graph\">{\"@context\":\"https:\\\/\\\/schema.org\",\"@graph\":[{\"@type\":\"Article\",\"@id\":\"https:\\\/\\\/www.walraven.com\\\/pl\\\/o-walraven\\\/wiadomosci\\\/data-center-nation-w-warszawie\\\/#article\",\"isPartOf\":{\"@id\":\"https:\\\/\\\/www.walraven.com\\\/pl\\\/o-walraven\\\/wiadomosci\\\/data-center-nation-w-warszawie\\\/\"},\"author\":{\"name\":\"monikadzien\",\"@id\":\"https:\\\/\\\/www.walraven.com\\\/pl\\\/#\\\/schema\\\/person\\\/c9ef2ca5675a244efd13c954c616b7eb\"},\"headline\":\"Data Center Nation w Warszawie\",\"datePublished\":\"2026-09-04T11:28:37+00:00\",\"mainEntityOfPage\":{\"@id\":\"https:\\\/\\\/www.walraven.com\\\/pl\\\/o-walraven\\\/wiadomosci\\\/data-center-nation-w-warszawie\\\/\"},\"wordCount\":250,\"commentCount\":0,\"publisher\":{\"@id\":\"https:\\\/\\\/www.walraven.com\\\/pl\\\/#organization\"},\"image\":{\"@id\":\"https:\\\/\\\/www.walraven.com\\\/pl\\\/o-walraven\\\/wiadomosci\\\/data-center-nation-w-warszawie\\\/#primaryimage\"},\"thumbnailUrl\":\"https:\\\/\\\/www.walraven.com\\\/pl\\\/wp-content\\\/uploads\\\/sites\\\/8\\\/2026\\\/09\\\/highlights-33.png\",\"articleSection\":[\"News\"],\"inLanguage\":\"pl-PL\",\"potentialAction\":[{\"@type\":\"CommentAction\",\"name\":\"Comment\",\"target\":[\"https:\\\/\\\/www.walraven.com\\\/pl\\\/o-walraven\\\/wiadomosci\\\/data-center-nation-w-warszawie\\\/#respond\"]}]},{\"@type\":\"WebPage\",\"@id\":\"https:\\\/\\\/www.walraven.com\\\/pl\\\/o-walraven\\\/wiadomosci\\\/data-center-nation-w-warszawie\\\/\",\"url\":\"https:\\\/\\\/www.walraven.com\\\/pl\\\/o-walraven\\\/wiadomosci\\\/data-center-nation-w-warszawie\\\/\",\"name\":\"Data Center Nation w Warszawie - Producent Walraven Polska\",\"isPartOf\":{\"@id\":\"https:\\\/\\\/www.walraven.com\\\/pl\\\/#website\"},\"primaryImageOfPage\":{\"@id\":\"https:\\\/\\\/www.walraven.com\\\/pl\\\/o-walraven\\\/wiadomosci\\\/data-center-nation-w-warszawie\\\/#primaryimage\"},\"image\":{\"@id\":\"https:\\\/\\\/www.walraven.com\\\/pl\\\/o-walraven\\\/wiadomosci\\\/data-center-nation-w-warszawie\\\/#primaryimage\"},\"thumbnailUrl\":\"https:\\\/\\\/www.walraven.com\\\/pl\\\/wp-content\\\/uploads\\\/sites\\\/8\\\/2026\\\/09\\\/highlights-33.png\",\"datePublished\":\"2026-09-04T11:28:37+00:00\",\"breadcrumb\":{\"@id\":\"https:\\\/\\\/www.walraven.com\\\/pl\\\/o-walraven\\\/wiadomosci\\\/data-center-nation-w-warszawie\\\/#breadcrumb\"},\"inLanguage\":\"pl-PL\",\"potentialAction\":[{\"@type\":\"ReadAction\",\"target\":[\"https:\\\/\\\/www.walraven.com\\\/pl\\\/o-walraven\\\/wiadomosci\\\/data-center-nation-w-warszawie\\\/\"]}]},{\"@type\":\"ImageObject\",\"inLanguage\":\"pl-PL\",\"@id\":\"https:\\\/\\\/www.walraven.com\\\/pl\\\/o-walraven\\\/wiadomosci\\\/data-center-nation-w-warszawie\\\/#primaryimage\",\"url\":\"https:\\\/\\\/www.walraven.com\\\/pl\\\/wp-content\\\/uploads\\\/sites\\\/8\\\/2026\\\/09\\\/highlights-33.png\",\"contentUrl\":\"https:\\\/\\\/www.walraven.com\\\/pl\\\/wp-content\\\/uploads\\\/sites\\\/8\\\/2026\\\/09\\\/highlights-33.png\",\"width\":600,\"height\":400},{\"@type\":\"BreadcrumbList\",\"@id\":\"https:\\\/\\\/www.walraven.com\\\/pl\\\/o-walraven\\\/wiadomosci\\\/data-center-nation-w-warszawie\\\/#breadcrumb\",\"itemListElement\":[{\"@type\":\"ListItem\",\"position\":1,\"name\":\"Home\",\"item\":\"https:\\\/\\\/www.walraven.com\\\/pl\\\/\"},{\"@type\":\"ListItem\",\"position\":2,\"name\":\"Data Center Nation w Warszawie\"}]},{\"@type\":\"WebSite\",\"@id\":\"https:\\\/\\\/www.walraven.com\\\/pl\\\/#website\",\"url\":\"https:\\\/\\\/www.walraven.com\\\/pl\\\/\",\"name\":\"Producent Walraven Polska\",\"description\":\"\",\"publisher\":{\"@id\":\"https:\\\/\\\/www.walraven.com\\\/pl\\\/#organization\"},\"potentialAction\":[{\"@type\":\"SearchAction\",\"target\":{\"@type\":\"EntryPoint\",\"urlTemplate\":\"https:\\\/\\\/www.walraven.com\\\/pl\\\/?s={search_term_string}\"},\"query-input\":{\"@type\":\"PropertyValueSpecification\",\"valueRequired\":true,\"valueName\":\"search_term_string\"}}],\"inLanguage\":\"pl-PL\"},{\"@type\":\"Organization\",\"@id\":\"https:\\\/\\\/www.walraven.com\\\/pl\\\/#organization\",\"name\":\"Walraven Sp. z o.o.\",\"alternateName\":\"Walraven Sp. z o.o.\",\"url\":\"https:\\\/\\\/www.walraven.com\\\/pl\\\/\",\"logo\":{\"@type\":\"ImageObject\",\"inLanguage\":\"pl-PL\",\"@id\":\"https:\\\/\\\/www.walraven.com\\\/pl\\\/#\\\/schema\\\/logo\\\/image\\\/\",\"url\":\"https:\\\/\\\/www.walraven.com\\\/pl\\\/wp-content\\\/uploads\\\/sites\\\/8\\\/2023\\\/12\\\/Walraven_logo300x300.jpg\",\"contentUrl\":\"https:\\\/\\\/www.walraven.com\\\/pl\\\/wp-content\\\/uploads\\\/sites\\\/8\\\/2023\\\/12\\\/Walraven_logo300x300.jpg\",\"width\":300,\"height\":300,\"caption\":\"Walraven Sp. z o.o.\"},\"image\":{\"@id\":\"https:\\\/\\\/www.walraven.com\\\/pl\\\/#\\\/schema\\\/logo\\\/image\\\/\"},\"sameAs\":[\"https:\\\/\\\/www.facebook.com\\\/Walraven-PL-134115383938171\\\/\",\"https:\\\/\\\/www.youtube.com\\\/user\\\/WalravenPLD\",\"https:\\\/\\\/www.linkedin.com\\\/company\\\/7157706\\\/\",\"https:\\\/\\\/www.instagram.com\\\/walraven_pl\\\/\"]},{\"@type\":\"Person\",\"@id\":\"https:\\\/\\\/www.walraven.com\\\/pl\\\/#\\\/schema\\\/person\\\/c9ef2ca5675a244efd13c954c616b7eb\",\"name\":\"monikadzien\",\"image\":{\"@type\":\"ImageObject\",\"inLanguage\":\"pl-PL\",\"@id\":\"https:\\\/\\\/secure.gravatar.com\\\/avatar\\\/36f80252ec9d403595d6c068125edbb769116dedc798aa4c8b83e4a0bf1266fa?s=96&d=mm&r=g\",\"url\":\"https:\\\/\\\/secure.gravatar.com\\\/avatar\\\/36f80252ec9d403595d6c068125edbb769116dedc798aa4c8b83e4a0bf1266fa?s=96&d=mm&r=g\",\"contentUrl\":\"https:\\\/\\\/secure.gravatar.com\\\/avatar\\\/36f80252ec9d403595d6c068125edbb769116dedc798aa4c8b83e4a0bf1266fa?s=96&d=mm&r=g\",\"caption\":\"monikadzien\"}}]}<\/script>\n<!-- \/ Yoast SEO Premium plugin. -->","yoast_head_json":{"title":"Data Center Nation w Warszawie - Producent Walraven Polska","robots":{"index":"index","follow":"follow","max-snippet":"max-snippet:-1","max-image-preview":"max-image-preview:large","max-video-preview":"max-video-preview:-1"},"canonical":"https:\/\/www.walraven.com\/pl\/o-walraven\/wiadomosci\/data-center-nation-w-warszawie\/","og_locale":"pl_PL","og_type":"article","og_title":"Data Center Nation w Warszawie","og_description":"Transformacja cyfrowa przyspiesza, a wraz z ni\u0105 ro\u015bnie znaczenie nowoczesnych, niezawodnych i skalowalnych centr\u00f3w danych. To w\u0142a\u015bnie dlatego ju\u017c 7 pa\u017adziernika w Warszawie b\u0119dziemy obecni na jednym z najwa\u017cniejszych wydarze\u0144 bran\u017cowych po\u015bwi\u0119conych infrastrukturze data center \u2013 Data Center Nation. O Data Center Nation Data Center Nation to wiod\u0105ca mi\u0119dzynarodowa seria konferencji i targ\u00f3w dedykowana bran\u017cy [&hellip;]","og_url":"https:\/\/www.walraven.com\/pl\/o-walraven\/wiadomosci\/data-center-nation-w-warszawie\/","og_site_name":"Producent Walraven Polska","article_publisher":"https:\/\/www.facebook.com\/Walraven-PL-134115383938171\/","article_published_time":"2026-09-04T11:28:37+00:00","og_image":[{"width":600,"height":400,"url":"https:\/\/www.walraven.com\/pl\/wp-content\/uploads\/sites\/8\/2026\/09\/highlights-33.png","type":"image\/png"}],"author":"monikadzien","twitter_card":"summary_large_image","twitter_misc":{"Napisane przez":"monikadzien","Szacowany czas czytania":"2 minuty"},"schema":{"@context":"https:\/\/schema.org","@graph":[{"@type":"Article","@id":"https:\/\/www.walraven.com\/pl\/o-walraven\/wiadomosci\/data-center-nation-w-warszawie\/#article","isPartOf":{"@id":"https:\/\/www.walraven.com\/pl\/o-walraven\/wiadomosci\/data-center-nation-w-warszawie\/"},"author":{"name":"monikadzien","@id":"https:\/\/www.walraven.com\/pl\/#\/schema\/person\/c9ef2ca5675a244efd13c954c616b7eb"},"headline":"Data Center Nation w Warszawie","datePublished":"2026-09-04T11:28:37+00:00","mainEntityOfPage":{"@id":"https:\/\/www.walraven.com\/pl\/o-walraven\/wiadomosci\/data-center-nation-w-warszawie\/"},"wordCount":250,"commentCount":0,"publisher":{"@id":"https:\/\/www.walraven.com\/pl\/#organization"},"image":{"@id":"https:\/\/www.walraven.com\/pl\/o-walraven\/wiadomosci\/data-center-nation-w-warszawie\/#primaryimage"},"thumbnailUrl":"https:\/\/www.walraven.com\/pl\/wp-content\/uploads\/sites\/8\/2026\/09\/highlights-33.png","articleSection":["News"],"inLanguage":"pl-PL","potentialAction":[{"@type":"CommentAction","name":"Comment","target":["https:\/\/www.walraven.com\/pl\/o-walraven\/wiadomosci\/data-center-nation-w-warszawie\/#respond"]}]},{"@type":"WebPage","@id":"https:\/\/www.walraven.com\/pl\/o-walraven\/wiadomosci\/data-center-nation-w-warszawie\/","url":"https:\/\/www.walraven.com\/pl\/o-walraven\/wiadomosci\/data-center-nation-w-warszawie\/","name":"Data Center Nation w Warszawie - Producent Walraven Polska","isPartOf":{"@id":"https:\/\/www.walraven.com\/pl\/#website"},"primaryImageOfPage":{"@id":"https:\/\/www.walraven.com\/pl\/o-walraven\/wiadomosci\/data-center-nation-w-warszawie\/#primaryimage"},"image":{"@id":"https:\/\/www.walraven.com\/pl\/o-walraven\/wiadomosci\/data-center-nation-w-warszawie\/#primaryimage"},"thumbnailUrl":"https:\/\/www.walraven.com\/pl\/wp-content\/uploads\/sites\/8\/2026\/09\/highlights-33.png","datePublished":"2026-09-04T11:28:37+00:00","breadcrumb":{"@id":"https:\/\/www.walraven.com\/pl\/o-walraven\/wiadomosci\/data-center-nation-w-warszawie\/#breadcrumb"},"inLanguage":"pl-PL","potentialAction":[{"@type":"ReadAction","target":["https:\/\/www.walraven.com\/pl\/o-walraven\/wiadomosci\/data-center-nation-w-warszawie\/"]}]},{"@type":"ImageObject","inLanguage":"pl-PL","@id":"https:\/\/www.walraven.com\/pl\/o-walraven\/wiadomosci\/data-center-nation-w-warszawie\/#primaryimage","url":"https:\/\/www.walraven.com\/pl\/wp-content\/uploads\/sites\/8\/2026\/09\/highlights-33.png","contentUrl":"https:\/\/www.walraven.com\/pl\/wp-content\/uploads\/sites\/8\/2026\/09\/highlights-33.png","width":600,"height":400},{"@type":"BreadcrumbList","@id":"https:\/\/www.walraven.com\/pl\/o-walraven\/wiadomosci\/data-center-nation-w-warszawie\/#breadcrumb","itemListElement":[{"@type":"ListItem","position":1,"name":"Home","item":"https:\/\/www.walraven.com\/pl\/"},{"@type":"ListItem","position":2,"name":"Data Center Nation w Warszawie"}]},{"@type":"WebSite","@id":"https:\/\/www.walraven.com\/pl\/#website","url":"https:\/\/www.walraven.com\/pl\/","name":"Producent Walraven Polska","description":"","publisher":{"@id":"https:\/\/www.walraven.com\/pl\/#organization"},"potentialAction":[{"@type":"SearchAction","target":{"@type":"EntryPoint","urlTemplate":"https:\/\/www.walraven.com\/pl\/?s={search_term_string}"},"query-input":{"@type":"PropertyValueSpecification","valueRequired":true,"valueName":"search_term_string"}}],"inLanguage":"pl-PL"},{"@type":"Organization","@id":"https:\/\/www.walraven.com\/pl\/#organization","name":"Walraven Sp. z o.o.","alternateName":"Walraven Sp. z o.o.","url":"https:\/\/www.walraven.com\/pl\/","logo":{"@type":"ImageObject","inLanguage":"pl-PL","@id":"https:\/\/www.walraven.com\/pl\/#\/schema\/logo\/image\/","url":"https:\/\/www.walraven.com\/pl\/wp-content\/uploads\/sites\/8\/2023\/12\/Walraven_logo300x300.jpg","contentUrl":"https:\/\/www.walraven.com\/pl\/wp-content\/uploads\/sites\/8\/2023\/12\/Walraven_logo300x300.jpg","width":300,"height":300,"caption":"Walraven Sp. z o.o."},"image":{"@id":"https:\/\/www.walraven.com\/pl\/#\/schema\/logo\/image\/"},"sameAs":["https:\/\/www.facebook.com\/Walraven-PL-134115383938171\/","https:\/\/www.youtube.com\/user\/WalravenPLD","https:\/\/www.linkedin.com\/company\/7157706\/","https:\/\/www.instagram.com\/walraven_pl\/"]},{"@type":"Person","@id":"https:\/\/www.walraven.com\/pl\/#\/schema\/person\/c9ef2ca5675a244efd13c954c616b7eb","name":"monikadzien","image":{"@type":"ImageObject","inLanguage":"pl-PL","@id":"https:\/\/secure.gravatar.com\/avatar\/36f80252ec9d403595d6c068125edbb769116dedc798aa4c8b83e4a0bf1266fa?s=96&d=mm&r=g","url":"https:\/\/secure.gravatar.com\/avatar\/36f80252ec9d403595d6c068125edbb769116dedc798aa4c8b83e4a0bf1266fa?s=96&d=mm&r=g","contentUrl":"https:\/\/secure.gravatar.com\/avatar\/36f80252ec9d403595d6c068125edbb769116dedc798aa4c8b83e4a0bf1266fa?s=96&d=mm&r=g","caption":"monikadzien"}}]}},"_links":{"self":[{"href":"https:\/\/www.walraven.com\/pl\/wp-json\/wp\/v2\/posts\/135782","targetHints":{"allow":["GET"]}}],"collection":[{"href":"https:\/\/www.walraven.com\/pl\/wp-json\/wp\/v2\/posts"}],"about":[{"href":"https:\/\/www.walraven.com\/pl\/wp-json\/wp\/v2\/types\/post"}],"author":[{"embeddable":true,"href":"https:\/\/www.walraven.com\/pl\/wp-json\/wp\/v2\/users\/83"}],"replies":[{"embeddable":true,"href":"https:\/\/www.walraven.com\/pl\/wp-json\/wp\/v2\/comments?post=135782"}],"version-history":[{"count":2,"href":"https:\/\/www.walraven.com\/pl\/wp-json\/wp\/v2\/posts\/135782\/revisions"}],"predecessor-version":[{"id":135833,"href":"https:\/\/www.walraven.com\/pl\/wp-json\/wp\/v2\/posts\/135782\/revisions\/135833"}],"wp:featuredmedia":[{"embeddable":true,"href":"https:\/\/www.walraven.com\/pl\/wp-json\/wp\/v2\/media\/135783"}],"wp:attachment":[{"href":"https:\/\/www.walraven.com\/pl\/wp-json\/wp\/v2\/media?parent=135782"}],"wp:term":[{"taxonomy":"category","embeddable":true,"href":"https:\/\/www.walraven.com\/pl\/wp-json\/wp\/v2\/categories?post=135782"},{"taxonomy":"post_tag","embeddable":true,"href":"https:\/\/www.walraven.com\/pl\/wp-json\/wp\/v2\/tags?post=135782"}],"curies":[{"name":"wp","href":"https:\/\/api.w.org\/{rel}","templated":true}]}}