{"id":38252,"date":"2017-02-22T09:30:42","date_gmt":"2017-02-22T08:30:42","guid":{"rendered":"https:\/\/www.walraven.com\/pl\/?p=38252"},"modified":"2018-05-29T12:01:04","modified_gmt":"2018-05-29T10:01:04","slug":"walraven-targi-ish-2017","status":"publish","type":"post","link":"https:\/\/www.walraven.com\/pl\/o-walraven\/wiadomosci\/walraven-targi-ish-2017\/","title":{"rendered":"Targi ISH 2017"},"content":{"rendered":"<h3>Przedstawiamy Walraven w nowym \u015bwietle &#8211; Targi ISH 2017<img loading=\"lazy\" decoding=\"async\" class=\"alignright wp-image-38657 size-medium\" src=\"https:\/\/www.walraven.com\/wp-content\/uploads\/sites\/8\/2017\/02\/Stand_ISH_DE-300x228.jpg\" alt=\"targi-ish-2017\" width=\"300\" height=\"228\" srcset=\"https:\/\/www.walraven.com\/pl\/wp-content\/uploads\/sites\/8\/2017\/02\/Stand_ISH_DE-300x228.jpg 300w, https:\/\/www.walraven.com\/pl\/wp-content\/uploads\/sites\/8\/2017\/02\/Stand_ISH_DE.jpg 312w\" sizes=\"auto, (max-width: 300px) 100vw, 300px\" \/><\/h3>\n<p>Tegoroczne stoisko Walraven na <strong>Mi\u0119dzynarodowych Targach ISH we Frankfurcie<\/strong> to co\u015b wi\u0119cej ni\u017c nowy koncept \u2013 to przedstawienie naszych rozwi\u0105za\u0144 produktowych i us\u0142ug w zupe\u0142nie nowym \u015bwietle. Nasze zmodernizowane stoisko przedstawia pe\u0142n\u0105 ofert\u0119 Walraven zar\u00f3wno jako partnera w sprzeda\u017cy na rynku instalacyjnym, jak r\u00f3wnie\u017c do\u015bwiadczonego eksperta w projektach na placu budowy.<\/p>\n<p>Walraven posiada ugruntowan\u0105 pozycj\u0119 na rynku sprzeda\u017cy materia\u0142\u00f3w instalacyjnych, jednak nowe podej\u015bcie zak\u0142ada r\u00f3wnie\u017c rozwijanie naszej wsp\u00f3\u0142pracy z biurami projektowymi oraz wspieranie wi\u0119kszych firm instalacyjnych na placu budowy.<\/p>\n<p>Naszym g\u0142\u00f3wnym celem jest przedstawienie naszych mo\u017cliwo\u015bci i nowych rozwi\u0105za\u0144 w zakresie mocowa\u0144 instalacji, zwi\u0105zanych z przemys\u0142em ci\u0119\u017ckim, czy maszynowym oraz nasze mo\u017cliwo\u015bci wsp\u00f3\u0142pracy w tym zakresie z biurami projektowymi oraz wykonawcami.<\/p>\n<p>W tegorocznej edycji Targ\u00f3w ISH Walraven przedstawi now\u0105 ofert\u0119 kotew chemicznych oraz mechanicznych, kt\u00f3re pojawi\u0142y si\u0119 w naszej ofercie. Dodatkowo\u00a0przedstawimy program do kalkulacji doboru kotew, kt\u00f3ry pomo\u017ce Ci znale\u017a\u0107 najlepsze kotwy\u00a0dla Twojej <img loading=\"lazy\" decoding=\"async\" class=\"alignright wp-image-38656 size-medium\" src=\"https:\/\/www.walraven.com\/wp-content\/uploads\/sites\/8\/2017\/02\/Pluggen-381x381-300x300.jpg\" alt=\"kotwienie-targi-ish\" width=\"300\" height=\"300\" srcset=\"https:\/\/www.walraven.com\/pl\/wp-content\/uploads\/sites\/8\/2017\/02\/Pluggen-381x381-300x300.jpg 300w, https:\/\/www.walraven.com\/pl\/wp-content\/uploads\/sites\/8\/2017\/02\/Pluggen-381x381-150x150.jpg 150w, https:\/\/www.walraven.com\/pl\/wp-content\/uploads\/sites\/8\/2017\/02\/Pluggen-381x381-60x60.jpg 60w, https:\/\/www.walraven.com\/pl\/wp-content\/uploads\/sites\/8\/2017\/02\/Pluggen-381x381-305x305.jpg 305w, https:\/\/www.walraven.com\/pl\/wp-content\/uploads\/sites\/8\/2017\/02\/Pluggen-381x381.jpg 381w\" sizes=\"auto, (max-width: 300px) 100vw, 300px\" \/>instalacji.\u00a0Oferuje on prawid\u0142owe rozwi\u0105zania mocowania jak r\u00f3wnie\u017c doradztwo w zakresie komplementarnych produkt\u00f3w Walraven, takich jak nasze szyny RapidStrut\u00ae i RapidRail\u00ae, wsporniki, pr\u0119ty gwintowane czy konsole \u015bcienne.<\/p>\n<p>Innowacyjne systemy mocowa\u0144, zabezpieczenia po\u017carowe oraz systemy sanitarne sk\u0142adaj\u0105 si\u0119 na podstaw\u0119 sukces\u00f3w firmy Walraven od 75 lat. Nowe stoisko na <strong>targach ISH 2017 we Frankfurcie<\/strong> jest odzwierciedleniem nowej strategii Walraven. Has\u0142o <em>\u201eThe value of smart\u201d<\/em> obejmuje innowacyjne i genialnie proste rozwi\u0105zania produkt\u00f3w systemowych, jak r\u00f3wnie\u017c wiedz\u0119 techniczn\u0105 oraz wsparcie, kt\u00f3re wyr\u00f3\u017cnia nas na rynku instalacyjnym. Nowa koncepcja stoiska, wraz z pe\u0142n\u0105 ofert\u0105 produkt\u00f3w Walraven, odzwierciedla i obrazuje przekaz\u00a0zawarty w ha\u015ble <em>\u201eThe value of smart\u201d<\/em>.<\/p>\n<p><a href=\"https:\/\/ish.messefrankfurt.com\/frankfurt\/en\/besucher\/willkommen.html?nc\" target=\"_blank\" rel=\"noopener\">Oficjalna strona targ\u00f3w ISH we Frankfurcie.<\/a><\/p>\n","protected":false},"excerpt":{"rendered":"<p>Przedstawiamy Walraven w nowym \u015bwietle &#8211; Targi ISH 2017 Tegoroczne stoisko Walraven na Mi\u0119dzynarodowych Targach ISH we Frankfurcie to co\u015b wi\u0119cej ni\u017c nowy koncept \u2013 to przedstawienie naszych rozwi\u0105za\u0144 produktowych i us\u0142ug w zupe\u0142nie nowym \u015bwietle. Nasze zmodernizowane stoisko przedstawia pe\u0142n\u0105 ofert\u0119 Walraven zar\u00f3wno jako partnera w sprzeda\u017cy na rynku instalacyjnym, jak r\u00f3wnie\u017c do\u015bwiadczonego eksperta [&hellip;]<\/p>\n","protected":false},"author":15,"featured_media":38660,"comment_status":"open","ping_status":"open","sticky":false,"template":"","format":"standard","meta":{"_acf_changed":false,"footnotes":""},"categories":[1],"tags":[],"class_list":["post-38252","post","type-post","status-publish","format-standard","has-post-thumbnail","hentry","category-geen-categorie"],"acf":[],"yoast_head":"<!-- This site is optimized with the Yoast SEO Premium plugin v27.5 (Yoast SEO v27.5) - https:\/\/yoast.com\/product\/yoast-seo-premium-wordpress\/ -->\n<title>Targi ISH 2017 - Producent Walraven Polska<\/title>\n<meta name=\"description\" content=\"Targi ISH 2017 we Frankfurcie pozwol\u0105 Ci pozna\u0107 bogata ofert\u0119 system\u00f3w instalacji dla du\u017cych i ma\u0142ych firm budowlanych. Odwied\u017a nasze stoisko!\" \/>\n<meta name=\"robots\" content=\"index, follow, max-snippet:-1, max-image-preview:large, max-video-preview:-1\" \/>\n<link rel=\"canonical\" href=\"https:\/\/www.walraven.com\/pl\/o-walraven\/wiadomosci\/walraven-targi-ish-2017\/\" \/>\n<meta property=\"og:locale\" content=\"pl_PL\" \/>\n<meta property=\"og:type\" content=\"article\" \/>\n<meta property=\"og:title\" content=\"Targi ISH 2017\" \/>\n<meta property=\"og:description\" content=\"Targi ISH 2017 we Frankfurcie pozwol\u0105 Ci pozna\u0107 bogata ofert\u0119 system\u00f3w instalacji dla du\u017cych i ma\u0142ych firm budowlanych. Odwied\u017a nasze stoisko!\" \/>\n<meta property=\"og:url\" content=\"https:\/\/www.walraven.com\/pl\/o-walraven\/wiadomosci\/walraven-targi-ish-2017\/\" \/>\n<meta property=\"og:site_name\" content=\"Producent Walraven Polska\" \/>\n<meta property=\"article:publisher\" content=\"https:\/\/www.facebook.com\/Walraven-PL-134115383938171\/\" \/>\n<meta property=\"article:published_time\" content=\"2017-02-22T08:30:42+00:00\" \/>\n<meta property=\"article:modified_time\" content=\"2018-05-29T10:01:04+00:00\" \/>\n<meta property=\"og:image\" content=\"https:\/\/www.walraven.com\/pl\/wp-content\/uploads\/sites\/8\/2016\/11\/ish_post.jpg\" \/>\n\t<meta property=\"og:image:width\" content=\"480\" \/>\n\t<meta property=\"og:image:height\" content=\"325\" \/>\n\t<meta property=\"og:image:type\" content=\"image\/jpeg\" \/>\n<meta name=\"author\" content=\"dominika.szpieg\" \/>\n<meta name=\"twitter:card\" content=\"summary_large_image\" \/>\n<meta name=\"twitter:label1\" content=\"Napisane przez\" \/>\n\t<meta name=\"twitter:data1\" content=\"dominika.szpieg\" \/>\n\t<meta name=\"twitter:label2\" content=\"Szacowany czas czytania\" \/>\n\t<meta name=\"twitter:data2\" content=\"2 minuty\" \/>\n<script type=\"application\/ld+json\" class=\"yoast-schema-graph\">{\"@context\":\"https:\\\/\\\/schema.org\",\"@graph\":[{\"@type\":\"Article\",\"@id\":\"https:\\\/\\\/www.walraven.com\\\/pl\\\/o-walraven\\\/wiadomosci\\\/walraven-targi-ish-2017\\\/#article\",\"isPartOf\":{\"@id\":\"https:\\\/\\\/www.walraven.com\\\/pl\\\/o-walraven\\\/wiadomosci\\\/walraven-targi-ish-2017\\\/\"},\"author\":{\"name\":\"dominika.szpieg\",\"@id\":\"https:\\\/\\\/www.walraven.com\\\/pl\\\/#\\\/schema\\\/person\\\/9207d4357677f41ca3d2f35379533df7\"},\"headline\":\"Targi ISH 2017\",\"datePublished\":\"2017-02-22T08:30:42+00:00\",\"dateModified\":\"2018-05-29T10:01:04+00:00\",\"mainEntityOfPage\":{\"@id\":\"https:\\\/\\\/www.walraven.com\\\/pl\\\/o-walraven\\\/wiadomosci\\\/walraven-targi-ish-2017\\\/\"},\"wordCount\":311,\"commentCount\":0,\"publisher\":{\"@id\":\"https:\\\/\\\/www.walraven.com\\\/pl\\\/#organization\"},\"image\":{\"@id\":\"https:\\\/\\\/www.walraven.com\\\/pl\\\/o-walraven\\\/wiadomosci\\\/walraven-targi-ish-2017\\\/#primaryimage\"},\"thumbnailUrl\":\"https:\\\/\\\/www.walraven.com\\\/pl\\\/wp-content\\\/uploads\\\/sites\\\/8\\\/2016\\\/11\\\/ish_post.jpg\",\"articleSection\":[\"Geen categorie\"],\"inLanguage\":\"pl-PL\",\"potentialAction\":[{\"@type\":\"CommentAction\",\"name\":\"Comment\",\"target\":[\"https:\\\/\\\/www.walraven.com\\\/pl\\\/o-walraven\\\/wiadomosci\\\/walraven-targi-ish-2017\\\/#respond\"]}]},{\"@type\":\"WebPage\",\"@id\":\"https:\\\/\\\/www.walraven.com\\\/pl\\\/o-walraven\\\/wiadomosci\\\/walraven-targi-ish-2017\\\/\",\"url\":\"https:\\\/\\\/www.walraven.com\\\/pl\\\/o-walraven\\\/wiadomosci\\\/walraven-targi-ish-2017\\\/\",\"name\":\"Targi ISH 2017 - Producent Walraven Polska\",\"isPartOf\":{\"@id\":\"https:\\\/\\\/www.walraven.com\\\/pl\\\/#website\"},\"primaryImageOfPage\":{\"@id\":\"https:\\\/\\\/www.walraven.com\\\/pl\\\/o-walraven\\\/wiadomosci\\\/walraven-targi-ish-2017\\\/#primaryimage\"},\"image\":{\"@id\":\"https:\\\/\\\/www.walraven.com\\\/pl\\\/o-walraven\\\/wiadomosci\\\/walraven-targi-ish-2017\\\/#primaryimage\"},\"thumbnailUrl\":\"https:\\\/\\\/www.walraven.com\\\/pl\\\/wp-content\\\/uploads\\\/sites\\\/8\\\/2016\\\/11\\\/ish_post.jpg\",\"datePublished\":\"2017-02-22T08:30:42+00:00\",\"dateModified\":\"2018-05-29T10:01:04+00:00\",\"description\":\"Targi ISH 2017 we Frankfurcie pozwol\u0105 Ci pozna\u0107 bogata ofert\u0119 system\u00f3w instalacji dla du\u017cych i ma\u0142ych firm budowlanych. Odwied\u017a nasze stoisko!\",\"breadcrumb\":{\"@id\":\"https:\\\/\\\/www.walraven.com\\\/pl\\\/o-walraven\\\/wiadomosci\\\/walraven-targi-ish-2017\\\/#breadcrumb\"},\"inLanguage\":\"pl-PL\",\"potentialAction\":[{\"@type\":\"ReadAction\",\"target\":[\"https:\\\/\\\/www.walraven.com\\\/pl\\\/o-walraven\\\/wiadomosci\\\/walraven-targi-ish-2017\\\/\"]}]},{\"@type\":\"ImageObject\",\"inLanguage\":\"pl-PL\",\"@id\":\"https:\\\/\\\/www.walraven.com\\\/pl\\\/o-walraven\\\/wiadomosci\\\/walraven-targi-ish-2017\\\/#primaryimage\",\"url\":\"https:\\\/\\\/www.walraven.com\\\/pl\\\/wp-content\\\/uploads\\\/sites\\\/8\\\/2016\\\/11\\\/ish_post.jpg\",\"contentUrl\":\"https:\\\/\\\/www.walraven.com\\\/pl\\\/wp-content\\\/uploads\\\/sites\\\/8\\\/2016\\\/11\\\/ish_post.jpg\",\"width\":480,\"height\":325,\"caption\":\"targi-ish-2017-walraven\"},{\"@type\":\"BreadcrumbList\",\"@id\":\"https:\\\/\\\/www.walraven.com\\\/pl\\\/o-walraven\\\/wiadomosci\\\/walraven-targi-ish-2017\\\/#breadcrumb\",\"itemListElement\":[{\"@type\":\"ListItem\",\"position\":1,\"name\":\"Home\",\"item\":\"https:\\\/\\\/www.walraven.com\\\/pl\\\/\"},{\"@type\":\"ListItem\",\"position\":2,\"name\":\"Targi ISH 2017\"}]},{\"@type\":\"WebSite\",\"@id\":\"https:\\\/\\\/www.walraven.com\\\/pl\\\/#website\",\"url\":\"https:\\\/\\\/www.walraven.com\\\/pl\\\/\",\"name\":\"Producent Walraven Polska\",\"description\":\"\",\"publisher\":{\"@id\":\"https:\\\/\\\/www.walraven.com\\\/pl\\\/#organization\"},\"potentialAction\":[{\"@type\":\"SearchAction\",\"target\":{\"@type\":\"EntryPoint\",\"urlTemplate\":\"https:\\\/\\\/www.walraven.com\\\/pl\\\/?s={search_term_string}\"},\"query-input\":{\"@type\":\"PropertyValueSpecification\",\"valueRequired\":true,\"valueName\":\"search_term_string\"}}],\"inLanguage\":\"pl-PL\"},{\"@type\":\"Organization\",\"@id\":\"https:\\\/\\\/www.walraven.com\\\/pl\\\/#organization\",\"name\":\"Walraven Sp. z o.o.\",\"alternateName\":\"Walraven Sp. z o.o.\",\"url\":\"https:\\\/\\\/www.walraven.com\\\/pl\\\/\",\"logo\":{\"@type\":\"ImageObject\",\"inLanguage\":\"pl-PL\",\"@id\":\"https:\\\/\\\/www.walraven.com\\\/pl\\\/#\\\/schema\\\/logo\\\/image\\\/\",\"url\":\"https:\\\/\\\/www.walraven.com\\\/pl\\\/wp-content\\\/uploads\\\/sites\\\/8\\\/2023\\\/12\\\/Walraven_logo300x300.jpg\",\"contentUrl\":\"https:\\\/\\\/www.walraven.com\\\/pl\\\/wp-content\\\/uploads\\\/sites\\\/8\\\/2023\\\/12\\\/Walraven_logo300x300.jpg\",\"width\":300,\"height\":300,\"caption\":\"Walraven Sp. z o.o.\"},\"image\":{\"@id\":\"https:\\\/\\\/www.walraven.com\\\/pl\\\/#\\\/schema\\\/logo\\\/image\\\/\"},\"sameAs\":[\"https:\\\/\\\/www.facebook.com\\\/Walraven-PL-134115383938171\\\/\",\"https:\\\/\\\/www.youtube.com\\\/user\\\/WalravenPLD\",\"https:\\\/\\\/www.linkedin.com\\\/company\\\/7157706\\\/\",\"https:\\\/\\\/www.instagram.com\\\/walraven_pl\\\/\"]},{\"@type\":\"Person\",\"@id\":\"https:\\\/\\\/www.walraven.com\\\/pl\\\/#\\\/schema\\\/person\\\/9207d4357677f41ca3d2f35379533df7\",\"name\":\"dominika.szpieg\",\"image\":{\"@type\":\"ImageObject\",\"inLanguage\":\"pl-PL\",\"@id\":\"https:\\\/\\\/secure.gravatar.com\\\/avatar\\\/6f11156117b783cef68830e70c3084688f0efac2e61805244ffe260ded169292?s=96&d=mm&r=g\",\"url\":\"https:\\\/\\\/secure.gravatar.com\\\/avatar\\\/6f11156117b783cef68830e70c3084688f0efac2e61805244ffe260ded169292?s=96&d=mm&r=g\",\"contentUrl\":\"https:\\\/\\\/secure.gravatar.com\\\/avatar\\\/6f11156117b783cef68830e70c3084688f0efac2e61805244ffe260ded169292?s=96&d=mm&r=g\",\"caption\":\"dominika.szpieg\"}}]}<\/script>\n<!-- \/ Yoast SEO Premium plugin. -->","yoast_head_json":{"title":"Targi ISH 2017 - Producent Walraven Polska","description":"Targi ISH 2017 we Frankfurcie pozwol\u0105 Ci pozna\u0107 bogata ofert\u0119 system\u00f3w instalacji dla du\u017cych i ma\u0142ych firm budowlanych. Odwied\u017a nasze stoisko!","robots":{"index":"index","follow":"follow","max-snippet":"max-snippet:-1","max-image-preview":"max-image-preview:large","max-video-preview":"max-video-preview:-1"},"canonical":"https:\/\/www.walraven.com\/pl\/o-walraven\/wiadomosci\/walraven-targi-ish-2017\/","og_locale":"pl_PL","og_type":"article","og_title":"Targi ISH 2017","og_description":"Targi ISH 2017 we Frankfurcie pozwol\u0105 Ci pozna\u0107 bogata ofert\u0119 system\u00f3w instalacji dla du\u017cych i ma\u0142ych firm budowlanych. Odwied\u017a nasze stoisko!","og_url":"https:\/\/www.walraven.com\/pl\/o-walraven\/wiadomosci\/walraven-targi-ish-2017\/","og_site_name":"Producent Walraven Polska","article_publisher":"https:\/\/www.facebook.com\/Walraven-PL-134115383938171\/","article_published_time":"2017-02-22T08:30:42+00:00","article_modified_time":"2018-05-29T10:01:04+00:00","og_image":[{"width":480,"height":325,"url":"https:\/\/www.walraven.com\/pl\/wp-content\/uploads\/sites\/8\/2016\/11\/ish_post.jpg","type":"image\/jpeg"}],"author":"dominika.szpieg","twitter_card":"summary_large_image","twitter_misc":{"Napisane przez":"dominika.szpieg","Szacowany czas czytania":"2 minuty"},"schema":{"@context":"https:\/\/schema.org","@graph":[{"@type":"Article","@id":"https:\/\/www.walraven.com\/pl\/o-walraven\/wiadomosci\/walraven-targi-ish-2017\/#article","isPartOf":{"@id":"https:\/\/www.walraven.com\/pl\/o-walraven\/wiadomosci\/walraven-targi-ish-2017\/"},"author":{"name":"dominika.szpieg","@id":"https:\/\/www.walraven.com\/pl\/#\/schema\/person\/9207d4357677f41ca3d2f35379533df7"},"headline":"Targi ISH 2017","datePublished":"2017-02-22T08:30:42+00:00","dateModified":"2018-05-29T10:01:04+00:00","mainEntityOfPage":{"@id":"https:\/\/www.walraven.com\/pl\/o-walraven\/wiadomosci\/walraven-targi-ish-2017\/"},"wordCount":311,"commentCount":0,"publisher":{"@id":"https:\/\/www.walraven.com\/pl\/#organization"},"image":{"@id":"https:\/\/www.walraven.com\/pl\/o-walraven\/wiadomosci\/walraven-targi-ish-2017\/#primaryimage"},"thumbnailUrl":"https:\/\/www.walraven.com\/pl\/wp-content\/uploads\/sites\/8\/2016\/11\/ish_post.jpg","articleSection":["Geen categorie"],"inLanguage":"pl-PL","potentialAction":[{"@type":"CommentAction","name":"Comment","target":["https:\/\/www.walraven.com\/pl\/o-walraven\/wiadomosci\/walraven-targi-ish-2017\/#respond"]}]},{"@type":"WebPage","@id":"https:\/\/www.walraven.com\/pl\/o-walraven\/wiadomosci\/walraven-targi-ish-2017\/","url":"https:\/\/www.walraven.com\/pl\/o-walraven\/wiadomosci\/walraven-targi-ish-2017\/","name":"Targi ISH 2017 - Producent Walraven Polska","isPartOf":{"@id":"https:\/\/www.walraven.com\/pl\/#website"},"primaryImageOfPage":{"@id":"https:\/\/www.walraven.com\/pl\/o-walraven\/wiadomosci\/walraven-targi-ish-2017\/#primaryimage"},"image":{"@id":"https:\/\/www.walraven.com\/pl\/o-walraven\/wiadomosci\/walraven-targi-ish-2017\/#primaryimage"},"thumbnailUrl":"https:\/\/www.walraven.com\/pl\/wp-content\/uploads\/sites\/8\/2016\/11\/ish_post.jpg","datePublished":"2017-02-22T08:30:42+00:00","dateModified":"2018-05-29T10:01:04+00:00","description":"Targi ISH 2017 we Frankfurcie pozwol\u0105 Ci pozna\u0107 bogata ofert\u0119 system\u00f3w instalacji dla du\u017cych i ma\u0142ych firm budowlanych. Odwied\u017a nasze stoisko!","breadcrumb":{"@id":"https:\/\/www.walraven.com\/pl\/o-walraven\/wiadomosci\/walraven-targi-ish-2017\/#breadcrumb"},"inLanguage":"pl-PL","potentialAction":[{"@type":"ReadAction","target":["https:\/\/www.walraven.com\/pl\/o-walraven\/wiadomosci\/walraven-targi-ish-2017\/"]}]},{"@type":"ImageObject","inLanguage":"pl-PL","@id":"https:\/\/www.walraven.com\/pl\/o-walraven\/wiadomosci\/walraven-targi-ish-2017\/#primaryimage","url":"https:\/\/www.walraven.com\/pl\/wp-content\/uploads\/sites\/8\/2016\/11\/ish_post.jpg","contentUrl":"https:\/\/www.walraven.com\/pl\/wp-content\/uploads\/sites\/8\/2016\/11\/ish_post.jpg","width":480,"height":325,"caption":"targi-ish-2017-walraven"},{"@type":"BreadcrumbList","@id":"https:\/\/www.walraven.com\/pl\/o-walraven\/wiadomosci\/walraven-targi-ish-2017\/#breadcrumb","itemListElement":[{"@type":"ListItem","position":1,"name":"Home","item":"https:\/\/www.walraven.com\/pl\/"},{"@type":"ListItem","position":2,"name":"Targi ISH 2017"}]},{"@type":"WebSite","@id":"https:\/\/www.walraven.com\/pl\/#website","url":"https:\/\/www.walraven.com\/pl\/","name":"Producent Walraven Polska","description":"","publisher":{"@id":"https:\/\/www.walraven.com\/pl\/#organization"},"potentialAction":[{"@type":"SearchAction","target":{"@type":"EntryPoint","urlTemplate":"https:\/\/www.walraven.com\/pl\/?s={search_term_string}"},"query-input":{"@type":"PropertyValueSpecification","valueRequired":true,"valueName":"search_term_string"}}],"inLanguage":"pl-PL"},{"@type":"Organization","@id":"https:\/\/www.walraven.com\/pl\/#organization","name":"Walraven Sp. z o.o.","alternateName":"Walraven Sp. z o.o.","url":"https:\/\/www.walraven.com\/pl\/","logo":{"@type":"ImageObject","inLanguage":"pl-PL","@id":"https:\/\/www.walraven.com\/pl\/#\/schema\/logo\/image\/","url":"https:\/\/www.walraven.com\/pl\/wp-content\/uploads\/sites\/8\/2023\/12\/Walraven_logo300x300.jpg","contentUrl":"https:\/\/www.walraven.com\/pl\/wp-content\/uploads\/sites\/8\/2023\/12\/Walraven_logo300x300.jpg","width":300,"height":300,"caption":"Walraven Sp. z o.o."},"image":{"@id":"https:\/\/www.walraven.com\/pl\/#\/schema\/logo\/image\/"},"sameAs":["https:\/\/www.facebook.com\/Walraven-PL-134115383938171\/","https:\/\/www.youtube.com\/user\/WalravenPLD","https:\/\/www.linkedin.com\/company\/7157706\/","https:\/\/www.instagram.com\/walraven_pl\/"]},{"@type":"Person","@id":"https:\/\/www.walraven.com\/pl\/#\/schema\/person\/9207d4357677f41ca3d2f35379533df7","name":"dominika.szpieg","image":{"@type":"ImageObject","inLanguage":"pl-PL","@id":"https:\/\/secure.gravatar.com\/avatar\/6f11156117b783cef68830e70c3084688f0efac2e61805244ffe260ded169292?s=96&d=mm&r=g","url":"https:\/\/secure.gravatar.com\/avatar\/6f11156117b783cef68830e70c3084688f0efac2e61805244ffe260ded169292?s=96&d=mm&r=g","contentUrl":"https:\/\/secure.gravatar.com\/avatar\/6f11156117b783cef68830e70c3084688f0efac2e61805244ffe260ded169292?s=96&d=mm&r=g","caption":"dominika.szpieg"}}]}},"_links":{"self":[{"href":"https:\/\/www.walraven.com\/pl\/wp-json\/wp\/v2\/posts\/38252","targetHints":{"allow":["GET"]}}],"collection":[{"href":"https:\/\/www.walraven.com\/pl\/wp-json\/wp\/v2\/posts"}],"about":[{"href":"https:\/\/www.walraven.com\/pl\/wp-json\/wp\/v2\/types\/post"}],"author":[{"embeddable":true,"href":"https:\/\/www.walraven.com\/pl\/wp-json\/wp\/v2\/users\/15"}],"replies":[{"embeddable":true,"href":"https:\/\/www.walraven.com\/pl\/wp-json\/wp\/v2\/comments?post=38252"}],"version-history":[{"count":25,"href":"https:\/\/www.walraven.com\/pl\/wp-json\/wp\/v2\/posts\/38252\/revisions"}],"predecessor-version":[{"id":61719,"href":"https:\/\/www.walraven.com\/pl\/wp-json\/wp\/v2\/posts\/38252\/revisions\/61719"}],"wp:featuredmedia":[{"embeddable":true,"href":"https:\/\/www.walraven.com\/pl\/wp-json\/wp\/v2\/media\/38660"}],"wp:attachment":[{"href":"https:\/\/www.walraven.com\/pl\/wp-json\/wp\/v2\/media?parent=38252"}],"wp:term":[{"taxonomy":"category","embeddable":true,"href":"https:\/\/www.walraven.com\/pl\/wp-json\/wp\/v2\/categories?post=38252"},{"taxonomy":"post_tag","embeddable":true,"href":"https:\/\/www.walraven.com\/pl\/wp-json\/wp\/v2\/tags?post=38252"}],"curies":[{"name":"wp","href":"https:\/\/api.w.org\/{rel}","templated":true}]}}