{"id":64831,"date":"2021-03-05T09:00:02","date_gmt":"2021-03-05T08:00:02","guid":{"rendered":"https:\/\/www.walraven.com\/int\/?p=55782"},"modified":"2021-03-05T10:59:44","modified_gmt":"2021-03-05T09:59:44","slug":"walraven-na-targach-ish-2021","status":"publish","type":"post","link":"https:\/\/www.walraven.com\/pl\/o-walraven\/wiadomosci\/walraven-na-targach-ish-2021\/","title":{"rendered":"Walraven na Targach ISH online w dniach 22-26 marca"},"content":{"rendered":"<p><strong><img loading=\"lazy\" decoding=\"async\" class=\"size-medium wp-image-55917 alignright\" src=\"https:\/\/www.walraven.com\/wp-content\/uploads\/sites\/12\/2021\/02\/ISH-600x400-1-300x200.jpg\" alt=\"ISH-600x400\" width=\"300\" height=\"200\" \/>2, Luty, 2021, Mijdrecht, Holandia<br \/>\nWalraven, globalny producent potwierdza sw\u00f3j udzia\u0142 w Targach ISH 2021 i dalsze inwestowanie w rozw\u00f3j skutecznej komunikacji online z Klientem.<\/strong><\/p>\n<p>Niepewno\u015b\u0107 wywo\u0142ana pandemi\u0105 COVID-19 przyspieszy\u0142a procesy zwi\u0105zane z digitalizacj\u0105 naszej firmy. Walraven pragnie wykorzysta\u0107 nowe mo\u017cliwo\u015bci jakie daje kontakt w sieci i w dalszym ci\u0105gu wzmacnia\u0107 relacje z Klientami w \u015brodowisku cyfrowym.<\/p>\n<p><em>\u201cMimo tego, \u017ce bezpo\u015bredni kontakt z Klientem jest dla nas niezwykle wa\u017cny, bezpiecze\u0144stwo naszych pracownik\u00f3w i partner\u00f3w ma dla nas najwi\u0119kszy priorytet.\u00a0 Jednocze\u015bnie zdajemy sobie spraw\u0119, ze cyfryzacja otwiera nowe mo\u017cliwo\u015bci kontaktu z naszymi Klientami. Z tego powodu zdecydowali\u015bmy si\u0119 na udzia\u0142 w Targa ISH w dniach 22-26 marca 2021 roku, aby umocni\u0107 nasz\u0105 pozycj\u0119 na rynku instalacyjnym oraz podzieli\u0107 si\u0119 nasz\u0105 wiedz\u0105 i przedstawi\u0107 nasz\u0105 ofert\u0119 Klientom i Partnerom Walraven&#8221;. <\/em>Uwe Schwenk, Dyrektor Zarz\u0105dzaj\u0105cy Sp\u00f3\u0142k\u0105 Walraven w Niemczech, Austrii, Szwajcarii.<\/p>\n<p>Podczas cyfrowego wydarzenia, Walraven poprowadzi webinar dotycz\u0105cy najpopularniejszych wyzwa\u0144, z jakimi mierzymy si\u0119 podczas projektowania mocowa\u0144 na dachach oraz przedstawi proponowane rozwi\u0105zania. Temat zostanie om\u00f3wiony pocz\u0105wszy od etapu planowania do przedstawienia najcz\u0119stszych praktyk.<\/p>\n<p>Poza Targami ISH, Walraven inwestuje w stworzenie platformy e-learningowej dla Klient\u00f3w poprzez webinary i e-learningi i bada mo\u017cliwo\u015bci wykorzystania wirtualnej rzeczywisto\u015bci.<\/p>\n<p><em>\u201cWidzimy,\u00a0 \u017ce inwestowanie w dzia\u0142ania cyfrowe daje ogromne mo\u017cliwo\u015bci, dlatego to jeden z najwi\u0119kszych obszar\u00f3w zainteresowania w najbli\u017cszych latach. Bezustannie doskonalimy nasze podej\u015bcie i wykorzystujemy zbierane informacje i opinie, co jest bardzo doceniane przez naszych Klient\u00f3w&#8221;.\u00a0 <\/em>\u00a0Johan Gijsman, Dyrektor Marketingu Europa w Walraven.<\/p>\n<h2>O Walraven<\/h2>\n<p>Walraven, globalna firma dzia\u0142aj\u0105ca w bran\u017cy instalacyjnej, zosta\u0142a za\u0142o\u017cona przez pradziadka obecnego CEO firmy, w 1942 roku. Obecnie, ponad 75 lat p\u00f3\u017aniej, jeste\u015bmy globalnie dzia\u0142aj\u0105c\u0105 firm\u0105, wci\u0105\u017c nap\u0119dzan\u0105 ch\u0119ci\u0105 tworzenia prostych i sprytnych system\u00f3w produkt\u00f3w. Pomimo, \u017ce jeste\u015bmy producentem system\u00f3w mocuj\u0105cych, najwa\u017cniejsi dla nas s\u0105 ludzie. Dlatego skupiamy si\u0119 na tworzeniu mi\u0119dzynarodowej firmy z sercem. Kluczem do naszego sukcesu jest my\u015blenie d\u0142ugoterminowe. Przychodzi nam to naturalnie dlatego, \u017ce jeste\u015bmy firm\u0105 rodzinn\u0105, wielopokoleniow\u0105. Z naszymi prostymi, ale sprytnymi rozwi\u0105zaniami, kompleksowymi us\u0142ugami (in\u017cynieri\u0105 projektow\u0105, us\u0142ugami projektowym i obliczeniowymi, wsparciu na miejscu budowy) zapewniamy wyj\u0105tkowe wsparcie profesjonalistom.<\/p>\n<p><strong>Walraven. The value of smart.<\/strong><\/p>\n","protected":false},"excerpt":{"rendered":"<p>2, Luty, 2021, Mijdrecht, Holandia Walraven, globalny producent potwierdza sw\u00f3j udzia\u0142 w Targach ISH 2021 i dalsze inwestowanie w rozw\u00f3j skutecznej komunikacji online z Klientem. Niepewno\u015b\u0107 wywo\u0142ana pandemi\u0105 COVID-19 przyspieszy\u0142a procesy zwi\u0105zane z digitalizacj\u0105 naszej firmy. Walraven pragnie wykorzysta\u0107 nowe mo\u017cliwo\u015bci jakie daje kontakt w sieci i w dalszym ci\u0105gu wzmacnia\u0107 relacje z Klientami w [&hellip;]<\/p>\n","protected":false},"author":43,"featured_media":64832,"comment_status":"open","ping_status":"open","sticky":false,"template":"","format":"standard","meta":{"_acf_changed":false,"footnotes":""},"categories":[1392],"tags":[],"class_list":["post-64831","post","type-post","status-publish","format-standard","has-post-thumbnail","hentry","category-news"],"acf":[],"yoast_head":"<!-- This site is optimized with the Yoast SEO Premium plugin v27.5 (Yoast SEO v27.5) - https:\/\/yoast.com\/product\/yoast-seo-premium-wordpress\/ -->\n<title>Walraven na Targach ISH online w dniach 22-26 marca - Producent Walraven Polska<\/title>\n<meta name=\"robots\" content=\"index, follow, max-snippet:-1, max-image-preview:large, max-video-preview:-1\" \/>\n<link rel=\"canonical\" href=\"https:\/\/www.walraven.com\/pl\/o-walraven\/wiadomosci\/walraven-na-targach-ish-2021\/\" \/>\n<meta property=\"og:locale\" content=\"pl_PL\" \/>\n<meta property=\"og:type\" content=\"article\" \/>\n<meta property=\"og:title\" content=\"Walraven na Targach ISH online w dniach 22-26 marca\" \/>\n<meta property=\"og:description\" content=\"2, Luty, 2021, Mijdrecht, Holandia Walraven, globalny producent potwierdza sw\u00f3j udzia\u0142 w Targach ISH 2021 i dalsze inwestowanie w rozw\u00f3j skutecznej komunikacji online z Klientem. Niepewno\u015b\u0107 wywo\u0142ana pandemi\u0105 COVID-19 przyspieszy\u0142a procesy zwi\u0105zane z digitalizacj\u0105 naszej firmy. Walraven pragnie wykorzysta\u0107 nowe mo\u017cliwo\u015bci jakie daje kontakt w sieci i w dalszym ci\u0105gu wzmacnia\u0107 relacje z Klientami w [&hellip;]\" \/>\n<meta property=\"og:url\" content=\"https:\/\/www.walraven.com\/pl\/o-walraven\/wiadomosci\/walraven-na-targach-ish-2021\/\" \/>\n<meta property=\"og:site_name\" content=\"Producent Walraven Polska\" \/>\n<meta property=\"article:publisher\" content=\"https:\/\/www.facebook.com\/Walraven-PL-134115383938171\/\" \/>\n<meta property=\"article:published_time\" content=\"2021-03-05T08:00:02+00:00\" \/>\n<meta property=\"article:modified_time\" content=\"2021-03-05T09:59:44+00:00\" \/>\n<meta property=\"og:image\" content=\"https:\/\/www.walraven.com\/pl\/wp-content\/uploads\/sites\/8\/2021\/02\/ISH-600x400-1.jpg\" \/>\n\t<meta property=\"og:image:width\" content=\"600\" \/>\n\t<meta property=\"og:image:height\" content=\"400\" \/>\n\t<meta property=\"og:image:type\" content=\"image\/jpeg\" \/>\n<meta name=\"author\" content=\"admin\" \/>\n<meta name=\"twitter:card\" content=\"summary_large_image\" \/>\n<meta name=\"twitter:label1\" content=\"Napisane przez\" \/>\n\t<meta name=\"twitter:data1\" content=\"admin\" \/>\n\t<meta name=\"twitter:label2\" content=\"Szacowany czas czytania\" \/>\n\t<meta name=\"twitter:data2\" content=\"2 minuty\" \/>\n<script type=\"application\/ld+json\" class=\"yoast-schema-graph\">{\"@context\":\"https:\\\/\\\/schema.org\",\"@graph\":[{\"@type\":\"Article\",\"@id\":\"https:\\\/\\\/www.walraven.com\\\/pl\\\/o-walraven\\\/wiadomosci\\\/walraven-na-targach-ish-2021\\\/#article\",\"isPartOf\":{\"@id\":\"https:\\\/\\\/www.walraven.com\\\/pl\\\/o-walraven\\\/wiadomosci\\\/walraven-na-targach-ish-2021\\\/\"},\"author\":{\"name\":\"admin\",\"@id\":\"https:\\\/\\\/www.walraven.com\\\/pl\\\/#\\\/schema\\\/person\\\/2eeb8d5dfe45ac70962a1c6a7a20ed81\"},\"headline\":\"Walraven na Targach ISH online w dniach 22-26 marca\",\"datePublished\":\"2021-03-05T08:00:02+00:00\",\"dateModified\":\"2021-03-05T09:59:44+00:00\",\"mainEntityOfPage\":{\"@id\":\"https:\\\/\\\/www.walraven.com\\\/pl\\\/o-walraven\\\/wiadomosci\\\/walraven-na-targach-ish-2021\\\/\"},\"wordCount\":404,\"commentCount\":0,\"publisher\":{\"@id\":\"https:\\\/\\\/www.walraven.com\\\/pl\\\/#organization\"},\"image\":{\"@id\":\"https:\\\/\\\/www.walraven.com\\\/pl\\\/o-walraven\\\/wiadomosci\\\/walraven-na-targach-ish-2021\\\/#primaryimage\"},\"thumbnailUrl\":\"https:\\\/\\\/www.walraven.com\\\/pl\\\/wp-content\\\/uploads\\\/sites\\\/8\\\/2021\\\/02\\\/ISH-600x400-1.jpg\",\"articleSection\":[\"News\"],\"inLanguage\":\"pl-PL\",\"potentialAction\":[{\"@type\":\"CommentAction\",\"name\":\"Comment\",\"target\":[\"https:\\\/\\\/www.walraven.com\\\/pl\\\/o-walraven\\\/wiadomosci\\\/walraven-na-targach-ish-2021\\\/#respond\"]}]},{\"@type\":\"WebPage\",\"@id\":\"https:\\\/\\\/www.walraven.com\\\/pl\\\/o-walraven\\\/wiadomosci\\\/walraven-na-targach-ish-2021\\\/\",\"url\":\"https:\\\/\\\/www.walraven.com\\\/pl\\\/o-walraven\\\/wiadomosci\\\/walraven-na-targach-ish-2021\\\/\",\"name\":\"Walraven na Targach ISH online w dniach 22-26 marca - Producent Walraven Polska\",\"isPartOf\":{\"@id\":\"https:\\\/\\\/www.walraven.com\\\/pl\\\/#website\"},\"primaryImageOfPage\":{\"@id\":\"https:\\\/\\\/www.walraven.com\\\/pl\\\/o-walraven\\\/wiadomosci\\\/walraven-na-targach-ish-2021\\\/#primaryimage\"},\"image\":{\"@id\":\"https:\\\/\\\/www.walraven.com\\\/pl\\\/o-walraven\\\/wiadomosci\\\/walraven-na-targach-ish-2021\\\/#primaryimage\"},\"thumbnailUrl\":\"https:\\\/\\\/www.walraven.com\\\/pl\\\/wp-content\\\/uploads\\\/sites\\\/8\\\/2021\\\/02\\\/ISH-600x400-1.jpg\",\"datePublished\":\"2021-03-05T08:00:02+00:00\",\"dateModified\":\"2021-03-05T09:59:44+00:00\",\"breadcrumb\":{\"@id\":\"https:\\\/\\\/www.walraven.com\\\/pl\\\/o-walraven\\\/wiadomosci\\\/walraven-na-targach-ish-2021\\\/#breadcrumb\"},\"inLanguage\":\"pl-PL\",\"potentialAction\":[{\"@type\":\"ReadAction\",\"target\":[\"https:\\\/\\\/www.walraven.com\\\/pl\\\/o-walraven\\\/wiadomosci\\\/walraven-na-targach-ish-2021\\\/\"]}]},{\"@type\":\"ImageObject\",\"inLanguage\":\"pl-PL\",\"@id\":\"https:\\\/\\\/www.walraven.com\\\/pl\\\/o-walraven\\\/wiadomosci\\\/walraven-na-targach-ish-2021\\\/#primaryimage\",\"url\":\"https:\\\/\\\/www.walraven.com\\\/pl\\\/wp-content\\\/uploads\\\/sites\\\/8\\\/2021\\\/02\\\/ISH-600x400-1.jpg\",\"contentUrl\":\"https:\\\/\\\/www.walraven.com\\\/pl\\\/wp-content\\\/uploads\\\/sites\\\/8\\\/2021\\\/02\\\/ISH-600x400-1.jpg\",\"width\":600,\"height\":400},{\"@type\":\"BreadcrumbList\",\"@id\":\"https:\\\/\\\/www.walraven.com\\\/pl\\\/o-walraven\\\/wiadomosci\\\/walraven-na-targach-ish-2021\\\/#breadcrumb\",\"itemListElement\":[{\"@type\":\"ListItem\",\"position\":1,\"name\":\"Home\",\"item\":\"https:\\\/\\\/www.walraven.com\\\/pl\\\/\"},{\"@type\":\"ListItem\",\"position\":2,\"name\":\"Walraven na Targach ISH online w dniach 22-26 marca\"}]},{\"@type\":\"WebSite\",\"@id\":\"https:\\\/\\\/www.walraven.com\\\/pl\\\/#website\",\"url\":\"https:\\\/\\\/www.walraven.com\\\/pl\\\/\",\"name\":\"Producent Walraven Polska\",\"description\":\"\",\"publisher\":{\"@id\":\"https:\\\/\\\/www.walraven.com\\\/pl\\\/#organization\"},\"potentialAction\":[{\"@type\":\"SearchAction\",\"target\":{\"@type\":\"EntryPoint\",\"urlTemplate\":\"https:\\\/\\\/www.walraven.com\\\/pl\\\/?s={search_term_string}\"},\"query-input\":{\"@type\":\"PropertyValueSpecification\",\"valueRequired\":true,\"valueName\":\"search_term_string\"}}],\"inLanguage\":\"pl-PL\"},{\"@type\":\"Organization\",\"@id\":\"https:\\\/\\\/www.walraven.com\\\/pl\\\/#organization\",\"name\":\"Walraven Sp. z o.o.\",\"alternateName\":\"Walraven Sp. z o.o.\",\"url\":\"https:\\\/\\\/www.walraven.com\\\/pl\\\/\",\"logo\":{\"@type\":\"ImageObject\",\"inLanguage\":\"pl-PL\",\"@id\":\"https:\\\/\\\/www.walraven.com\\\/pl\\\/#\\\/schema\\\/logo\\\/image\\\/\",\"url\":\"https:\\\/\\\/www.walraven.com\\\/pl\\\/wp-content\\\/uploads\\\/sites\\\/8\\\/2023\\\/12\\\/Walraven_logo300x300.jpg\",\"contentUrl\":\"https:\\\/\\\/www.walraven.com\\\/pl\\\/wp-content\\\/uploads\\\/sites\\\/8\\\/2023\\\/12\\\/Walraven_logo300x300.jpg\",\"width\":300,\"height\":300,\"caption\":\"Walraven Sp. z o.o.\"},\"image\":{\"@id\":\"https:\\\/\\\/www.walraven.com\\\/pl\\\/#\\\/schema\\\/logo\\\/image\\\/\"},\"sameAs\":[\"https:\\\/\\\/www.facebook.com\\\/Walraven-PL-134115383938171\\\/\",\"https:\\\/\\\/www.youtube.com\\\/user\\\/WalravenPLD\",\"https:\\\/\\\/www.linkedin.com\\\/company\\\/7157706\\\/\",\"https:\\\/\\\/www.instagram.com\\\/walraven_pl\\\/\"]},{\"@type\":\"Person\",\"@id\":\"https:\\\/\\\/www.walraven.com\\\/pl\\\/#\\\/schema\\\/person\\\/2eeb8d5dfe45ac70962a1c6a7a20ed81\",\"name\":\"admin\",\"image\":{\"@type\":\"ImageObject\",\"inLanguage\":\"pl-PL\",\"@id\":\"https:\\\/\\\/secure.gravatar.com\\\/avatar\\\/e2d9b6c5cd4fdb035d6e1c6ce864e5c2d4ba484c2fa5a3832d3e30d1fbb22ca3?s=96&d=mm&r=g\",\"url\":\"https:\\\/\\\/secure.gravatar.com\\\/avatar\\\/e2d9b6c5cd4fdb035d6e1c6ce864e5c2d4ba484c2fa5a3832d3e30d1fbb22ca3?s=96&d=mm&r=g\",\"contentUrl\":\"https:\\\/\\\/secure.gravatar.com\\\/avatar\\\/e2d9b6c5cd4fdb035d6e1c6ce864e5c2d4ba484c2fa5a3832d3e30d1fbb22ca3?s=96&d=mm&r=g\",\"caption\":\"admin\"}}]}<\/script>\n<!-- \/ Yoast SEO Premium plugin. -->","yoast_head_json":{"title":"Walraven na Targach ISH online w dniach 22-26 marca - Producent Walraven Polska","robots":{"index":"index","follow":"follow","max-snippet":"max-snippet:-1","max-image-preview":"max-image-preview:large","max-video-preview":"max-video-preview:-1"},"canonical":"https:\/\/www.walraven.com\/pl\/o-walraven\/wiadomosci\/walraven-na-targach-ish-2021\/","og_locale":"pl_PL","og_type":"article","og_title":"Walraven na Targach ISH online w dniach 22-26 marca","og_description":"2, Luty, 2021, Mijdrecht, Holandia Walraven, globalny producent potwierdza sw\u00f3j udzia\u0142 w Targach ISH 2021 i dalsze inwestowanie w rozw\u00f3j skutecznej komunikacji online z Klientem. Niepewno\u015b\u0107 wywo\u0142ana pandemi\u0105 COVID-19 przyspieszy\u0142a procesy zwi\u0105zane z digitalizacj\u0105 naszej firmy. Walraven pragnie wykorzysta\u0107 nowe mo\u017cliwo\u015bci jakie daje kontakt w sieci i w dalszym ci\u0105gu wzmacnia\u0107 relacje z Klientami w [&hellip;]","og_url":"https:\/\/www.walraven.com\/pl\/o-walraven\/wiadomosci\/walraven-na-targach-ish-2021\/","og_site_name":"Producent Walraven Polska","article_publisher":"https:\/\/www.facebook.com\/Walraven-PL-134115383938171\/","article_published_time":"2021-03-05T08:00:02+00:00","article_modified_time":"2021-03-05T09:59:44+00:00","og_image":[{"width":600,"height":400,"url":"https:\/\/www.walraven.com\/pl\/wp-content\/uploads\/sites\/8\/2021\/02\/ISH-600x400-1.jpg","type":"image\/jpeg"}],"author":"admin","twitter_card":"summary_large_image","twitter_misc":{"Napisane przez":"admin","Szacowany czas czytania":"2 minuty"},"schema":{"@context":"https:\/\/schema.org","@graph":[{"@type":"Article","@id":"https:\/\/www.walraven.com\/pl\/o-walraven\/wiadomosci\/walraven-na-targach-ish-2021\/#article","isPartOf":{"@id":"https:\/\/www.walraven.com\/pl\/o-walraven\/wiadomosci\/walraven-na-targach-ish-2021\/"},"author":{"name":"admin","@id":"https:\/\/www.walraven.com\/pl\/#\/schema\/person\/2eeb8d5dfe45ac70962a1c6a7a20ed81"},"headline":"Walraven na Targach ISH online w dniach 22-26 marca","datePublished":"2021-03-05T08:00:02+00:00","dateModified":"2021-03-05T09:59:44+00:00","mainEntityOfPage":{"@id":"https:\/\/www.walraven.com\/pl\/o-walraven\/wiadomosci\/walraven-na-targach-ish-2021\/"},"wordCount":404,"commentCount":0,"publisher":{"@id":"https:\/\/www.walraven.com\/pl\/#organization"},"image":{"@id":"https:\/\/www.walraven.com\/pl\/o-walraven\/wiadomosci\/walraven-na-targach-ish-2021\/#primaryimage"},"thumbnailUrl":"https:\/\/www.walraven.com\/pl\/wp-content\/uploads\/sites\/8\/2021\/02\/ISH-600x400-1.jpg","articleSection":["News"],"inLanguage":"pl-PL","potentialAction":[{"@type":"CommentAction","name":"Comment","target":["https:\/\/www.walraven.com\/pl\/o-walraven\/wiadomosci\/walraven-na-targach-ish-2021\/#respond"]}]},{"@type":"WebPage","@id":"https:\/\/www.walraven.com\/pl\/o-walraven\/wiadomosci\/walraven-na-targach-ish-2021\/","url":"https:\/\/www.walraven.com\/pl\/o-walraven\/wiadomosci\/walraven-na-targach-ish-2021\/","name":"Walraven na Targach ISH online w dniach 22-26 marca - Producent Walraven Polska","isPartOf":{"@id":"https:\/\/www.walraven.com\/pl\/#website"},"primaryImageOfPage":{"@id":"https:\/\/www.walraven.com\/pl\/o-walraven\/wiadomosci\/walraven-na-targach-ish-2021\/#primaryimage"},"image":{"@id":"https:\/\/www.walraven.com\/pl\/o-walraven\/wiadomosci\/walraven-na-targach-ish-2021\/#primaryimage"},"thumbnailUrl":"https:\/\/www.walraven.com\/pl\/wp-content\/uploads\/sites\/8\/2021\/02\/ISH-600x400-1.jpg","datePublished":"2021-03-05T08:00:02+00:00","dateModified":"2021-03-05T09:59:44+00:00","breadcrumb":{"@id":"https:\/\/www.walraven.com\/pl\/o-walraven\/wiadomosci\/walraven-na-targach-ish-2021\/#breadcrumb"},"inLanguage":"pl-PL","potentialAction":[{"@type":"ReadAction","target":["https:\/\/www.walraven.com\/pl\/o-walraven\/wiadomosci\/walraven-na-targach-ish-2021\/"]}]},{"@type":"ImageObject","inLanguage":"pl-PL","@id":"https:\/\/www.walraven.com\/pl\/o-walraven\/wiadomosci\/walraven-na-targach-ish-2021\/#primaryimage","url":"https:\/\/www.walraven.com\/pl\/wp-content\/uploads\/sites\/8\/2021\/02\/ISH-600x400-1.jpg","contentUrl":"https:\/\/www.walraven.com\/pl\/wp-content\/uploads\/sites\/8\/2021\/02\/ISH-600x400-1.jpg","width":600,"height":400},{"@type":"BreadcrumbList","@id":"https:\/\/www.walraven.com\/pl\/o-walraven\/wiadomosci\/walraven-na-targach-ish-2021\/#breadcrumb","itemListElement":[{"@type":"ListItem","position":1,"name":"Home","item":"https:\/\/www.walraven.com\/pl\/"},{"@type":"ListItem","position":2,"name":"Walraven na Targach ISH online w dniach 22-26 marca"}]},{"@type":"WebSite","@id":"https:\/\/www.walraven.com\/pl\/#website","url":"https:\/\/www.walraven.com\/pl\/","name":"Producent Walraven Polska","description":"","publisher":{"@id":"https:\/\/www.walraven.com\/pl\/#organization"},"potentialAction":[{"@type":"SearchAction","target":{"@type":"EntryPoint","urlTemplate":"https:\/\/www.walraven.com\/pl\/?s={search_term_string}"},"query-input":{"@type":"PropertyValueSpecification","valueRequired":true,"valueName":"search_term_string"}}],"inLanguage":"pl-PL"},{"@type":"Organization","@id":"https:\/\/www.walraven.com\/pl\/#organization","name":"Walraven Sp. z o.o.","alternateName":"Walraven Sp. z o.o.","url":"https:\/\/www.walraven.com\/pl\/","logo":{"@type":"ImageObject","inLanguage":"pl-PL","@id":"https:\/\/www.walraven.com\/pl\/#\/schema\/logo\/image\/","url":"https:\/\/www.walraven.com\/pl\/wp-content\/uploads\/sites\/8\/2023\/12\/Walraven_logo300x300.jpg","contentUrl":"https:\/\/www.walraven.com\/pl\/wp-content\/uploads\/sites\/8\/2023\/12\/Walraven_logo300x300.jpg","width":300,"height":300,"caption":"Walraven Sp. z o.o."},"image":{"@id":"https:\/\/www.walraven.com\/pl\/#\/schema\/logo\/image\/"},"sameAs":["https:\/\/www.facebook.com\/Walraven-PL-134115383938171\/","https:\/\/www.youtube.com\/user\/WalravenPLD","https:\/\/www.linkedin.com\/company\/7157706\/","https:\/\/www.instagram.com\/walraven_pl\/"]},{"@type":"Person","@id":"https:\/\/www.walraven.com\/pl\/#\/schema\/person\/2eeb8d5dfe45ac70962a1c6a7a20ed81","name":"admin","image":{"@type":"ImageObject","inLanguage":"pl-PL","@id":"https:\/\/secure.gravatar.com\/avatar\/e2d9b6c5cd4fdb035d6e1c6ce864e5c2d4ba484c2fa5a3832d3e30d1fbb22ca3?s=96&d=mm&r=g","url":"https:\/\/secure.gravatar.com\/avatar\/e2d9b6c5cd4fdb035d6e1c6ce864e5c2d4ba484c2fa5a3832d3e30d1fbb22ca3?s=96&d=mm&r=g","contentUrl":"https:\/\/secure.gravatar.com\/avatar\/e2d9b6c5cd4fdb035d6e1c6ce864e5c2d4ba484c2fa5a3832d3e30d1fbb22ca3?s=96&d=mm&r=g","caption":"admin"}}]}},"_links":{"self":[{"href":"https:\/\/www.walraven.com\/pl\/wp-json\/wp\/v2\/posts\/64831","targetHints":{"allow":["GET"]}}],"collection":[{"href":"https:\/\/www.walraven.com\/pl\/wp-json\/wp\/v2\/posts"}],"about":[{"href":"https:\/\/www.walraven.com\/pl\/wp-json\/wp\/v2\/types\/post"}],"author":[{"embeddable":true,"href":"https:\/\/www.walraven.com\/pl\/wp-json\/wp\/v2\/users\/43"}],"replies":[{"embeddable":true,"href":"https:\/\/www.walraven.com\/pl\/wp-json\/wp\/v2\/comments?post=64831"}],"version-history":[{"count":5,"href":"https:\/\/www.walraven.com\/pl\/wp-json\/wp\/v2\/posts\/64831\/revisions"}],"predecessor-version":[{"id":64891,"href":"https:\/\/www.walraven.com\/pl\/wp-json\/wp\/v2\/posts\/64831\/revisions\/64891"}],"wp:featuredmedia":[{"embeddable":true,"href":"https:\/\/www.walraven.com\/pl\/wp-json\/wp\/v2\/media\/64832"}],"wp:attachment":[{"href":"https:\/\/www.walraven.com\/pl\/wp-json\/wp\/v2\/media?parent=64831"}],"wp:term":[{"taxonomy":"category","embeddable":true,"href":"https:\/\/www.walraven.com\/pl\/wp-json\/wp\/v2\/categories?post=64831"},{"taxonomy":"post_tag","embeddable":true,"href":"https:\/\/www.walraven.com\/pl\/wp-json\/wp\/v2\/tags?post=64831"}],"curies":[{"name":"wp","href":"https:\/\/api.w.org\/{rel}","templated":true}]}}